{"id":17305,"date":"2022-01-10T13:49:56","date_gmt":"2022-01-10T12:49:56","guid":{"rendered":"https:\/\/serveiseducatius.xtec.cat\/pallars\/?p=17305"},"modified":"2022-01-10T13:49:56","modified_gmt":"2022-01-10T12:49:56","slug":"7a-edicio-premi-montse-novell-de-treballs-de-recerca-de-batxillerat","status":"publish","type":"post","link":"https:\/\/serveiseducatius.xtec.cat\/pallars\/general\/7a-edicio-premi-montse-novell-de-treballs-de-recerca-de-batxillerat\/","title":{"rendered":"7a edici\u00f3 Premi &#8220;Montse Novell&#8221; de Treballs de Recerca de Batxillerat"},"content":{"rendered":"<p><img loading=\"lazy\" decoding=\"async\" class=\"size-full wp-image-17308 alignleft\" src=\"https:\/\/serveiseducatius.xtec.cat\/pallars\/wp-content\/uploads\/usu1099\/2022\/01\/treballs-de-recerca-article.png\" alt=\"\" width=\"436\" height=\"227\" srcset=\"https:\/\/serveiseducatius.xtec.cat\/pallars\/wp-content\/uploads\/usu1099\/2022\/01\/treballs-de-recerca-article.png 436w, https:\/\/serveiseducatius.xtec.cat\/pallars\/wp-content\/uploads\/usu1099\/2022\/01\/treballs-de-recerca-article-300x156.png 300w\" sizes=\"auto, (max-width: 436px) 100vw, 436px\" \/>L&#8217;Associaci\u00f3 de Dones Investigadores i Tecnol\u00f2giques a Catalunya convoca el <strong>7\u00e8 Premi &#8220;Montse Novell&#8221; per a Treballs de Recerca de Batxillerat<\/strong>, adre\u00e7at a recon\u00e8ixer el millor treball de recerca en temes que se centrin o b\u00e9 ofereixin dades i comparatives sobre la dona i les seves aportacions a la ci\u00e8ncia i tecnologia.<\/p>\n<p><strong>Adre\u00e7at:<\/strong> alumnat de 2n de Batxillerat matriculat durant el curs 2021-2022, que hagi realitzat un treball de recerca el tema del qual se centri o reflecteixi la participaci\u00f3 de la dona en els \u00e0mbits de la ci\u00e8ncia i la tecnologia. El treball pot incloure biografies, estudis hist\u00f2rics per \u00e8poques o localitzacions geogr\u00e0fiques, temes concrets sobre especialitats, particularitats de la carrera cient\u00edfica i t\u00e8cnica&#8230;, sempre que ressalti o presenti dades sobre el paper de la dona en els \u00e0mbits esmentats.<\/p>\n<p><strong>Requisits:<\/strong> els treballs, individuals o col\u00b7lectius, han de ser in\u00e8dits i no han d&#8217;haver estat premiats anteriorment. Poden estar escrits en catal\u00e0, castell\u00e0 o angl\u00e8s.<\/p>\n<p><strong>Forma de presentaci\u00f3:<\/strong> Els treballs s\u2019hauran de lliurar en un fitxer en format PDF a \u201c<a href=\"mailto:premitr.amit.cat@gmail.com\" target=\"_blank\" rel=\"noopener\">premitr.amit.cat@gmail.com<\/a>\u201d. S\u2019adjuntar\u00e0 al fitxer amb el<a href=\"https:\/\/drive.google.com\/file\/d\/1ABTtcaHSrsMHeVTnMRCERYg1v0V6f-eE\/view?usp=sharing\" target=\"_blank\" rel=\"noopener\" data-saferedirecturl=\"https:\/\/www.google.com\/url?q=https:\/\/drive.google.com\/file\/d\/1ABTtcaHSrsMHeVTnMRCERYg1v0V6f-eE\/view?usp%3Dsharing&amp;source=gmail&amp;ust=1641897484720000&amp;usg=AOvVaw1yjWP8g_thKs-O8zlU5LAv\"> formulari de participaci\u00f3<\/a>.<\/p>\n<p><strong>Termini de lliurament:<\/strong>\u00a0 no m\u00e9s tard el 28 de febrer de 2022. No s&#8217;acceptar\u00e0 cap treball rebut fora d&#8217;aquest termini o que no compleixi els requisits establerts.<\/p>\n<p><strong>Veredicte:<\/strong> el llistat de treballs finalistes es far\u00e0 p\u00fablic a principis del mes de maig de 2022 a <a href=\"http:\/\/www.amit-cat.org\/index.html\" target=\"_blank\" rel=\"noopener\" data-saferedirecturl=\"https:\/\/www.google.com\/url?q=http:\/\/www.amit-cat.org\/index.html&amp;source=gmail&amp;ust=1641897484720000&amp;usg=AOvVaw1TqazsrGSrfTd7Kd1l5zEZ\">www.amit-cat.org\/index.html<\/a>, conjuntament amb la data i el lloc de l&#8217;acte de lliurament de premis en cas que aquest pugui fer-se presencial si la situaci\u00f3 sanit\u00e0ria ho permet. Altrament, l&#8217;acte ser\u00e0 virtual.<\/p>\n<p><strong>M\u00e9s informaci\u00f3:<\/strong><\/p>\n<ul>\n<li><a href=\"https:\/\/drive.google.com\/file\/d\/1jsxlqE-QZb8UReozgPk1MHiZg3M3_cWS\/view?usp=sharing\">D\u00edptic<\/a><\/li>\n<li><a href=\"https:\/\/drive.google.com\/file\/d\/13Fuf-U0jwU2FilgLouC2pxQlemW_ippp\/view?usp=sharing\">Cartell\u00a0<\/a><\/li>\n<li><a href=\"https:\/\/docs.google.com\/document\/d\/1jnFgUehip1IwY9o5z5y5QAPKSTNDZ19yGaMAWSt6JEo\/edit?usp=sharing\">Formulari<\/a><\/li>\n<li>Per m\u00e9s informaci\u00f3 adreceu-vos a: <a href=\"mailto:amit.catalunya@gmail.com\" target=\"_blank\" rel=\"noopener\">amit.catalunya@gmail.com<\/a><\/li>\n<\/ul>\n","protected":false},"excerpt":{"rendered":"<p>L&#8217;Associaci\u00f3 de Dones Investigadores i Tecnol\u00f2giques a Catalunya convoca el 7\u00e8 Premi &#8220;Montse Novell&#8221;<\/p>\n","protected":false},"author":1,"featured_media":17310,"comment_status":"closed","ping_status":"closed","sticky":false,"template":"","format":"standard","meta":{"_bbp_topic_count":0,"_bbp_reply_count":0,"_bbp_total_topic_count":0,"_bbp_total_reply_count":0,"_bbp_voice_count":0,"_bbp_anonymous_reply_count":0,"_bbp_topic_count_hidden":0,"_bbp_reply_count_hidden":0,"_bbp_forum_subforum_count":0,"site-sidebar-layout":"default","site-content-layout":"","ast-site-content-layout":"","site-content-style":"default","site-sidebar-style":"default","ast-global-header-display":"","ast-banner-title-visibility":"","ast-main-header-display":"","ast-hfb-above-header-display":"","ast-hfb-below-header-display":"","ast-hfb-mobile-header-display":"","site-post-title":"","ast-breadcrumbs-content":"","ast-featured-img":"","footer-sml-layout":"","theme-transparent-header-meta":"","adv-header-id-meta":"","stick-header-meta":"","header-above-stick-meta":"","header-main-stick-meta":"","header-below-stick-meta":"","astra-migrate-meta-layouts":"default","ast-page-background-enabled":"default","ast-page-background-meta":{"desktop":{"background-color":"var(--ast-global-color-4)","background-image":"","background-repeat":"repeat","background-position":"center center","background-size":"auto","background-attachment":"scroll","background-type":"","background-media":"","overlay-type":"","overlay-color":"","overlay-opacity":"","overlay-gradient":""},"tablet":{"background-color":"","background-image":"","background-repeat":"repeat","background-position":"center center","background-size":"auto","background-attachment":"scroll","background-type":"","background-media":"","overlay-type":"","overlay-color":"","overlay-opacity":"","overlay-gradient":""},"mobile":{"background-color":"","background-image":"","background-repeat":"repeat","background-position":"center center","background-size":"auto","background-attachment":"scroll","background-type":"","background-media":"","overlay-type":"","overlay-color":"","overlay-opacity":"","overlay-gradient":""}},"ast-content-background-meta":{"desktop":{"background-color":"var(--ast-global-color-5)","background-image":"","background-repeat":"repeat","background-position":"center center","background-size":"auto","background-attachment":"scroll","background-type":"","background-media":"","overlay-type":"","overlay-color":"","overlay-opacity":"","overlay-gradient":""},"tablet":{"background-color":"var(--ast-global-color-5)","background-image":"","background-repeat":"repeat","background-position":"center center","background-size":"auto","background-attachment":"scroll","background-type":"","background-media":"","overlay-type":"","overlay-color":"","overlay-opacity":"","overlay-gradient":""},"mobile":{"background-color":"var(--ast-global-color-5)","background-image":"","background-repeat":"repeat","background-position":"center center","background-size":"auto","background-attachment":"scroll","background-type":"","background-media":"","overlay-type":"","overlay-color":"","overlay-opacity":"","overlay-gradient":""}},"footnotes":""},"categories":[1],"tags":[],"class_list":["post-17305","post","type-post","status-publish","format-standard","has-post-thumbnail","hentry","category-general"],"post_mailing_queue_ids":[],"_links":{"self":[{"href":"https:\/\/serveiseducatius.xtec.cat\/pallars\/wp-json\/wp\/v2\/posts\/17305","targetHints":{"allow":["GET"]}}],"collection":[{"href":"https:\/\/serveiseducatius.xtec.cat\/pallars\/wp-json\/wp\/v2\/posts"}],"about":[{"href":"https:\/\/serveiseducatius.xtec.cat\/pallars\/wp-json\/wp\/v2\/types\/post"}],"author":[{"embeddable":true,"href":"https:\/\/serveiseducatius.xtec.cat\/pallars\/wp-json\/wp\/v2\/users\/1"}],"replies":[{"embeddable":true,"href":"https:\/\/serveiseducatius.xtec.cat\/pallars\/wp-json\/wp\/v2\/comments?post=17305"}],"version-history":[{"count":3,"href":"https:\/\/serveiseducatius.xtec.cat\/pallars\/wp-json\/wp\/v2\/posts\/17305\/revisions"}],"predecessor-version":[{"id":17312,"href":"https:\/\/serveiseducatius.xtec.cat\/pallars\/wp-json\/wp\/v2\/posts\/17305\/revisions\/17312"}],"wp:featuredmedia":[{"embeddable":true,"href":"https:\/\/serveiseducatius.xtec.cat\/pallars\/wp-json\/wp\/v2\/media\/17310"}],"wp:attachment":[{"href":"https:\/\/serveiseducatius.xtec.cat\/pallars\/wp-json\/wp\/v2\/media?parent=17305"}],"wp:term":[{"taxonomy":"category","embeddable":true,"href":"https:\/\/serveiseducatius.xtec.cat\/pallars\/wp-json\/wp\/v2\/categories?post=17305"},{"taxonomy":"post_tag","embeddable":true,"href":"https:\/\/serveiseducatius.xtec.cat\/pallars\/wp-json\/wp\/v2\/tags?post=17305"}],"curies":[{"name":"wp","href":"https:\/\/api.w.org\/{rel}","templated":true}]}}