{"id":15672,"date":"2021-04-12T12:16:27","date_gmt":"2021-04-12T10:16:27","guid":{"rendered":"http:\/\/serveiseducatius.xtec.cat\/pallars\/?p=15672"},"modified":"2021-04-12T12:17:13","modified_gmt":"2021-04-12T10:17:13","slug":"cantata-audiovisual-llegenda-sant-jordi-en-igualtat-de-genere","status":"publish","type":"post","link":"https:\/\/serveiseducatius.xtec.cat\/pallars\/general\/cantata-audiovisual-llegenda-sant-jordi-en-igualtat-de-genere\/","title":{"rendered":"Cantata audiovisual Llegenda Sant Jordi en igualtat de g\u00e8nere"},"content":{"rendered":"<p><strong><a href=\"https:\/\/serveiseducatius.xtec.cat\/pallars\/wp-content\/uploads\/usu1099\/2021\/04\/Cantata-audiovisual-St-Jordi.jpg\"><img loading=\"lazy\" decoding=\"async\" class=\"wp-image-15675 alignright\" src=\"https:\/\/serveiseducatius.xtec.cat\/pallars\/wp-content\/uploads\/usu1099\/2021\/04\/Cantata-audiovisual-St-Jordi.jpg\" alt=\"\" width=\"405\" height=\"405\" srcset=\"https:\/\/serveiseducatius.xtec.cat\/pallars\/wp-content\/uploads\/usu1099\/2021\/04\/Cantata-audiovisual-St-Jordi.jpg 500w, https:\/\/serveiseducatius.xtec.cat\/pallars\/wp-content\/uploads\/usu1099\/2021\/04\/Cantata-audiovisual-St-Jordi-150x150.jpg 150w, https:\/\/serveiseducatius.xtec.cat\/pallars\/wp-content\/uploads\/usu1099\/2021\/04\/Cantata-audiovisual-St-Jordi-300x300.jpg 300w\" sizes=\"auto, (max-width: 405px) 100vw, 405px\" \/><\/a>La Factoria Bram<\/strong> i la <strong>Setmana Medieval de Montblanc<\/strong> us conviden, del 12 al 23 d\u2019abril,\u00a0 a seguir en l\u00ednia, \u2018La Cantata de la Llegenda de la Princesa i \u00a0Sant Jordi\u2018 vista a trav\u00e9s dels ulls d\u2019una princesa que no vol que ning\u00fa la salvi i que reivindica poder ser ella mateixa.<\/p>\n<p><strong>Per fer-ho, han elaborat 6 episodis<\/strong> d\u2019uns <strong>4 minuts de durada<\/strong> cadascun, els quals <strong>es publicaran al <\/strong><a href=\"https:\/\/www.youtube.com\/channel\/UCXkZZrDdydsrVrPWesNc2eA\/playlists\"><strong>canal de Youtube de la Factoria Bram<\/strong><\/a> <strong>a les 8 del mat\u00ed <\/strong>dels dies <strong>12, 14, 16, 19, 21, 23 d\u2019abril<\/strong>. A cada cap\u00edtol s\u2019explica una part d\u2019aquesta hist\u00f2ria a partir del text teatral de la cantata original, per despr\u00e9s donar pas a cadascuna de les 6 can\u00e7ons que conformen l\u2019obra.<\/p>\n<p>En aquesta cantata hi podem trobar <strong>Sant Jordi i la Princesa anant junts a trobar el drac<\/strong>, <strong>dones i homes soldat<\/strong>, una princesa que vol decidir per ella mateixa i altres elements que <strong>trenquen els estereotips de g\u00e8nere<\/strong>. \u00c9s la <strong>llegenda de Sant Jordi del segle XXI<\/strong>, en format audiovisual i explicada a ritme de pop-rock amb les veus dels cantautors <strong>Joan Reig i Maria Jacobs<\/strong>.<\/p>\n<p><strong>El 8 de Mar\u00e7 d\u2019aquest 2021<\/strong>, ja es va publicar una de les 6 can\u00e7ons, \u2018<a href=\"https:\/\/youtu.be\/IfnuL_EcScs\"><strong>Jo soc m\u00e9s que una princesa\u2019<\/strong><\/a><strong> , <\/strong>\u00a0la m\u00e9s reivindicativa.<\/p>\n<p style=\"font-weight: 400;\">Aquesta\u00a0cantata\u00a0audiovisual, s\u2019estrenar\u00e0 el 12 d&#8217;abril des del\u00a0<a href=\"https:\/\/www.youtube.com\/channel\/UCXkZZrDdydsrVrPWesNc2eA\/featured\" data-saferedirecturl=\"https:\/\/www.google.com\/url?q=https:\/\/www.youtube.com\/channel\/UCXkZZrDdydsrVrPWesNc2eA\/featured&amp;source=gmail&amp;ust=1618250581045000&amp;usg=AFQjCNEcFbOGc90cbEYj7AZtrdlPQ6iWjw\">Canal Youtube Factoria Bram<\/a><u>.<\/u><\/p>\n<p><strong>Enlla\u00e7 de l\u2019estrena:<\/strong> [ <a href=\"https:\/\/bit.ly\/3rspLK1\">https:\/\/bit.ly\/3rspLK1<\/a> ]<\/p>\n<p style=\"font-weight: 400;\">Trobareu m\u00e9s informaci\u00f3 a la <a href=\"https:\/\/drive.google.com\/file\/d\/1lgGWECBiZVEoB_97FNMzLbMXKD3eVubu\/view?usp=sharing\">nota de premsa<\/a> i <a href=\"https:\/\/drive.google.com\/file\/d\/1ek90dcxSFRZzIaABkRKBM_hyyiKXKL3V\/view?usp=sharing\">aqu\u00ed<\/a>.<\/p>\n","protected":false},"excerpt":{"rendered":"<p>La Factoria Bram i la Setmana Medieval de Montblanc us conviden, del 12 al 23 d\u2019abril,\u00a0 <\/p>\n","protected":false},"author":1,"featured_media":15676,"comment_status":"closed","ping_status":"closed","sticky":false,"template":"","format":"standard","meta":{"_bbp_topic_count":0,"_bbp_reply_count":0,"_bbp_total_topic_count":0,"_bbp_total_reply_count":0,"_bbp_voice_count":0,"_bbp_anonymous_reply_count":0,"_bbp_topic_count_hidden":0,"_bbp_reply_count_hidden":0,"_bbp_forum_subforum_count":0,"site-sidebar-layout":"default","site-content-layout":"","ast-site-content-layout":"","site-content-style":"default","site-sidebar-style":"default","ast-global-header-display":"","ast-banner-title-visibility":"","ast-main-header-display":"","ast-hfb-above-header-display":"","ast-hfb-below-header-display":"","ast-hfb-mobile-header-display":"","site-post-title":"","ast-breadcrumbs-content":"","ast-featured-img":"","footer-sml-layout":"","theme-transparent-header-meta":"","adv-header-id-meta":"","stick-header-meta":"","header-above-stick-meta":"","header-main-stick-meta":"","header-below-stick-meta":"","astra-migrate-meta-layouts":"default","ast-page-background-enabled":"default","ast-page-background-meta":{"desktop":{"background-color":"var(--ast-global-color-4)","background-image":"","background-repeat":"repeat","background-position":"center center","background-size":"auto","background-attachment":"scroll","background-type":"","background-media":"","overlay-type":"","overlay-color":"","overlay-opacity":"","overlay-gradient":""},"tablet":{"background-color":"","background-image":"","background-repeat":"repeat","background-position":"center center","background-size":"auto","background-attachment":"scroll","background-type":"","background-media":"","overlay-type":"","overlay-color":"","overlay-opacity":"","overlay-gradient":""},"mobile":{"background-color":"","background-image":"","background-repeat":"repeat","background-position":"center center","background-size":"auto","background-attachment":"scroll","background-type":"","background-media":"","overlay-type":"","overlay-color":"","overlay-opacity":"","overlay-gradient":""}},"ast-content-background-meta":{"desktop":{"background-color":"var(--ast-global-color-5)","background-image":"","background-repeat":"repeat","background-position":"center center","background-size":"auto","background-attachment":"scroll","background-type":"","background-media":"","overlay-type":"","overlay-color":"","overlay-opacity":"","overlay-gradient":""},"tablet":{"background-color":"var(--ast-global-color-5)","background-image":"","background-repeat":"repeat","background-position":"center center","background-size":"auto","background-attachment":"scroll","background-type":"","background-media":"","overlay-type":"","overlay-color":"","overlay-opacity":"","overlay-gradient":""},"mobile":{"background-color":"var(--ast-global-color-5)","background-image":"","background-repeat":"repeat","background-position":"center center","background-size":"auto","background-attachment":"scroll","background-type":"","background-media":"","overlay-type":"","overlay-color":"","overlay-opacity":"","overlay-gradient":""}},"footnotes":""},"categories":[1,29],"tags":[],"class_list":["post-15672","post","type-post","status-publish","format-standard","has-post-thumbnail","hentry","category-general","category-portada"],"post_mailing_queue_ids":[],"_links":{"self":[{"href":"https:\/\/serveiseducatius.xtec.cat\/pallars\/wp-json\/wp\/v2\/posts\/15672","targetHints":{"allow":["GET"]}}],"collection":[{"href":"https:\/\/serveiseducatius.xtec.cat\/pallars\/wp-json\/wp\/v2\/posts"}],"about":[{"href":"https:\/\/serveiseducatius.xtec.cat\/pallars\/wp-json\/wp\/v2\/types\/post"}],"author":[{"embeddable":true,"href":"https:\/\/serveiseducatius.xtec.cat\/pallars\/wp-json\/wp\/v2\/users\/1"}],"replies":[{"embeddable":true,"href":"https:\/\/serveiseducatius.xtec.cat\/pallars\/wp-json\/wp\/v2\/comments?post=15672"}],"version-history":[{"count":3,"href":"https:\/\/serveiseducatius.xtec.cat\/pallars\/wp-json\/wp\/v2\/posts\/15672\/revisions"}],"predecessor-version":[{"id":15679,"href":"https:\/\/serveiseducatius.xtec.cat\/pallars\/wp-json\/wp\/v2\/posts\/15672\/revisions\/15679"}],"wp:featuredmedia":[{"embeddable":true,"href":"https:\/\/serveiseducatius.xtec.cat\/pallars\/wp-json\/wp\/v2\/media\/15676"}],"wp:attachment":[{"href":"https:\/\/serveiseducatius.xtec.cat\/pallars\/wp-json\/wp\/v2\/media?parent=15672"}],"wp:term":[{"taxonomy":"category","embeddable":true,"href":"https:\/\/serveiseducatius.xtec.cat\/pallars\/wp-json\/wp\/v2\/categories?post=15672"},{"taxonomy":"post_tag","embeddable":true,"href":"https:\/\/serveiseducatius.xtec.cat\/pallars\/wp-json\/wp\/v2\/tags?post=15672"}],"curies":[{"name":"wp","href":"https:\/\/api.w.org\/{rel}","templated":true}]}}