{"id":13909,"date":"2020-09-02T13:40:06","date_gmt":"2020-09-02T11:40:06","guid":{"rendered":"http:\/\/serveiseducatius.xtec.cat\/pallars\/?p=13909"},"modified":"2020-09-03T11:47:52","modified_gmt":"2020-09-03T09:47:52","slug":"videoconferencia-avui-ja-es-dema-comencar-el-curs-des-de-la-cura-i-la-reflexio-critica","status":"publish","type":"post","link":"https:\/\/serveiseducatius.xtec.cat\/pallars\/portada\/videoconferencia-avui-ja-es-dema-comencar-el-curs-des-de-la-cura-i-la-reflexio-critica\/","title":{"rendered":"Videoconfer\u00e8ncia:\u00a0Avui ja \u00e9s dem\u00e0: comen\u00e7ar el curs des de la cura i la reflexi\u00f3 cr\u00edtica. Servei Educatiu del Segri\u00e0"},"content":{"rendered":"<div class=\"field field-name-body field-type-text-with-summary field-label-hidden\">\n<div class=\"field-items\">\n<div class=\"field-item even\">\n<p><img loading=\"lazy\" decoding=\"async\" class=\"alignleft\" src=\"http:\/\/www.sesegria.cat\/sites\/default\/files\/idea.JPG\" alt=\"\" width=\"272\" height=\"295\" \/>El Servei Educatiu del Segri\u00e0 organitza una videoconfer\u00e8ncia\u00a0 dins el marc de les Propostes Pedag\u00f2giques per iniciar el curs des de la cura i la reflexi\u00f3 cr\u00edtica i introdueix als itineraris formatius.<\/p>\n<p class=\"rtejustify\"><strong>A c\u00e0rrec de<\/strong>: Fernando Hern\u00e1ndez Hern\u00e1ndez. \u00a0Catedr\u00e0tic de la Facultat de Belles Arts de la Universitat de Barcelona. Especialista en processos d&#8217;innovaci\u00f3 i canvi. Formador de professorat de totes les etapes educatives i assessor de centres educatius.<\/p>\n<p class=\"rtejustify\"><strong>Data<\/strong>: Dijous, 3 de setembre de 2020<\/p>\n<p class=\"rtejustify\"><strong>Horari:<\/strong> De 17.30 a 19 h<\/p>\n<p class=\"rtejustify\">Enlla\u00e7 d&#8217;acc\u00e9s a la plataforma MEET de la Videoconfer\u00e8ncia:\u00a0<a href=\"https:\/\/meet.google.com\/trr-cfxi-meh\" target=\"_blank\" rel=\"nofollow noopener noreferrer\">https:\/\/meet.google.com\/trr-cfxi-meh<\/a><\/p>\n<p class=\"rtejustify\"><a href=\"https:\/\/aplicacions.gestioeducativa.gencat.cat\/pls\/soloas\/pk_for_mod_ins.p_for_pre_cons_activitats?p_any=2020-2021&amp;p_codi=6090001609\" target=\"_blank\" rel=\"nofollow noopener noreferrer\">Acc\u00e9s a la inscripci\u00f3<\/a><\/p>\n<p class=\"rtejustify\"><strong>M\u00e9s informaci\u00f3:<\/strong><\/p>\n<p class=\"rtejustify\">Itineraris formatius: <a href=\"http:\/\/www.sesegria.cat\/propostes-pedag%C3%B2giques-iniciar-el-curs-des-de-la-cura-i-la-reflexi%C3%B3-cr%C3%ADtica\" target=\"_blank\" rel=\"nofollow noopener noreferrer\">Propostes formatives per a iniciar el curs des de la cura i la reflexi\u00f3 cr\u00edtica<\/a><\/p>\n<\/div>\n<\/div>\n<\/div>\n","protected":false},"excerpt":{"rendered":"<p>El Servei Educatiu del Segri\u00e0 organitza una videoconfer\u00e8ncia\u00a0 dins el marc de les Propostes Pedag\u00f2giques per iniciar el curs des de la cura i la reflexi\u00f3 cr\u00edtica i introdueix als itineraris formatius.<\/p>\n","protected":false},"author":1,"featured_media":13911,"comment_status":"closed","ping_status":"closed","sticky":false,"template":"","format":"standard","meta":{"_bbp_topic_count":0,"_bbp_reply_count":0,"_bbp_total_topic_count":0,"_bbp_total_reply_count":0,"_bbp_voice_count":0,"_bbp_anonymous_reply_count":0,"_bbp_topic_count_hidden":0,"_bbp_reply_count_hidden":0,"_bbp_forum_subforum_count":0,"site-sidebar-layout":"default","site-content-layout":"","ast-site-content-layout":"","site-content-style":"default","site-sidebar-style":"default","ast-global-header-display":"","ast-banner-title-visibility":"","ast-main-header-display":"","ast-hfb-above-header-display":"","ast-hfb-below-header-display":"","ast-hfb-mobile-header-display":"","site-post-title":"","ast-breadcrumbs-content":"","ast-featured-img":"","footer-sml-layout":"","theme-transparent-header-meta":"","adv-header-id-meta":"","stick-header-meta":"","header-above-stick-meta":"","header-main-stick-meta":"","header-below-stick-meta":"","astra-migrate-meta-layouts":"default","ast-page-background-enabled":"default","ast-page-background-meta":{"desktop":{"background-color":"var(--ast-global-color-4)","background-image":"","background-repeat":"repeat","background-position":"center center","background-size":"auto","background-attachment":"scroll","background-type":"","background-media":"","overlay-type":"","overlay-color":"","overlay-opacity":"","overlay-gradient":""},"tablet":{"background-color":"","background-image":"","background-repeat":"repeat","background-position":"center center","background-size":"auto","background-attachment":"scroll","background-type":"","background-media":"","overlay-type":"","overlay-color":"","overlay-opacity":"","overlay-gradient":""},"mobile":{"background-color":"","background-image":"","background-repeat":"repeat","background-position":"center center","background-size":"auto","background-attachment":"scroll","background-type":"","background-media":"","overlay-type":"","overlay-color":"","overlay-opacity":"","overlay-gradient":""}},"ast-content-background-meta":{"desktop":{"background-color":"var(--ast-global-color-5)","background-image":"","background-repeat":"repeat","background-position":"center center","background-size":"auto","background-attachment":"scroll","background-type":"","background-media":"","overlay-type":"","overlay-color":"","overlay-opacity":"","overlay-gradient":""},"tablet":{"background-color":"var(--ast-global-color-5)","background-image":"","background-repeat":"repeat","background-position":"center center","background-size":"auto","background-attachment":"scroll","background-type":"","background-media":"","overlay-type":"","overlay-color":"","overlay-opacity":"","overlay-gradient":""},"mobile":{"background-color":"var(--ast-global-color-5)","background-image":"","background-repeat":"repeat","background-position":"center center","background-size":"auto","background-attachment":"scroll","background-type":"","background-media":"","overlay-type":"","overlay-color":"","overlay-opacity":"","overlay-gradient":""}},"footnotes":""},"categories":[29],"tags":[],"class_list":["post-13909","post","type-post","status-publish","format-standard","has-post-thumbnail","hentry","category-portada"],"post_mailing_queue_ids":[],"_links":{"self":[{"href":"https:\/\/serveiseducatius.xtec.cat\/pallars\/wp-json\/wp\/v2\/posts\/13909","targetHints":{"allow":["GET"]}}],"collection":[{"href":"https:\/\/serveiseducatius.xtec.cat\/pallars\/wp-json\/wp\/v2\/posts"}],"about":[{"href":"https:\/\/serveiseducatius.xtec.cat\/pallars\/wp-json\/wp\/v2\/types\/post"}],"author":[{"embeddable":true,"href":"https:\/\/serveiseducatius.xtec.cat\/pallars\/wp-json\/wp\/v2\/users\/1"}],"replies":[{"embeddable":true,"href":"https:\/\/serveiseducatius.xtec.cat\/pallars\/wp-json\/wp\/v2\/comments?post=13909"}],"version-history":[{"count":2,"href":"https:\/\/serveiseducatius.xtec.cat\/pallars\/wp-json\/wp\/v2\/posts\/13909\/revisions"}],"predecessor-version":[{"id":13925,"href":"https:\/\/serveiseducatius.xtec.cat\/pallars\/wp-json\/wp\/v2\/posts\/13909\/revisions\/13925"}],"wp:featuredmedia":[{"embeddable":true,"href":"https:\/\/serveiseducatius.xtec.cat\/pallars\/wp-json\/wp\/v2\/media\/13911"}],"wp:attachment":[{"href":"https:\/\/serveiseducatius.xtec.cat\/pallars\/wp-json\/wp\/v2\/media?parent=13909"}],"wp:term":[{"taxonomy":"category","embeddable":true,"href":"https:\/\/serveiseducatius.xtec.cat\/pallars\/wp-json\/wp\/v2\/categories?post=13909"},{"taxonomy":"post_tag","embeddable":true,"href":"https:\/\/serveiseducatius.xtec.cat\/pallars\/wp-json\/wp\/v2\/tags?post=13909"}],"curies":[{"name":"wp","href":"https:\/\/api.w.org\/{rel}","templated":true}]}}