{"id":11832,"date":"2019-12-05T13:59:51","date_gmt":"2019-12-05T12:59:51","guid":{"rendered":"http:\/\/serveiseducatius.xtec.cat\/pallars\/?p=11832"},"modified":"2019-12-05T14:04:49","modified_gmt":"2019-12-05T13:04:49","slug":"el-moment-mes-felic-de-la-meva-vida-ins-la-pobla-de-segur","status":"publish","type":"post","link":"https:\/\/serveiseducatius.xtec.cat\/pallars\/servei-comunitari\/el-moment-mes-felic-de-la-meva-vida-ins-la-pobla-de-segur\/","title":{"rendered":"El moment m\u00e9s feli\u00e7 de la meva vida. INS La Pobla de Segur"},"content":{"rendered":"<p>Els alumnes de 1r i 2n d&#8217;ESO de l&#8217;INS la Pobla de Segur porten a terme un projecte a l&#8217;hora de tutoria anomenat &#8220;<em><strong> El moment m\u00e9s feli\u00e7 de la meva vida<\/strong><\/em>&#8220;.<a href=\"https:\/\/serveiseducatius.xtec.cat\/pallars\/wp-content\/uploads\/usu1099\/2019\/10\/happy-3959412_960_720.jpg\"><img loading=\"lazy\" decoding=\"async\" class=\"wp-image-11992 alignright\" src=\"https:\/\/serveiseducatius.xtec.cat\/pallars\/wp-content\/uploads\/usu1099\/2019\/10\/happy-3959412_960_720.jpg\" alt=\"\" width=\"409\" height=\"292\" srcset=\"https:\/\/serveiseducatius.xtec.cat\/pallars\/wp-content\/uploads\/usu1099\/2019\/10\/happy-3959412_960_720.jpg 960w, https:\/\/serveiseducatius.xtec.cat\/pallars\/wp-content\/uploads\/usu1099\/2019\/10\/happy-3959412_960_720-300x214.jpg 300w, https:\/\/serveiseducatius.xtec.cat\/pallars\/wp-content\/uploads\/usu1099\/2019\/10\/happy-3959412_960_720-768x548.jpg 768w\" sizes=\"auto, (max-width: 409px) 100vw, 409px\" \/><\/a><\/p>\n<p>Aquest projecte consisteix en\u00a0 establir una relaci\u00f3 epistolar amb els avis del <strong>Centre Geri\u00e0tric del Pirineu<\/strong> i a la <strong>Resid\u00e8ncia Nostra Senyora de Ribera. <\/strong>En el primer contacte via carta els pregunten als avis quin \u00e9s el moment m\u00e9s feli\u00e7 de la seva vida, un cop els han contestat els alumnes de primer cicle d&#8217;ESO els hi fan un dibuix on es\u00a0 reflexa aquest moment.<\/p>\n<p>Al final del projecte els alumnes han pogut conversa i compartir un esmorzar amb els seus apadrinats, a m\u00e9s a m\u00e9s, els alumnes han obsequiat a cadasc\u00fa dels avis amb el dibuix del\u00a0 seu moment m\u00e9s feli\u00e7.<\/p>\n","protected":false},"excerpt":{"rendered":"<p>Els alumnes de 1r i 2n d&#8217;ESO de l&#8217;INS la Pobla de Segur porten a terme un projecte a l&#8217;hora de tutoria anomenat &#8221; El moment m\u00e9s feli\u00e7 de la meva vida&#8221;.<\/p>\n","protected":false},"author":1,"featured_media":11992,"comment_status":"closed","ping_status":"closed","sticky":false,"template":"","format":"standard","meta":{"_bbp_topic_count":0,"_bbp_reply_count":0,"_bbp_total_topic_count":0,"_bbp_total_reply_count":0,"_bbp_voice_count":0,"_bbp_anonymous_reply_count":0,"_bbp_topic_count_hidden":0,"_bbp_reply_count_hidden":0,"_bbp_forum_subforum_count":0,"site-sidebar-layout":"default","site-content-layout":"","ast-site-content-layout":"","site-content-style":"default","site-sidebar-style":"default","ast-global-header-display":"","ast-banner-title-visibility":"","ast-main-header-display":"","ast-hfb-above-header-display":"","ast-hfb-below-header-display":"","ast-hfb-mobile-header-display":"","site-post-title":"","ast-breadcrumbs-content":"","ast-featured-img":"","footer-sml-layout":"","theme-transparent-header-meta":"","adv-header-id-meta":"","stick-header-meta":"","header-above-stick-meta":"","header-main-stick-meta":"","header-below-stick-meta":"","astra-migrate-meta-layouts":"default","ast-page-background-enabled":"default","ast-page-background-meta":{"desktop":{"background-color":"var(--ast-global-color-4)","background-image":"","background-repeat":"repeat","background-position":"center center","background-size":"auto","background-attachment":"scroll","background-type":"","background-media":"","overlay-type":"","overlay-color":"","overlay-opacity":"","overlay-gradient":""},"tablet":{"background-color":"","background-image":"","background-repeat":"repeat","background-position":"center center","background-size":"auto","background-attachment":"scroll","background-type":"","background-media":"","overlay-type":"","overlay-color":"","overlay-opacity":"","overlay-gradient":""},"mobile":{"background-color":"","background-image":"","background-repeat":"repeat","background-position":"center center","background-size":"auto","background-attachment":"scroll","background-type":"","background-media":"","overlay-type":"","overlay-color":"","overlay-opacity":"","overlay-gradient":""}},"ast-content-background-meta":{"desktop":{"background-color":"var(--ast-global-color-5)","background-image":"","background-repeat":"repeat","background-position":"center center","background-size":"auto","background-attachment":"scroll","background-type":"","background-media":"","overlay-type":"","overlay-color":"","overlay-opacity":"","overlay-gradient":""},"tablet":{"background-color":"var(--ast-global-color-5)","background-image":"","background-repeat":"repeat","background-position":"center center","background-size":"auto","background-attachment":"scroll","background-type":"","background-media":"","overlay-type":"","overlay-color":"","overlay-opacity":"","overlay-gradient":""},"mobile":{"background-color":"var(--ast-global-color-5)","background-image":"","background-repeat":"repeat","background-position":"center center","background-size":"auto","background-attachment":"scroll","background-type":"","background-media":"","overlay-type":"","overlay-color":"","overlay-opacity":"","overlay-gradient":""}},"footnotes":""},"categories":[77],"tags":[],"class_list":["post-11832","post","type-post","status-publish","format-standard","has-post-thumbnail","hentry","category-servei-comunitari"],"post_mailing_queue_ids":[],"_links":{"self":[{"href":"https:\/\/serveiseducatius.xtec.cat\/pallars\/wp-json\/wp\/v2\/posts\/11832","targetHints":{"allow":["GET"]}}],"collection":[{"href":"https:\/\/serveiseducatius.xtec.cat\/pallars\/wp-json\/wp\/v2\/posts"}],"about":[{"href":"https:\/\/serveiseducatius.xtec.cat\/pallars\/wp-json\/wp\/v2\/types\/post"}],"author":[{"embeddable":true,"href":"https:\/\/serveiseducatius.xtec.cat\/pallars\/wp-json\/wp\/v2\/users\/1"}],"replies":[{"embeddable":true,"href":"https:\/\/serveiseducatius.xtec.cat\/pallars\/wp-json\/wp\/v2\/comments?post=11832"}],"version-history":[{"count":3,"href":"https:\/\/serveiseducatius.xtec.cat\/pallars\/wp-json\/wp\/v2\/posts\/11832\/revisions"}],"predecessor-version":[{"id":11994,"href":"https:\/\/serveiseducatius.xtec.cat\/pallars\/wp-json\/wp\/v2\/posts\/11832\/revisions\/11994"}],"wp:featuredmedia":[{"embeddable":true,"href":"https:\/\/serveiseducatius.xtec.cat\/pallars\/wp-json\/wp\/v2\/media\/11992"}],"wp:attachment":[{"href":"https:\/\/serveiseducatius.xtec.cat\/pallars\/wp-json\/wp\/v2\/media?parent=11832"}],"wp:term":[{"taxonomy":"category","embeddable":true,"href":"https:\/\/serveiseducatius.xtec.cat\/pallars\/wp-json\/wp\/v2\/categories?post=11832"},{"taxonomy":"post_tag","embeddable":true,"href":"https:\/\/serveiseducatius.xtec.cat\/pallars\/wp-json\/wp\/v2\/tags?post=11832"}],"curies":[{"name":"wp","href":"https:\/\/api.w.org\/{rel}","templated":true}]}}