{"id":10073,"date":"2018-09-13T17:12:28","date_gmt":"2018-09-13T15:12:28","guid":{"rendered":"http:\/\/serveiseducatius.xtec.cat\/pallars\/?p=10073"},"modified":"2018-12-11T18:37:03","modified_gmt":"2018-12-11T17:37:03","slug":"conferencia-els-deficits-daprenentatge-i-els-trastorns-datencio-associats-a-lentorn-emocional-social-i-familiar","status":"publish","type":"post","link":"https:\/\/serveiseducatius.xtec.cat\/pallars\/general\/conferencia-els-deficits-daprenentatge-i-els-trastorns-datencio-associats-a-lentorn-emocional-social-i-familiar\/","title":{"rendered":"Confer\u00e8ncia: Els d\u00e8ficits d&#8217;aprenentatge i els trastorns d&#8217;atenci\u00f3 associats a l&#8217;entorn emocional, social i familiar."},"content":{"rendered":"<p style=\"text-align: justify;\"><a href=\"http:\/\/serveiseducatius.xtec.cat\/pallars\/wp-content\/uploads\/usu1099\/2018\/09\/pencil-918449_960_720.jpg\"><img loading=\"lazy\" decoding=\"async\" class=\"wp-image-10025 alignleft\" src=\"http:\/\/serveiseducatius.xtec.cat\/pallars\/wp-content\/uploads\/usu1099\/2018\/09\/pencil-918449_960_720.jpg\" alt=\"\" width=\"347\" height=\"231\" \/><\/a><\/p>\n<p style=\"text-align: justify;\"><strong>A C\u00c0RREC:<\/strong><br \/>\n<span style=\"color: #000000;\"><strong>Sr. Xavier Termens,<\/strong><\/span> psic\u00f2leg educatiu especialitzat en transtorns de l&#8217;aprenentatge i atenci\u00f3 i Cap professional de l&#8217;Institut Thusia a Israel.<br \/>\n<span style=\"color: #000000;\"><strong>Dra. Iris Shavit Shdema<\/strong>,<\/span> psicopedagoga especialitzada en alumnat amb trastorns d&#8217;aprenentatge i formadora d&#8217;equips pedag\u00f2gics a cicles formatius superiors i escoles p\u00fabliques a Israel.<br \/>\n<strong>DATA I HORA:<\/strong> El 27 de setembre de 2018 a les 17:30 h.<br \/>\n<strong>LLOC:<\/strong>\u00a0Sala de Formaci\u00f3 CRP Pallars Juss\u00e0.<br \/>\n<strong>INSCRIPCI\u00d3:<\/strong> crp-pallarsjussa<span class=\"atwho-query\">@xtec.cat<\/span><\/p>\n","protected":false},"excerpt":{"rendered":"<p>Sr. Xavier Termens, psic\u00f2leg educatiu  de l&#8217;Institut Thusia a Israel.<br \/>\nDra. Iris Shavit Shdema, psicopedagoga especialitzada en alumnat amb trastorns d&#8217;aprenentatge <\/p>\n","protected":false},"author":1,"featured_media":10025,"comment_status":"closed","ping_status":"closed","sticky":false,"template":"","format":"standard","meta":{"_bbp_topic_count":0,"_bbp_reply_count":0,"_bbp_total_topic_count":0,"_bbp_total_reply_count":0,"_bbp_voice_count":0,"_bbp_anonymous_reply_count":0,"_bbp_topic_count_hidden":0,"_bbp_reply_count_hidden":0,"_bbp_forum_subforum_count":0,"site-sidebar-layout":"default","site-content-layout":"","ast-site-content-layout":"","site-content-style":"default","site-sidebar-style":"default","ast-global-header-display":"","ast-banner-title-visibility":"","ast-main-header-display":"","ast-hfb-above-header-display":"","ast-hfb-below-header-display":"","ast-hfb-mobile-header-display":"","site-post-title":"","ast-breadcrumbs-content":"","ast-featured-img":"","footer-sml-layout":"","theme-transparent-header-meta":"","adv-header-id-meta":"","stick-header-meta":"","header-above-stick-meta":"","header-main-stick-meta":"","header-below-stick-meta":"","astra-migrate-meta-layouts":"default","ast-page-background-enabled":"default","ast-page-background-meta":{"desktop":{"background-color":"var(--ast-global-color-4)","background-image":"","background-repeat":"repeat","background-position":"center center","background-size":"auto","background-attachment":"scroll","background-type":"","background-media":"","overlay-type":"","overlay-color":"","overlay-opacity":"","overlay-gradient":""},"tablet":{"background-color":"","background-image":"","background-repeat":"repeat","background-position":"center center","background-size":"auto","background-attachment":"scroll","background-type":"","background-media":"","overlay-type":"","overlay-color":"","overlay-opacity":"","overlay-gradient":""},"mobile":{"background-color":"","background-image":"","background-repeat":"repeat","background-position":"center center","background-size":"auto","background-attachment":"scroll","background-type":"","background-media":"","overlay-type":"","overlay-color":"","overlay-opacity":"","overlay-gradient":""}},"ast-content-background-meta":{"desktop":{"background-color":"var(--ast-global-color-5)","background-image":"","background-repeat":"repeat","background-position":"center center","background-size":"auto","background-attachment":"scroll","background-type":"","background-media":"","overlay-type":"","overlay-color":"","overlay-opacity":"","overlay-gradient":""},"tablet":{"background-color":"var(--ast-global-color-5)","background-image":"","background-repeat":"repeat","background-position":"center center","background-size":"auto","background-attachment":"scroll","background-type":"","background-media":"","overlay-type":"","overlay-color":"","overlay-opacity":"","overlay-gradient":""},"mobile":{"background-color":"var(--ast-global-color-5)","background-image":"","background-repeat":"repeat","background-position":"center center","background-size":"auto","background-attachment":"scroll","background-type":"","background-media":"","overlay-type":"","overlay-color":"","overlay-opacity":"","overlay-gradient":""}},"footnotes":""},"categories":[1,29],"tags":[],"class_list":["post-10073","post","type-post","status-publish","format-standard","has-post-thumbnail","hentry","category-general","category-portada"],"post_mailing_queue_ids":[],"_links":{"self":[{"href":"https:\/\/serveiseducatius.xtec.cat\/pallars\/wp-json\/wp\/v2\/posts\/10073","targetHints":{"allow":["GET"]}}],"collection":[{"href":"https:\/\/serveiseducatius.xtec.cat\/pallars\/wp-json\/wp\/v2\/posts"}],"about":[{"href":"https:\/\/serveiseducatius.xtec.cat\/pallars\/wp-json\/wp\/v2\/types\/post"}],"author":[{"embeddable":true,"href":"https:\/\/serveiseducatius.xtec.cat\/pallars\/wp-json\/wp\/v2\/users\/1"}],"replies":[{"embeddable":true,"href":"https:\/\/serveiseducatius.xtec.cat\/pallars\/wp-json\/wp\/v2\/comments?post=10073"}],"version-history":[{"count":3,"href":"https:\/\/serveiseducatius.xtec.cat\/pallars\/wp-json\/wp\/v2\/posts\/10073\/revisions"}],"predecessor-version":[{"id":10086,"href":"https:\/\/serveiseducatius.xtec.cat\/pallars\/wp-json\/wp\/v2\/posts\/10073\/revisions\/10086"}],"wp:featuredmedia":[{"embeddable":true,"href":"https:\/\/serveiseducatius.xtec.cat\/pallars\/wp-json\/wp\/v2\/media\/10025"}],"wp:attachment":[{"href":"https:\/\/serveiseducatius.xtec.cat\/pallars\/wp-json\/wp\/v2\/media?parent=10073"}],"wp:term":[{"taxonomy":"category","embeddable":true,"href":"https:\/\/serveiseducatius.xtec.cat\/pallars\/wp-json\/wp\/v2\/categories?post=10073"},{"taxonomy":"post_tag","embeddable":true,"href":"https:\/\/serveiseducatius.xtec.cat\/pallars\/wp-json\/wp\/v2\/tags?post=10073"}],"curies":[{"name":"wp","href":"https:\/\/api.w.org\/{rel}","templated":true}]}}