{"id":402,"count":6,"description":"<em><strong><a href=\"https:\/\/serveiseducatius.xtec.cat\/pallars\/wp-content\/uploads\/usu1099\/2021\/01\/coeducat-1.png\"><img class=\"wp-image-14733 alignright\" src=\"https:\/\/serveiseducatius.xtec.cat\/pallars\/wp-content\/uploads\/usu1099\/2021\/01\/coeducat-1.png\" alt=\"\" width=\"228\" height=\"174\" \/><\/a>C<\/strong><\/em><em><strong>oeduca't<\/strong><\/em> \u00e9s un programa que vol orientar els centres educatius en aspectes b\u00e0sics de coeducaci\u00f3, perspectiva de g\u00e8nere i sexualitat. S'adre\u00e7a a tot l'alumnat d'educaci\u00f3 infantil, prim\u00e0ria i secund\u00e0ria obligat\u00f2ria, als seus docents i a les fam\u00edlies, perqu\u00e8 de manera conjunta, amb criteris, materials i formaci\u00f3, es pugui aconseguir que els nois i les noies tinguin una vida afectiva i sexual basada en la igualtat de g\u00e8nere i els drets humans per contribuir a la formaci\u00f3 d'un model integral de persona, sense estereotips.\r\n\r\nEl programa promou i t\u00e9 com a <strong>objectiu<\/strong>:\r\n<ul>\r\n \t<li style=\"list-style-type: none;\">\r\n<ul>\r\n \t<li>Un sistema educatiu equitatiu, inclusiu i lliure d'estereotips sexistes<\/li>\r\n \t<li>Prevenir les viol\u00e8ncies d'origen masclista i sexista<\/li>\r\n \t<li>Avan\u00e7ar en l'educaci\u00f3 afectivosexual.<\/li>\r\n<\/ul>\r\n<\/li>\r\n<\/ul>\r\n<table class=\" alignleft\" style=\"height: 279px; width: 101.793%; border-style: none;\">\r\n<tbody>\r\n<tr style=\"height: 35px;\">\r\n<td style=\"width: 44.2872%; height: 24px; border-style: none;\"><span style=\"color: #ba1c1c;\"><strong><span style=\"font-size: 20px;\">Maletes de Coeducaci\u00f3 SE dels Pallars<\/span><\/strong><\/span>\r\n<a href=\"https:\/\/serveiseducatius.xtec.cat\/pallars\/wp-content\/uploads\/usu1099\/2020\/03\/linea.png\"><img class=\"alignnone size-full wp-image-12599\" src=\"https:\/\/serveiseducatius.xtec.cat\/pallars\/wp-content\/uploads\/usu1099\/2020\/03\/linea.png\" alt=\"\" width=\"290\" height=\"2\" \/><\/a><\/td>\r\n<td style=\"width: 45.9663%; height: 24px; border-style: none;\"><span style=\"color: #ba1c1c;\"><strong><span style=\"font-size: 20px;\">Blog programa Coeduca't Departament d'Educaci\u00f3<\/span><\/strong><\/span>\r\n<a href=\"https:\/\/serveiseducatius.xtec.cat\/pallars\/wp-content\/uploads\/usu1099\/2020\/03\/linea.png\"><img class=\"alignnone size-full wp-image-12599\" src=\"https:\/\/serveiseducatius.xtec.cat\/pallars\/wp-content\/uploads\/usu1099\/2020\/03\/linea.png\" alt=\"\" width=\"290\" height=\"2\" \/><\/a><\/td>\r\n<\/tr>\r\n<tr style=\"height: 156px;\">\r\n<td style=\"width: 44.2872%; height: 156px; border-style: none;\"><a href=\"https:\/\/serveiseducatius.xtec.cat\/pallars\/wp-content\/uploads\/usu1099\/2020\/11\/maletes-coeducaci\u00f3-i-emocions.png\"><img class=\" wp-image-14125 aligncenter\" src=\"https:\/\/serveiseducatius.xtec.cat\/pallars\/wp-content\/uploads\/usu1099\/2020\/11\/maletes-coeducaci\u00f3-i-emocions.png\" alt=\"\" width=\"273\" height=\"150\" \/><\/a><\/td>\r\n<td style=\"width: 45.9663%; height: 156px; border-style: none;\"><a href=\"https:\/\/serveiseducatius.xtec.cat\/pallars\/wp-content\/uploads\/usu1099\/2021\/01\/coeducat-formaci\u00f3.png\"><img class=\" wp-image-14521 aligncenter\" src=\"https:\/\/serveiseducatius.xtec.cat\/pallars\/wp-content\/uploads\/usu1099\/2021\/01\/coeducat-formaci\u00f3.png\" alt=\"\" width=\"246\" height=\"135\" \/><\/a><\/td>\r\n<\/tr>\r\n<tr style=\"height: 33px;\">\r\n<td style=\"text-align: center; width: 44.2872%; height: 33px; border-style: none;\"><strong>Educaci\u00f3 infantil, prim\u00e0ria i ESO<\/strong><\/td>\r\n<td style=\"width: 45.9663%; text-align: center; height: 33px; border-style: none;\"><strong>Educaci\u00f3 infantil, prim\u00e0ria i ESO i professorat\u00a0<\/strong><\/td>\r\n<\/tr>\r\n<tr style=\"height: 33px;\">\r\n<td style=\"width: 44.2872%; height: 33px; border-style: none; text-align: left;\"><a href=\"https:\/\/serveiseducatius.xtec.cat\/pallars\/recursos\/maletes-pedagogiques\/emocions-i-coeducacio\/\"><strong>M\u00e9s informaci\u00f3<\/strong><\/a><\/td>\r\n<td style=\"width: 45.9663%; height: 33px; border-style: none; text-align: left;\"><a href=\"https:\/\/blocs.xtec.cat\/coeducacioiigualtat\/\"><strong>M\u00e9s informaci\u00f3<\/strong><\/a><\/td>\r\n<\/tr>\r\n<\/tbody>\r\n<\/table>\r\n<p style=\"text-align: center;\"><\/p>","link":"https:\/\/serveiseducatius.xtec.cat\/pallars\/categoria\/coeducat\/","name":"Coeduca't","slug":"coeducat","taxonomy":"category","parent":0,"meta":[],"_links":{"self":[{"href":"https:\/\/serveiseducatius.xtec.cat\/pallars\/wp-json\/wp\/v2\/categories\/402","targetHints":{"allow":["GET"]}}],"collection":[{"href":"https:\/\/serveiseducatius.xtec.cat\/pallars\/wp-json\/wp\/v2\/categories"}],"about":[{"href":"https:\/\/serveiseducatius.xtec.cat\/pallars\/wp-json\/wp\/v2\/taxonomies\/category"}],"wp:post_type":[{"href":"https:\/\/serveiseducatius.xtec.cat\/pallars\/wp-json\/wp\/v2\/posts?categories=402"}],"curies":[{"name":"wp","href":"https:\/\/api.w.org\/{rel}","templated":true}]}}