{"id":9752,"date":"2020-06-25T00:23:28","date_gmt":"2020-06-24T22:23:28","guid":{"rendered":"http:\/\/serveiseducatius.xtec.cat\/osona\/?p=9752"},"modified":"2020-06-25T00:39:19","modified_gmt":"2020-06-24T22:39:19","slug":"art-i-escola-09-ficcio","status":"publish","type":"post","link":"https:\/\/serveiseducatius.xtec.cat\/osona\/general\/art-i-escola-09-ficcio\/","title":{"rendered":"Exposici\u00f3 Art i Escola 09 &#8211; FICCI\u00d3"},"content":{"rendered":"<p><img loading=\"lazy\" decoding=\"async\" class=\"size-full wp-image-9753 alignright\" src=\"https:\/\/serveiseducatius.xtec.cat\/osona\/wp-content\/uploads\/usu1175\/2020\/06\/ficcio.png\" alt=\"\" width=\"297\" height=\"222\" srcset=\"https:\/\/serveiseducatius.xtec.cat\/osona\/wp-content\/uploads\/usu1175\/2020\/06\/ficcio.png 297w, https:\/\/serveiseducatius.xtec.cat\/osona\/wp-content\/uploads\/usu1175\/2020\/06\/ficcio-200x150.png 200w\" sizes=\"auto, (max-width: 297px) 100vw, 297px\" \/><\/p>\n<h3>Exposici\u00f3\u00a0virtual\u00a0a partir dels projectes realitzats en el marc de la<strong>\u00a0novena edici\u00f3 d\u2019Art i Escola<\/strong><\/h3>\n<p><strong>35 centres educatius \/ 35 projectes \/ 3.226 alumnes<\/strong><\/p>\n<p><strong>\u00a0 <a href=\"https:\/\/www.acvic.org\/ca\/projectes-expositius\/3134-exposici%C3%B3-art-escola-ficci%C3%B3\">EXPOSICI\u00d3\u00a0<\/a><\/strong><\/p>\n<p><a href=\"https:\/\/www.artiescola.cat\/ca\/projectes\/ficci%C3%B3-2019-2020\"><strong>\u00a0 WEB ART I ESCOLA<\/strong><\/a><\/p>\n<p><a href=\"https:\/\/www.acvic.org\/ca\/projectes-educatius\/3107-c%C3%A0psules-art-i-pedagogia\"><strong>\u00a0C\u00c0PSULES ART + PEDAGOGIA<\/strong><\/a><\/p>\n<p><strong>Equip del projecte Art i Escola &#8211; Ficci\u00f3:<\/strong><\/p>\n<p><strong>ACVIC. Centre d\u2019Arts Contempor\u00e0nies<\/strong>. Coordinaci\u00f3 del programa i assessoraments: Carles Arum\u00ed, Bruna Dinar\u00e8s, Ton Granero, Maite Palomo i Elisabet Wenceslao.<br \/>\n<strong>Centre de Recursos Pedag\u00f2gics d\u2019Osona<\/strong>. (Coordinaci\u00f3 del programa, formaci\u00f3) Imma Verdaguer, David Segal\u00e9s i Llu\u00eds Tom\u00e0s.<br \/>\n<strong>Escola d\u2019Art de Vic.<\/strong>\u00a0Mari\u00e0 Dinar\u00e8s i Txelo Guti\u00e9rrez.<br \/>\n<strong>Escola d\u2019Arts Pl\u00e0stiques de Torell\u00f3.<\/strong>\u00a0Al\u00edcia Casades\u00fas.<br \/>\n<strong>H. Associaci\u00f3 per a les Arts Contempor\u00e0nies<\/strong>. Jordi Lafon, Juan Carlos Moreno i Quique Gim\u00e9nez.<br \/>\n<strong>Katakrak.<\/strong>\u00a0Sandra Sard\u00e0.<br \/>\n<strong>PAKDART.<\/strong>\u00a0Paquita Clot i Teresa Font.<br \/>\n<strong>Taller Isa Basset<\/strong>. Isa Basset.<br \/>\n<strong>UVIC-UCC &#8211; Facultat d\u2019Educaci\u00f3, Departament de did\u00e0ctica de les arts i les ci\u00e8ncies<\/strong>. Assumpta Cirera-Tuti, Montsita Rierola, Laia Sol\u00e9, Arnau Vernis i Clara Pascual.<br \/>\n<strong>Professionals a t\u00edtol individual:<\/strong>\u00a0Neus Larred, David Oliva i Sol Roca.<\/p>\n","protected":false},"excerpt":{"rendered":"<p>Exposici\u00f3\u00a0virtual\u00a0a partir dels projectes realitzats en el marc de la\u00a0novena edici\u00f3 d\u2019Art i Escola 35 centres educatius \/ 35 projectes [&hellip;]<\/p>\n","protected":false},"author":1,"featured_media":9753,"comment_status":"closed","ping_status":"closed","sticky":false,"template":"","format":"standard","meta":{"_bbp_topic_count":0,"_bbp_reply_count":0,"_bbp_total_topic_count":0,"_bbp_total_reply_count":0,"_bbp_voice_count":0,"_bbp_anonymous_reply_count":0,"_bbp_topic_count_hidden":0,"_bbp_reply_count_hidden":0,"_bbp_forum_subforum_count":0,"site-sidebar-layout":"default","site-content-layout":"","ast-site-content-layout":"","site-content-style":"default","site-sidebar-style":"default","ast-global-header-display":"","ast-banner-title-visibility":"","ast-main-header-display":"","ast-hfb-above-header-display":"","ast-hfb-below-header-display":"","ast-hfb-mobile-header-display":"","site-post-title":"","ast-breadcrumbs-content":"","ast-featured-img":"","footer-sml-layout":"","theme-transparent-header-meta":"","adv-header-id-meta":"","stick-header-meta":"","header-above-stick-meta":"","header-main-stick-meta":"","header-below-stick-meta":"","astra-migrate-meta-layouts":"default","ast-page-background-enabled":"default","ast-page-background-meta":{"desktop":{"background-color":"var(--ast-global-color-4)","background-image":"","background-repeat":"repeat","background-position":"center center","background-size":"auto","background-attachment":"scroll","background-type":"","background-media":"","overlay-type":"","overlay-color":"","overlay-opacity":"","overlay-gradient":""},"tablet":{"background-color":"","background-image":"","background-repeat":"repeat","background-position":"center center","background-size":"auto","background-attachment":"scroll","background-type":"","background-media":"","overlay-type":"","overlay-color":"","overlay-opacity":"","overlay-gradient":""},"mobile":{"background-color":"","background-image":"","background-repeat":"repeat","background-position":"center center","background-size":"auto","background-attachment":"scroll","background-type":"","background-media":"","overlay-type":"","overlay-color":"","overlay-opacity":"","overlay-gradient":""}},"ast-content-background-meta":{"desktop":{"background-color":"var(--ast-global-color-5)","background-image":"","background-repeat":"repeat","background-position":"center center","background-size":"auto","background-attachment":"scroll","background-type":"","background-media":"","overlay-type":"","overlay-color":"","overlay-opacity":"","overlay-gradient":""},"tablet":{"background-color":"var(--ast-global-color-5)","background-image":"","background-repeat":"repeat","background-position":"center center","background-size":"auto","background-attachment":"scroll","background-type":"","background-media":"","overlay-type":"","overlay-color":"","overlay-opacity":"","overlay-gradient":""},"mobile":{"background-color":"var(--ast-global-color-5)","background-image":"","background-repeat":"repeat","background-position":"center center","background-size":"auto","background-attachment":"scroll","background-type":"","background-media":"","overlay-type":"","overlay-color":"","overlay-opacity":"","overlay-gradient":""}},"footnotes":""},"categories":[65,66,154,1,29,76],"tags":[415,395,318,432,430,226,412],"class_list":["post-9752","post","type-post","status-publish","format-standard","has-post-thumbnail","hentry","category-crp","category-dinamitzacio","category-formacio","category-general","category-portada","category-recursos","tag-emocions","tag-art","tag-art-i-escola","tag-creativitat","tag-dinamitzacio","tag-formacio","tag-recursos"],"post_mailing_queue_ids":[],"_links":{"self":[{"href":"https:\/\/serveiseducatius.xtec.cat\/osona\/wp-json\/wp\/v2\/posts\/9752","targetHints":{"allow":["GET"]}}],"collection":[{"href":"https:\/\/serveiseducatius.xtec.cat\/osona\/wp-json\/wp\/v2\/posts"}],"about":[{"href":"https:\/\/serveiseducatius.xtec.cat\/osona\/wp-json\/wp\/v2\/types\/post"}],"author":[{"embeddable":true,"href":"https:\/\/serveiseducatius.xtec.cat\/osona\/wp-json\/wp\/v2\/users\/1"}],"replies":[{"embeddable":true,"href":"https:\/\/serveiseducatius.xtec.cat\/osona\/wp-json\/wp\/v2\/comments?post=9752"}],"version-history":[{"count":3,"href":"https:\/\/serveiseducatius.xtec.cat\/osona\/wp-json\/wp\/v2\/posts\/9752\/revisions"}],"predecessor-version":[{"id":9759,"href":"https:\/\/serveiseducatius.xtec.cat\/osona\/wp-json\/wp\/v2\/posts\/9752\/revisions\/9759"}],"wp:featuredmedia":[{"embeddable":true,"href":"https:\/\/serveiseducatius.xtec.cat\/osona\/wp-json\/wp\/v2\/media\/9753"}],"wp:attachment":[{"href":"https:\/\/serveiseducatius.xtec.cat\/osona\/wp-json\/wp\/v2\/media?parent=9752"}],"wp:term":[{"taxonomy":"category","embeddable":true,"href":"https:\/\/serveiseducatius.xtec.cat\/osona\/wp-json\/wp\/v2\/categories?post=9752"},{"taxonomy":"post_tag","embeddable":true,"href":"https:\/\/serveiseducatius.xtec.cat\/osona\/wp-json\/wp\/v2\/tags?post=9752"}],"curies":[{"name":"wp","href":"https:\/\/api.w.org\/{rel}","templated":true}]}}