{"id":9390,"date":"2020-02-17T14:33:01","date_gmt":"2020-02-17T13:33:01","guid":{"rendered":"http:\/\/serveiseducatius.xtec.cat\/osona\/?p=9390"},"modified":"2020-02-17T14:33:01","modified_gmt":"2020-02-17T13:33:01","slug":"congres-catala-deducacio-primaria-reus-tarragona-2020","status":"publish","type":"post","link":"https:\/\/serveiseducatius.xtec.cat\/osona\/general\/congres-catala-deducacio-primaria-reus-tarragona-2020\/","title":{"rendered":"Congr\u00e9s Catal\u00e0 d&#8217;Educaci\u00f3 Prim\u00e0ria &#8211; Reus-Tarragona 2020"},"content":{"rendered":"<p><a href=\"https:\/\/serveiseducatius.xtec.cat\/osona\/wp-content\/uploads\/usu1175\/2020\/02\/capc\u0327alera-congr\u00e9s-matem\u00e0tiques.png\"><img loading=\"lazy\" decoding=\"async\" class=\"alignnone size-full wp-image-9391\" src=\"https:\/\/serveiseducatius.xtec.cat\/osona\/wp-content\/uploads\/usu1175\/2020\/02\/capc\u0327alera-congr\u00e9s-matem\u00e0tiques.png\" alt=\"\" width=\"800\" height=\"202\" srcset=\"https:\/\/serveiseducatius.xtec.cat\/osona\/wp-content\/uploads\/usu1175\/2020\/02\/capc\u0327alera-congr\u00e9s-matem\u00e0tiques.png 800w, https:\/\/serveiseducatius.xtec.cat\/osona\/wp-content\/uploads\/usu1175\/2020\/02\/capc\u0327alera-congr\u00e9s-matem\u00e0tiques-300x76.png 300w, https:\/\/serveiseducatius.xtec.cat\/osona\/wp-content\/uploads\/usu1175\/2020\/02\/capc\u0327alera-congr\u00e9s-matem\u00e0tiques-768x194.png 768w\" sizes=\"auto, (max-width: 800px) 100vw, 800px\" \/><\/a><\/p>\n<div>Us informem del proper<b>\u00a0<a href=\"https:\/\/c2em.feemcat.org\/\" target=\"_blank\" rel=\"noopener noreferrer\">Congr\u00e9s Catal\u00e0 d\u2019Educaci\u00f3 Matem\u00e0tica<\/a>,\u00a0<\/b>adre\u00e7at a\u00a0mestres i professors interessats en l\u2019educaci\u00f3 matem\u00e0tica de tots els nivells educatius des de la llar d\u2019infants fins a la universitat.<\/div>\n<div><\/div>\n<div>Es celebrar\u00e0 a\u00a0<b>Reus<\/b>\u00a0\u2013\u00a0<b>Tarragona del 7 al 9 de juliol de 2020<\/b>. El lema d\u2019aquesta edici\u00f3 \u00e9s:\u00a0\u00a0\u201c<b>Compromesos amb l\u2019educaci\u00f3 Matem\u00e0tica. Compartim per aprendre\u201d<\/b>.<\/div>\n<div><\/div>\n<div><\/div>\n<div>En aquest\u00a0<a href=\"http:\/\/www.ub.edu\/ubtv\/video\/reportatge-del-congres-catala-deducacio-matematica-c2em-2016\" target=\"_blank\" rel=\"noopener noreferrer\" data-saferedirecturl=\"https:\/\/www.google.com\/url?q=http:\/\/www.ub.edu\/ubtv\/video\/reportatge-del-congres-catala-deducacio-matematica-c2em-2016&amp;source=gmail&amp;ust=1581153584906000&amp;usg=AFQjCNEEe1IUm4u0SDLHlrbInfO2ji5sVw\">enlla\u00e7<\/a>\u00a0trobareu un petit reportatge d\u2019imatges del congr\u00e9s anterior, celebrat el Juliol de 2016 a la Universitat de Barcelona.<\/div>\n<div><\/div>\n<div>Aquesta edici\u00f3\u00a0<b>s\u2019inaugurar\u00e0<\/b>\u00a0al<i>\u00a0Teatre Fortuny de Reus<\/i>\u00a0i la\u00a0<b>cloenda<\/b>\u00a0ser\u00e0 a la\u00a0<i>Sala August del Palau de Congressos de Tarragona<\/i>.<\/div>\n<div>Les comunicacions, debats, presentacions i tallers es realitzaran<b>\u00a0al Campus Catalunya de la URV.<\/b><\/div>\n<div><\/div>\n<div>Ja podeu consultar el primer anunci\u00a0<a href=\"http:\/\/c2em.feemcat.org\/wp-content\/uploads\/2019\/11\/10_Primer_anunci_c2em_2020_rectif-2.pdf\" target=\"_blank\" rel=\"noopener noreferrer\" data-saferedirecturl=\"https:\/\/www.google.com\/url?q=http:\/\/c2em.feemcat.org\/wp-content\/uploads\/2019\/11\/10_Primer_anunci_c2em_2020_rectif-2.pdf&amp;source=gmail&amp;ust=1581153584906000&amp;usg=AFQjCNGReodwZI4YFAM0NJXkm4p-86PnnA\">aqu\u00ed<\/a>\u00a0. Hi trobareu informaci\u00f3 sobre\u00a0 objectius, estructura, dates importants\u2026<\/div>\n<div><\/div>\n<div>Els\u00a0<b>assistents poden participar activament<\/b>\u00a0presentant Comunicacions, Tallers i Presentacions 2020. Ja estan publicades\u00a0aquestes modalitats, tot donant indicacions dels requisits i del procediment per presentar-ne les propostes en aquest\u00a0<a href=\"https:\/\/c2em.feemcat.org\/modalitats-de-presentacio-activa-al-congres\/\" target=\"_blank\" rel=\"noopener noreferrer\" data-saferedirecturl=\"https:\/\/www.google.com\/url?q=https:\/\/c2em.feemcat.org\/modalitats-de-presentacio-activa-al-congres\/&amp;source=gmail&amp;ust=1581153584906000&amp;usg=AFQjCNGS7H73aQszb-eurewXM-npfnAdJg\">enlla\u00e7<\/a>\u00a0i ja es poden enviar i<b>\u00a0fins a l\u20191 de mar\u00e7 de 2020.<\/b><\/div>\n<div><b>\u00a0<\/b><\/div>\n<div>Us convidem\u00a0 a que presenteu alguna experi\u00e8ncia o a que animeu els vostres companys a que la presentin.\u00a0\u00a0La inscripci\u00f3 al\u00a0C2EM\u00a0es pot fer trav\u00e9s de la p\u00e0gina web del congr\u00e9s.<\/div>\n<div><\/div>\n<div>Trobareu tota la informaci\u00f3 actualitzada a\u00a0<a href=\"https:\/\/c2em.feemcat.org\/\" target=\"_blank\" rel=\"noopener noreferrer\" data-saferedirecturl=\"https:\/\/www.google.com\/url?q=https:\/\/c2em.feemcat.org\/&amp;source=gmail&amp;ust=1581153584906000&amp;usg=AFQjCNEUkQSr71VJ713ZwrPKb8nueX8yrw\">https:\/\/c2em.feemcat.org\/<\/a>\u00a0i\u00a0<wbr \/><span class=\"atwho-query\">@c2em2020<\/span><\/div>\n<div><\/div>\n","protected":false},"excerpt":{"rendered":"<p>Us informem del proper\u00a0Congr\u00e9s Catal\u00e0 d\u2019Educaci\u00f3 Matem\u00e0tica,\u00a0adre\u00e7at a\u00a0mestres i professors interessats en l\u2019educaci\u00f3 matem\u00e0tica de tots els nivells educatius des de la llar d\u2019infants fins a la universitat.Es celebrar\u00e0 a\u00a0Reus\u00a0\u2013\u00a0Tarragona del 7 al 9 de juliol de 2020. El lema d\u2019aquesta edici\u00f3 \u00e9s:\u00a0\u00a0\u201cCompromesos amb l\u2019educaci\u00f3 Matem\u00e0tica. Compartim per aprendre\u201d.\u00a0En aquest\u00a0enlla\u00e7\u00a0trobareu un petit reportatge d\u2019imatges del congr\u00e9s anterior, celebrat el Juliol de 2016 a la Universitat de Barcelona.<\/p>\n","protected":false},"author":1,"featured_media":9391,"comment_status":"closed","ping_status":"closed","sticky":false,"template":"","format":"standard","meta":{"_bbp_topic_count":0,"_bbp_reply_count":0,"_bbp_total_topic_count":0,"_bbp_total_reply_count":0,"_bbp_voice_count":0,"_bbp_anonymous_reply_count":0,"_bbp_topic_count_hidden":0,"_bbp_reply_count_hidden":0,"_bbp_forum_subforum_count":0,"site-sidebar-layout":"default","site-content-layout":"","ast-site-content-layout":"","site-content-style":"default","site-sidebar-style":"default","ast-global-header-display":"","ast-banner-title-visibility":"","ast-main-header-display":"","ast-hfb-above-header-display":"","ast-hfb-below-header-display":"","ast-hfb-mobile-header-display":"","site-post-title":"","ast-breadcrumbs-content":"","ast-featured-img":"","footer-sml-layout":"","theme-transparent-header-meta":"","adv-header-id-meta":"","stick-header-meta":"","header-above-stick-meta":"","header-main-stick-meta":"","header-below-stick-meta":"","astra-migrate-meta-layouts":"default","ast-page-background-enabled":"default","ast-page-background-meta":{"desktop":{"background-color":"var(--ast-global-color-4)","background-image":"","background-repeat":"repeat","background-position":"center center","background-size":"auto","background-attachment":"scroll","background-type":"","background-media":"","overlay-type":"","overlay-color":"","overlay-opacity":"","overlay-gradient":""},"tablet":{"background-color":"","background-image":"","background-repeat":"repeat","background-position":"center center","background-size":"auto","background-attachment":"scroll","background-type":"","background-media":"","overlay-type":"","overlay-color":"","overlay-opacity":"","overlay-gradient":""},"mobile":{"background-color":"","background-image":"","background-repeat":"repeat","background-position":"center center","background-size":"auto","background-attachment":"scroll","background-type":"","background-media":"","overlay-type":"","overlay-color":"","overlay-opacity":"","overlay-gradient":""}},"ast-content-background-meta":{"desktop":{"background-color":"var(--ast-global-color-5)","background-image":"","background-repeat":"repeat","background-position":"center center","background-size":"auto","background-attachment":"scroll","background-type":"","background-media":"","overlay-type":"","overlay-color":"","overlay-opacity":"","overlay-gradient":""},"tablet":{"background-color":"var(--ast-global-color-5)","background-image":"","background-repeat":"repeat","background-position":"center center","background-size":"auto","background-attachment":"scroll","background-type":"","background-media":"","overlay-type":"","overlay-color":"","overlay-opacity":"","overlay-gradient":""},"mobile":{"background-color":"var(--ast-global-color-5)","background-image":"","background-repeat":"repeat","background-position":"center center","background-size":"auto","background-attachment":"scroll","background-type":"","background-media":"","overlay-type":"","overlay-color":"","overlay-opacity":"","overlay-gradient":""}},"footnotes":""},"categories":[154,1,235,29,76],"tags":[249,163,172,179,41],"class_list":["post-9390","post","type-post","status-publish","format-standard","has-post-thumbnail","hentry","category-formacio","category-general","category-formacio_ins","category-portada","category-recursos","tag-batxillerat","tag-educacio-infantil","tag-educacio-primaria","tag-educacio-secundaria","tag-matematiques"],"post_mailing_queue_ids":[],"_links":{"self":[{"href":"https:\/\/serveiseducatius.xtec.cat\/osona\/wp-json\/wp\/v2\/posts\/9390","targetHints":{"allow":["GET"]}}],"collection":[{"href":"https:\/\/serveiseducatius.xtec.cat\/osona\/wp-json\/wp\/v2\/posts"}],"about":[{"href":"https:\/\/serveiseducatius.xtec.cat\/osona\/wp-json\/wp\/v2\/types\/post"}],"author":[{"embeddable":true,"href":"https:\/\/serveiseducatius.xtec.cat\/osona\/wp-json\/wp\/v2\/users\/1"}],"replies":[{"embeddable":true,"href":"https:\/\/serveiseducatius.xtec.cat\/osona\/wp-json\/wp\/v2\/comments?post=9390"}],"version-history":[{"count":2,"href":"https:\/\/serveiseducatius.xtec.cat\/osona\/wp-json\/wp\/v2\/posts\/9390\/revisions"}],"predecessor-version":[{"id":9393,"href":"https:\/\/serveiseducatius.xtec.cat\/osona\/wp-json\/wp\/v2\/posts\/9390\/revisions\/9393"}],"wp:featuredmedia":[{"embeddable":true,"href":"https:\/\/serveiseducatius.xtec.cat\/osona\/wp-json\/wp\/v2\/media\/9391"}],"wp:attachment":[{"href":"https:\/\/serveiseducatius.xtec.cat\/osona\/wp-json\/wp\/v2\/media?parent=9390"}],"wp:term":[{"taxonomy":"category","embeddable":true,"href":"https:\/\/serveiseducatius.xtec.cat\/osona\/wp-json\/wp\/v2\/categories?post=9390"},{"taxonomy":"post_tag","embeddable":true,"href":"https:\/\/serveiseducatius.xtec.cat\/osona\/wp-json\/wp\/v2\/tags?post=9390"}],"curies":[{"name":"wp","href":"https:\/\/api.w.org\/{rel}","templated":true}]}}