{"id":9226,"date":"2019-05-28T13:59:28","date_gmt":"2019-05-28T11:59:28","guid":{"rendered":"http:\/\/serveiseducatius.xtec.cat\/osona\/?p=9226"},"modified":"2019-05-28T13:59:28","modified_gmt":"2019-05-28T11:59:28","slug":"desena-escola-destiu-de-literatura-infantil-i-juvenil-uvic-abadia-de-montserrat","status":"publish","type":"post","link":"https:\/\/serveiseducatius.xtec.cat\/osona\/general\/desena-escola-destiu-de-literatura-infantil-i-juvenil-uvic-abadia-de-montserrat\/","title":{"rendered":"Desena Escola d\u2019Estiu de Literatura Infantil i Juvenil. UVic &#8211; Abadia de Montserrat"},"content":{"rendered":"<p><a href=\"https:\/\/serveiseducatius.xtec.cat\/osona\/wp-content\/uploads\/usu1175\/2019\/05\/Escola-Estiu-Montserrat.png\"><img loading=\"lazy\" decoding=\"async\" class=\"alignnone size-full wp-image-9227\" src=\"https:\/\/serveiseducatius.xtec.cat\/osona\/wp-content\/uploads\/usu1175\/2019\/05\/Escola-Estiu-Montserrat.png\" alt=\"\" width=\"424\" height=\"389\" srcset=\"https:\/\/serveiseducatius.xtec.cat\/osona\/wp-content\/uploads\/usu1175\/2019\/05\/Escola-Estiu-Montserrat.png 424w, https:\/\/serveiseducatius.xtec.cat\/osona\/wp-content\/uploads\/usu1175\/2019\/05\/Escola-Estiu-Montserrat-300x275.png 300w\" sizes=\"auto, (max-width: 424px) 100vw, 424px\" \/><\/a><\/p>\n<p>&nbsp;<\/p>\n<p>La Universitat de Vic &#8211; Universitat Central de Catalunya, en col\u00b7laboraci\u00f3 amb l\u2019Abadia de Montserrat, obre la adre\u00e7ada a persones que, des de l\u2019\u00e0mbit de l\u2019ensenyament, la biblioteca infantil, la recerca o la motivaci\u00f3 personal, tinguin inter\u00e8s en l\u2019aprofundiment d\u2019aspectes del llibre infantil i juvenil. Aquesta edici\u00f3 se centra en el fet de Viure la literatura (paraula, ritme i bones hist\u00f2ries), tema que ens permet reflexionar sobre el valor de la viv\u00e8ncia liter\u00e0ria durant la inf\u00e0ncia o la joventut i sobre alguns dels elements que fan possible una experi\u00e8ncia liter\u00e0ria de qualitat en diferents contextos (social, cultural, educatiu, etc.)<\/p>\n<p>ADRE\u00c7AT A<br \/>\nMestres i professorat d\u2019Educaci\u00f3 Infantil, Prim\u00e0ria i Secund\u00e0ria, professionals de la biblioteconomia, estudiants dels \u00e0mbits educatiu, documentalista i d\u2019humanitats, i persones interessades en la<br \/>\ntem\u00e0tica.<\/p>\n<p>LLOC DE REALITZACI\u00d3<br \/>\nMonestir de Montserrat. Sala de la Fa\u00e7ana, porteria del Monestir, 2a planta.<\/p>\n<p><a href=\"https:\/\/www.uvic.cat\/formacio-continua\/ca\/cursos-i-jornades\/educacio-i-societat\/escola-destiu-de-literatura-infantil-i-juvenil-jornades-0\" target=\"_blank\" rel=\"noopener noreferrer\">M\u00e9s informaci\u00f3 (web UVic).<\/a><\/p>\n","protected":false},"excerpt":{"rendered":"<p>La Universitat de Vic &#8211; Universitat Central de Catalunya, en col\u00b7laboraci\u00f3 amb l\u2019Abadia de Montserrat, obre la adre\u00e7ada a persones que, des de l\u2019\u00e0mbit de l\u2019ensenyament, la biblioteca infantil, la recerca o la motivaci\u00f3 personal, tinguin inter\u00e8s en l\u2019aprofundiment d\u2019aspectes del llibre infantil i juvenil.<\/p>\n","protected":false},"author":1,"featured_media":9227,"comment_status":"closed","ping_status":"closed","sticky":false,"template":"","format":"standard","meta":{"_bbp_topic_count":0,"_bbp_reply_count":0,"_bbp_total_topic_count":0,"_bbp_total_reply_count":0,"_bbp_voice_count":0,"_bbp_anonymous_reply_count":0,"_bbp_topic_count_hidden":0,"_bbp_reply_count_hidden":0,"_bbp_forum_subforum_count":0,"site-sidebar-layout":"default","site-content-layout":"","ast-site-content-layout":"","site-content-style":"default","site-sidebar-style":"default","ast-global-header-display":"","ast-banner-title-visibility":"","ast-main-header-display":"","ast-hfb-above-header-display":"","ast-hfb-below-header-display":"","ast-hfb-mobile-header-display":"","site-post-title":"","ast-breadcrumbs-content":"","ast-featured-img":"","footer-sml-layout":"","theme-transparent-header-meta":"","adv-header-id-meta":"","stick-header-meta":"","header-above-stick-meta":"","header-main-stick-meta":"","header-below-stick-meta":"","astra-migrate-meta-layouts":"default","ast-page-background-enabled":"default","ast-page-background-meta":{"desktop":{"background-color":"var(--ast-global-color-4)","background-image":"","background-repeat":"repeat","background-position":"center center","background-size":"auto","background-attachment":"scroll","background-type":"","background-media":"","overlay-type":"","overlay-color":"","overlay-opacity":"","overlay-gradient":""},"tablet":{"background-color":"","background-image":"","background-repeat":"repeat","background-position":"center center","background-size":"auto","background-attachment":"scroll","background-type":"","background-media":"","overlay-type":"","overlay-color":"","overlay-opacity":"","overlay-gradient":""},"mobile":{"background-color":"","background-image":"","background-repeat":"repeat","background-position":"center center","background-size":"auto","background-attachment":"scroll","background-type":"","background-media":"","overlay-type":"","overlay-color":"","overlay-opacity":"","overlay-gradient":""}},"ast-content-background-meta":{"desktop":{"background-color":"var(--ast-global-color-5)","background-image":"","background-repeat":"repeat","background-position":"center center","background-size":"auto","background-attachment":"scroll","background-type":"","background-media":"","overlay-type":"","overlay-color":"","overlay-opacity":"","overlay-gradient":""},"tablet":{"background-color":"var(--ast-global-color-5)","background-image":"","background-repeat":"repeat","background-position":"center center","background-size":"auto","background-attachment":"scroll","background-type":"","background-media":"","overlay-type":"","overlay-color":"","overlay-opacity":"","overlay-gradient":""},"mobile":{"background-color":"var(--ast-global-color-5)","background-image":"","background-repeat":"repeat","background-position":"center center","background-size":"auto","background-attachment":"scroll","background-type":"","background-media":"","overlay-type":"","overlay-color":"","overlay-opacity":"","overlay-gradient":""}},"footnotes":""},"categories":[1,235,29],"tags":[386],"class_list":["post-9226","post","type-post","status-publish","format-standard","has-post-thumbnail","hentry","category-general","category-formacio_ins","category-portada","tag-escola-destiu"],"post_mailing_queue_ids":[],"_links":{"self":[{"href":"https:\/\/serveiseducatius.xtec.cat\/osona\/wp-json\/wp\/v2\/posts\/9226","targetHints":{"allow":["GET"]}}],"collection":[{"href":"https:\/\/serveiseducatius.xtec.cat\/osona\/wp-json\/wp\/v2\/posts"}],"about":[{"href":"https:\/\/serveiseducatius.xtec.cat\/osona\/wp-json\/wp\/v2\/types\/post"}],"author":[{"embeddable":true,"href":"https:\/\/serveiseducatius.xtec.cat\/osona\/wp-json\/wp\/v2\/users\/1"}],"replies":[{"embeddable":true,"href":"https:\/\/serveiseducatius.xtec.cat\/osona\/wp-json\/wp\/v2\/comments?post=9226"}],"version-history":[{"count":1,"href":"https:\/\/serveiseducatius.xtec.cat\/osona\/wp-json\/wp\/v2\/posts\/9226\/revisions"}],"predecessor-version":[{"id":9228,"href":"https:\/\/serveiseducatius.xtec.cat\/osona\/wp-json\/wp\/v2\/posts\/9226\/revisions\/9228"}],"wp:featuredmedia":[{"embeddable":true,"href":"https:\/\/serveiseducatius.xtec.cat\/osona\/wp-json\/wp\/v2\/media\/9227"}],"wp:attachment":[{"href":"https:\/\/serveiseducatius.xtec.cat\/osona\/wp-json\/wp\/v2\/media?parent=9226"}],"wp:term":[{"taxonomy":"category","embeddable":true,"href":"https:\/\/serveiseducatius.xtec.cat\/osona\/wp-json\/wp\/v2\/categories?post=9226"},{"taxonomy":"post_tag","embeddable":true,"href":"https:\/\/serveiseducatius.xtec.cat\/osona\/wp-json\/wp\/v2\/tags?post=9226"}],"curies":[{"name":"wp","href":"https:\/\/api.w.org\/{rel}","templated":true}]}}