{"id":9210,"date":"2019-04-11T13:57:36","date_gmt":"2019-04-11T11:57:36","guid":{"rendered":"http:\/\/serveiseducatius.xtec.cat\/osona\/?p=9210"},"modified":"2019-04-11T13:57:36","modified_gmt":"2019-04-11T11:57:36","slug":"estades-argo-2019","status":"publish","type":"post","link":"https:\/\/serveiseducatius.xtec.cat\/osona\/general\/estades-argo-2019\/","title":{"rendered":"Estades Arg\u00f3 2019"},"content":{"rendered":"<p><img loading=\"lazy\" decoding=\"async\" class=\"alignnone size-full wp-image-9211\" src=\"https:\/\/serveiseducatius.xtec.cat\/osona\/wp-content\/uploads\/usu1175\/2019\/04\/Arg\u00f3-UAB.png\" alt=\"\" width=\"820\" height=\"155\" srcset=\"https:\/\/serveiseducatius.xtec.cat\/osona\/wp-content\/uploads\/usu1175\/2019\/04\/Arg\u00f3-UAB.png 820w, https:\/\/serveiseducatius.xtec.cat\/osona\/wp-content\/uploads\/usu1175\/2019\/04\/Arg\u00f3-UAB-300x57.png 300w, https:\/\/serveiseducatius.xtec.cat\/osona\/wp-content\/uploads\/usu1175\/2019\/04\/Arg\u00f3-UAB-768x145.png 768w\" sizes=\"auto, (max-width: 820px) 100vw, 820px\" \/><\/p>\n<p>El Programa Arg\u00f3 ofereix les <strong>Estades a l\u2019Aut\u00f2noma per a estudiants de 1r de batxillerat<\/strong>. Aquestes estades permeten a l&#8217;alumnat apropar-se a l&#8217;\u00e0mbit universitari i al camp de recerca que desitgin con\u00e8ixer, comptant amb l\u2019assessorament del professorat universitari.<\/p>\n<p>D\u2019aquesta manera l\u2019alumnat comptar\u00e0 amb una orientaci\u00f3 contrastada per prendre decisions sobre el seu futur acad\u00e8mic i professional ja que les estades li permetran:<\/p>\n<ul>\n<li>Prendre contacte amb el m\u00f3n universitari i professional i amb el seu sistema de relacions socials i laborals.<\/li>\n<li>Adaptar-se a les normes de funcionament i a les situacions del centre de treball i al funcionament dels centres i departaments universitaris.<\/li>\n<li>Informar-se per enfocar el propi projecte acad\u00e8mic i professional.<\/li>\n<li>Iniciar-se en la recerca amb el suport del professorat de l\u2019Aut\u00f2noma.<\/li>\n<\/ul>\n<p><strong>Places per a les estades a la UAB \u2013 2019<\/strong><\/p>\n<p>La UAB, un cop m\u00e9s, ofereix a estudiants que estan cursant 1r de batxillerat la possibilitat de fer una estada al campus i de col\u00b7laborar en les tasques que habitualment es realitzen a laboratoris, departaments, instituts o d\u2019altres centres.<\/p>\n<p>Les estades Arg\u00f3 es realitzaran del <strong>25 de juny al 12 de juliol<\/strong> en horari de matins. Amb una durada global de 50 hores.<br \/>\nLa franja hor\u00e0ria de dilluns a dijous dependr\u00e0 de cada estada (entre les 9 i les 14h.).<br \/>\nDimarts 25 de juny a les 10 del mat\u00ed s&#8217;inicien les estades amb una sessi\u00f3 de presentaci\u00f3 amb tot l&#8217;alumnat participant que es far\u00e0 a la Sala d&#8217;Actes del Rectorat.<br \/>\nCada divendres de 10 a 13:30h. el Programa Arg\u00f3 organitzar\u00e0 unes sessions sobre recerca i orientaci\u00f3 acad\u00e8mica per a tot l&#8217;alumnat participant que tamb\u00e9 es duran a terme a la Sala d&#8217;Actes del Rectorat.<\/p>\n<p>La <a href=\"http:\/\/ice.uab.cat\/argo\/estades_estiu\/formulari\/alta.php\"><strong>inscripci\u00f3<\/strong><\/a> estar\u00e0 oberta <strong>del 25 de mar\u00e7 al 28 d&#8217;abril<\/strong>.<\/p>\n<p><a href=\"https:\/\/www.uab.cat\/web\/programa-argo\/programa-argo-estudiants\/estudiants\/com-sol-licitar-una-placa-a-les-estades-al-campus-1345715047151.html\" target=\"_blank\" rel=\"noopener\">M\u00e9s informaci\u00f3&#8230;<\/a><\/p>\n","protected":false},"excerpt":{"rendered":"<p>El Programa Arg\u00f3 ofereix les Estades a l\u2019Aut\u00f2noma per a estudiants de 1r de batxillerat. Aquestes estades permeten a l&#8217;alumnat apropar-se a l&#8217;\u00e0mbit universitari i al camp de recerca que desitgin con\u00e8ixer, comptant amb l\u2019assessorament del professorat universitari.<\/p>\n","protected":false},"author":1,"featured_media":9211,"comment_status":"closed","ping_status":"closed","sticky":false,"template":"","format":"standard","meta":{"_bbp_topic_count":0,"_bbp_reply_count":0,"_bbp_total_topic_count":0,"_bbp_total_reply_count":0,"_bbp_voice_count":0,"_bbp_anonymous_reply_count":0,"_bbp_topic_count_hidden":0,"_bbp_reply_count_hidden":0,"_bbp_forum_subforum_count":0,"site-sidebar-layout":"default","site-content-layout":"","ast-site-content-layout":"","site-content-style":"default","site-sidebar-style":"default","ast-global-header-display":"","ast-banner-title-visibility":"","ast-main-header-display":"","ast-hfb-above-header-display":"","ast-hfb-below-header-display":"","ast-hfb-mobile-header-display":"","site-post-title":"","ast-breadcrumbs-content":"","ast-featured-img":"","footer-sml-layout":"","theme-transparent-header-meta":"","adv-header-id-meta":"","stick-header-meta":"","header-above-stick-meta":"","header-main-stick-meta":"","header-below-stick-meta":"","astra-migrate-meta-layouts":"default","ast-page-background-enabled":"default","ast-page-background-meta":{"desktop":{"background-color":"var(--ast-global-color-4)","background-image":"","background-repeat":"repeat","background-position":"center center","background-size":"auto","background-attachment":"scroll","background-type":"","background-media":"","overlay-type":"","overlay-color":"","overlay-opacity":"","overlay-gradient":""},"tablet":{"background-color":"","background-image":"","background-repeat":"repeat","background-position":"center center","background-size":"auto","background-attachment":"scroll","background-type":"","background-media":"","overlay-type":"","overlay-color":"","overlay-opacity":"","overlay-gradient":""},"mobile":{"background-color":"","background-image":"","background-repeat":"repeat","background-position":"center center","background-size":"auto","background-attachment":"scroll","background-type":"","background-media":"","overlay-type":"","overlay-color":"","overlay-opacity":"","overlay-gradient":""}},"ast-content-background-meta":{"desktop":{"background-color":"var(--ast-global-color-5)","background-image":"","background-repeat":"repeat","background-position":"center center","background-size":"auto","background-attachment":"scroll","background-type":"","background-media":"","overlay-type":"","overlay-color":"","overlay-opacity":"","overlay-gradient":""},"tablet":{"background-color":"var(--ast-global-color-5)","background-image":"","background-repeat":"repeat","background-position":"center center","background-size":"auto","background-attachment":"scroll","background-type":"","background-media":"","overlay-type":"","overlay-color":"","overlay-opacity":"","overlay-gradient":""},"mobile":{"background-color":"var(--ast-global-color-5)","background-image":"","background-repeat":"repeat","background-position":"center center","background-size":"auto","background-attachment":"scroll","background-type":"","background-media":"","overlay-type":"","overlay-color":"","overlay-opacity":"","overlay-gradient":""}},"footnotes":""},"categories":[1,235,29],"tags":[249,382,381],"class_list":["post-9210","post","type-post","status-publish","format-standard","has-post-thumbnail","hentry","category-general","category-formacio_ins","category-portada","tag-batxillerat","tag-estades","tag-uab"],"post_mailing_queue_ids":[],"_links":{"self":[{"href":"https:\/\/serveiseducatius.xtec.cat\/osona\/wp-json\/wp\/v2\/posts\/9210","targetHints":{"allow":["GET"]}}],"collection":[{"href":"https:\/\/serveiseducatius.xtec.cat\/osona\/wp-json\/wp\/v2\/posts"}],"about":[{"href":"https:\/\/serveiseducatius.xtec.cat\/osona\/wp-json\/wp\/v2\/types\/post"}],"author":[{"embeddable":true,"href":"https:\/\/serveiseducatius.xtec.cat\/osona\/wp-json\/wp\/v2\/users\/1"}],"replies":[{"embeddable":true,"href":"https:\/\/serveiseducatius.xtec.cat\/osona\/wp-json\/wp\/v2\/comments?post=9210"}],"version-history":[{"count":1,"href":"https:\/\/serveiseducatius.xtec.cat\/osona\/wp-json\/wp\/v2\/posts\/9210\/revisions"}],"predecessor-version":[{"id":9212,"href":"https:\/\/serveiseducatius.xtec.cat\/osona\/wp-json\/wp\/v2\/posts\/9210\/revisions\/9212"}],"wp:featuredmedia":[{"embeddable":true,"href":"https:\/\/serveiseducatius.xtec.cat\/osona\/wp-json\/wp\/v2\/media\/9211"}],"wp:attachment":[{"href":"https:\/\/serveiseducatius.xtec.cat\/osona\/wp-json\/wp\/v2\/media?parent=9210"}],"wp:term":[{"taxonomy":"category","embeddable":true,"href":"https:\/\/serveiseducatius.xtec.cat\/osona\/wp-json\/wp\/v2\/categories?post=9210"},{"taxonomy":"post_tag","embeddable":true,"href":"https:\/\/serveiseducatius.xtec.cat\/osona\/wp-json\/wp\/v2\/tags?post=9210"}],"curies":[{"name":"wp","href":"https:\/\/api.w.org\/{rel}","templated":true}]}}