{"id":8848,"date":"2018-09-21T14:02:07","date_gmt":"2018-09-21T12:02:07","guid":{"rendered":"http:\/\/serveiseducatius.xtec.cat\/osona\/?p=8848"},"modified":"2018-09-21T14:16:43","modified_gmt":"2018-09-21T12:16:43","slug":"lliga-de-debat-de-secundaria-i-batxillerat","status":"publish","type":"post","link":"https:\/\/serveiseducatius.xtec.cat\/osona\/general\/lliga-de-debat-de-secundaria-i-batxillerat\/","title":{"rendered":"Lliga de Debat de Secund\u00e0ria i Batxillerat"},"content":{"rendered":"<p><img loading=\"lazy\" decoding=\"async\" class=\"size-full wp-image-8849 alignleft\" src=\"http:\/\/serveiseducatius.xtec.cat\/osona\/wp-content\/uploads\/usu1175\/2018\/09\/Lliga-de-debat.png\" alt=\"\" width=\"428\" height=\"250\" srcset=\"https:\/\/serveiseducatius.xtec.cat\/osona\/wp-content\/uploads\/usu1175\/2018\/09\/Lliga-de-debat.png 428w, https:\/\/serveiseducatius.xtec.cat\/osona\/wp-content\/uploads\/usu1175\/2018\/09\/Lliga-de-debat-300x175.png 300w\" sizes=\"auto, (max-width: 428px) 100vw, 428px\" \/>La <strong>Lliga de Debat de Secund\u00e0ria i Batxillerat<\/strong> \u00e9s una competici\u00f3 en la qual diversos equips d\u2019estudiants de 4t d\u2019ESO, batxillerat i cicles formatius (d\u2019edats entre 15 i 18 anys) de diferents centres docents debaten sobre un tema pol\u00e8mic i d\u2019actualitat. L\u2019activitat aporta un espai de formaci\u00f3 on els estudiants aprenen a parlar en p\u00fablic, a fer equip i a saber defensar un tema tant a favor com en contra, utilitzant el catal\u00e0 com a llengua vehicular. La Lliga naix a partir de l\u2019experi\u00e8ncia de la <a href=\"http:\/\/www.vives.org\/serveis\/lliga-de-debat-universitari\/\">Lliga de Debat Universit\u00e0ria<\/a> sota l\u2019impuls de la Xarxa Vives i de la <a href=\"http:\/\/www.escolavalenciana.com\/\" target=\"_blank\" rel=\"noopener\">Federaci\u00f3 Escola Valenciana<\/a>.<\/p>\n<p>L\u2019objectiu de la Lliga \u00e9s fomentar l\u2019\u00fas de la paraula entre els estudiants, sota el format d\u2019un enfrontament dial\u00e8ctic entre diversos equips, en el qual s\u2019ha de defensar una posici\u00f3 a favor o en contra sobre un tema d\u2019actualitat, i on es valoren capacitats com el treball en equip, la solidesa de les argumentacions, la flu\u00efdesa en la intervenci\u00f3 i la correcci\u00f3 tant sem\u00e0ntica com formal.<\/p>\n<p><strong>Qui pot participar?<\/strong><\/p>\n<p>La participaci\u00f3 en la competici\u00f3 est\u00e0 oberta a l\u2019alumnat de 4t d\u2019ESO, batxillerat i cicles formatius (d\u2019edats entre 15 i 18 anys) de la regi\u00f3 Vives: Franja de Ponent, Catalunya, el Pa\u00eds Valenci\u00e0, les Illes Balears, Catalunya del Nord, Andorra i Sardenya. Els equips han d\u2019estar formats per un m\u00ednim de 3 i un m\u00e0xim de 5 estudiants del mateix centre educatiu i estar representats per un capit\u00e0-tutor designat pel centre.<\/p>\n<p>Cada centre ha d\u2019estar inscrit com a participant a una universitat de la Xarxa Vives, al campus de la qual competir\u00e0 contra els equips d\u2019altres centres que s\u2019hagen adscrit a la mateixa universitat de refer\u00e8ncia.<\/p>\n<p><strong>Com es desenvolupa la competici\u00f3?<\/strong><\/p>\n<p>La Lliga consta d\u2019una fase eliminat\u00f2ria i d\u2019una final. L\u2019eliminat\u00f2ria es disputa entre els equips dels centres inscrits a una mateixa universitat, que ser\u00e0 qui acollir\u00e0 la competici\u00f3.<\/p>\n<p>L\u2019equip guanyador de cadascuna de les eliminat\u00f2ries locals passa a la fase final, el lloc i les date de la qual es publicaran a les bases corresponents de cada edici\u00f3.<\/p>\n<p><a href=\"http:\/\/www.vives.org\/serveis\/lliga-de-debat\/lliga-de-debat-de-secundaria-i-batxillerat\/\" target=\"_blank\" rel=\"noopener\">M\u00e9s informaci\u00f3&#8230;<\/a><\/p>\n","protected":false},"excerpt":{"rendered":"<p>La Lliga de Debat de Secund\u00e0ria i Batxillerat \u00e9s una competici\u00f3 en la qual diversos equips d\u2019estudiants de 4t d\u2019ESO, batxillerat i cicles formatius (d\u2019edats entre 15 i 18 anys) de diferents centres docents debaten sobre un tema pol\u00e8mic i d\u2019actualitat. L\u2019activitat aporta un espai de formaci\u00f3 on els estudiants aprenen a parlar en p\u00fablic, a fer equip i a saber defensar un tema tant a favor com en contra, utilitzant el catal\u00e0 com a llengua vehicular.<\/p>\n","protected":false},"author":1,"featured_media":8849,"comment_status":"closed","ping_status":"closed","sticky":false,"template":"","format":"standard","meta":{"_bbp_topic_count":0,"_bbp_reply_count":0,"_bbp_total_topic_count":0,"_bbp_total_reply_count":0,"_bbp_voice_count":0,"_bbp_anonymous_reply_count":0,"_bbp_topic_count_hidden":0,"_bbp_reply_count_hidden":0,"_bbp_forum_subforum_count":0,"site-sidebar-layout":"default","site-content-layout":"","ast-site-content-layout":"","site-content-style":"default","site-sidebar-style":"default","ast-global-header-display":"","ast-banner-title-visibility":"","ast-main-header-display":"","ast-hfb-above-header-display":"","ast-hfb-below-header-display":"","ast-hfb-mobile-header-display":"","site-post-title":"","ast-breadcrumbs-content":"","ast-featured-img":"","footer-sml-layout":"","theme-transparent-header-meta":"","adv-header-id-meta":"","stick-header-meta":"","header-above-stick-meta":"","header-main-stick-meta":"","header-below-stick-meta":"","astra-migrate-meta-layouts":"default","ast-page-background-enabled":"default","ast-page-background-meta":{"desktop":{"background-color":"var(--ast-global-color-4)","background-image":"","background-repeat":"repeat","background-position":"center center","background-size":"auto","background-attachment":"scroll","background-type":"","background-media":"","overlay-type":"","overlay-color":"","overlay-opacity":"","overlay-gradient":""},"tablet":{"background-color":"","background-image":"","background-repeat":"repeat","background-position":"center center","background-size":"auto","background-attachment":"scroll","background-type":"","background-media":"","overlay-type":"","overlay-color":"","overlay-opacity":"","overlay-gradient":""},"mobile":{"background-color":"","background-image":"","background-repeat":"repeat","background-position":"center center","background-size":"auto","background-attachment":"scroll","background-type":"","background-media":"","overlay-type":"","overlay-color":"","overlay-opacity":"","overlay-gradient":""}},"ast-content-background-meta":{"desktop":{"background-color":"var(--ast-global-color-5)","background-image":"","background-repeat":"repeat","background-position":"center center","background-size":"auto","background-attachment":"scroll","background-type":"","background-media":"","overlay-type":"","overlay-color":"","overlay-opacity":"","overlay-gradient":""},"tablet":{"background-color":"var(--ast-global-color-5)","background-image":"","background-repeat":"repeat","background-position":"center center","background-size":"auto","background-attachment":"scroll","background-type":"","background-media":"","overlay-type":"","overlay-color":"","overlay-opacity":"","overlay-gradient":""},"mobile":{"background-color":"var(--ast-global-color-5)","background-image":"","background-repeat":"repeat","background-position":"center center","background-size":"auto","background-attachment":"scroll","background-type":"","background-media":"","overlay-type":"","overlay-color":"","overlay-opacity":"","overlay-gradient":""}},"footnotes":""},"categories":[1,235,29],"tags":[345],"class_list":["post-8848","post","type-post","status-publish","format-standard","has-post-thumbnail","hentry","category-general","category-formacio_ins","category-portada","tag-lliga-de-debat"],"post_mailing_queue_ids":[],"_links":{"self":[{"href":"https:\/\/serveiseducatius.xtec.cat\/osona\/wp-json\/wp\/v2\/posts\/8848","targetHints":{"allow":["GET"]}}],"collection":[{"href":"https:\/\/serveiseducatius.xtec.cat\/osona\/wp-json\/wp\/v2\/posts"}],"about":[{"href":"https:\/\/serveiseducatius.xtec.cat\/osona\/wp-json\/wp\/v2\/types\/post"}],"author":[{"embeddable":true,"href":"https:\/\/serveiseducatius.xtec.cat\/osona\/wp-json\/wp\/v2\/users\/1"}],"replies":[{"embeddable":true,"href":"https:\/\/serveiseducatius.xtec.cat\/osona\/wp-json\/wp\/v2\/comments?post=8848"}],"version-history":[{"count":1,"href":"https:\/\/serveiseducatius.xtec.cat\/osona\/wp-json\/wp\/v2\/posts\/8848\/revisions"}],"predecessor-version":[{"id":8850,"href":"https:\/\/serveiseducatius.xtec.cat\/osona\/wp-json\/wp\/v2\/posts\/8848\/revisions\/8850"}],"wp:featuredmedia":[{"embeddable":true,"href":"https:\/\/serveiseducatius.xtec.cat\/osona\/wp-json\/wp\/v2\/media\/8849"}],"wp:attachment":[{"href":"https:\/\/serveiseducatius.xtec.cat\/osona\/wp-json\/wp\/v2\/media?parent=8848"}],"wp:term":[{"taxonomy":"category","embeddable":true,"href":"https:\/\/serveiseducatius.xtec.cat\/osona\/wp-json\/wp\/v2\/categories?post=8848"},{"taxonomy":"post_tag","embeddable":true,"href":"https:\/\/serveiseducatius.xtec.cat\/osona\/wp-json\/wp\/v2\/tags?post=8848"}],"curies":[{"name":"wp","href":"https:\/\/api.w.org\/{rel}","templated":true}]}}