{"id":8826,"date":"2018-09-12T09:59:41","date_gmt":"2018-09-12T07:59:41","guid":{"rendered":"http:\/\/serveiseducatius.xtec.cat\/osona\/?p=8826"},"modified":"2021-09-03T12:21:35","modified_gmt":"2021-09-03T10:21:35","slug":"pla-de-formacio-de-zona-2021-2022","status":"publish","type":"post","link":"https:\/\/serveiseducatius.xtec.cat\/osona\/general\/pla-de-formacio-de-zona-2021-2022\/","title":{"rendered":"Pla de formaci\u00f3 de zona 2020-2021"},"content":{"rendered":"<p>&nbsp;<\/p>\n<p><img loading=\"lazy\" decoding=\"async\" class=\"alignleft wp-image-10452 size-medium\" src=\"https:\/\/serveiseducatius.xtec.cat\/osona\/wp-content\/uploads\/usu1175\/2018\/09\/Oferta-formativa-21-22-300x300.jpg\" alt=\"\" width=\"300\" height=\"300\" srcset=\"https:\/\/serveiseducatius.xtec.cat\/osona\/wp-content\/uploads\/usu1175\/2018\/09\/Oferta-formativa-21-22-300x300.jpg 300w, https:\/\/serveiseducatius.xtec.cat\/osona\/wp-content\/uploads\/usu1175\/2018\/09\/Oferta-formativa-21-22-150x150.jpg 150w, https:\/\/serveiseducatius.xtec.cat\/osona\/wp-content\/uploads\/usu1175\/2018\/09\/Oferta-formativa-21-22.jpg 538w\" sizes=\"auto, (max-width: 300px) 100vw, 300px\" \/><\/p>\n<div><\/div>\n<div><\/div>\n<div><\/div>\n<div><\/div>\n<div><\/div>\n<div><\/div>\n<div><\/div>\n<div><\/div>\n<div><\/div>\n<div><\/div>\n<div><\/div>\n<div><\/div>\n<h2><\/h2>\n<h2><\/h2>\n<h2>Inscripcions! Del 13 al 26 de setembre.<\/h2>\n<div id=\"infoCursos\">\n<h5>Calendari d&#8217;inscripci\u00f3<\/h5>\n<p>La inscripci\u00f3 a les activitats de l&#8217;oferta general es realitzar\u00e0 en dos torns, un primer torn al setembre i un segon torn al gener. Al maig s&#8217;obre un altre per\u00edode d&#8217;inscripci\u00f3 per a la formaci\u00f3 d&#8217;estiu.<\/p>\n<div id=\"infoCursos\">\n<div class=\"table-responsive pd-15 pd-30 taula_0\">\n<table class=\"taula_base table\" summary=\"Sumari de la taula\">\n<thead>\n<tr>\n<th scope=\"col\">Per\u00edodes d&#8217;inscripci\u00f3<\/th>\n<th scope=\"col\">Sol\u00b7licitud de pla\u00e7a<\/th>\n<th scope=\"col\">Consulta d\u2019adjudicacions<\/th>\n<th scope=\"col\">Inici de les activitats<\/th>\n<\/tr>\n<\/thead>\n<tbody>\n<tr>\n<th scope=\"row\">Primer torn<\/th>\n<td>del 13 al 26 de setembre<\/td>\n<td>8 d\u2019octubre<\/td>\n<td>a partir del 14 d&#8217;octubre<\/td>\n<\/tr>\n<tr>\n<th scope=\"row\">Segon torn<\/th>\n<td>del 7 al 18 de gener<\/td>\n<td>31 de gener<\/td>\n<td>a partir del 7 de febrer<\/td>\n<\/tr>\n<tr>\n<th scope=\"row\">Formaci\u00f3 d&#8217;estiu<\/th>\n<td>del 16 al 31 de maig<\/td>\n<td>16 de juny<\/td>\n<td>a partir de l&#8217;1 de juliol<\/td>\n<\/tr>\n<\/tbody>\n<\/table>\n<\/div>\n<\/div>\n<h5>Sol\u00b7licituds de pla\u00e7a<\/h5>\n<p>Per sol\u00b7licitar una pla\u00e7a s&#8217;ha de disposar d\u2019usuari i contrasenya XTEC actualitzats. Si s&#8217;ha de sol\u00b7licitar o es tenen problemes amb l\u2019identificador es pot visitar la p\u00e0gina d\u2019<a href=\"http:\/\/xtec.gencat.cat\/ca\/at_usuari\/gestio\/\" target=\"_self\" rel=\"noopener\">atenci\u00f3 a l\u2019usuari\/\u00e0ria<\/a>. Cal tenir en compte que el mitj\u00e0 preferent de comunicaci\u00f3 \u00e9s el correu XTEC.<\/p>\n<p>En el cas de les formacions en l\u00ednia s\u00edncrones, cal identificar-se amb l\u2019usuari XTEC individual i connectar-se amb un dispositiu amb c\u00e0mera, altaveus\/auriculars i micr\u00f2fon operatius, que s\u2019hauran d\u2019activar a requeriment de la persona formadora.<\/p>\n<p>Les sol\u00b7licituds realitzades es poden consultar, anul\u00b7lar o modificar a la p\u00e0gina <a href=\"http:\/\/xtec.gencat.cat\/ca\/formacio\/la-meva-formacio\/les-meves-activitats\/\" target=\"_self\" rel=\"noopener\">les meves activitats<\/a>.<\/p>\n<p>La sol\u00b7licitud d\u2019una pla\u00e7a significa acceptar les condicions d\u2019inscripci\u00f3 i tot all\u00f2 que consta a la descripci\u00f3 de l\u2019activitat en refer\u00e8ncia a dates, horaris, objectius, continguts, persones destinat\u00e0ries i requisits d\u2019acreditaci\u00f3.<\/p>\n<div class=\"panel-heading\">\n<h5 class=\"panel-title\"><a class=\"\" href=\"http:\/\/xtec.gencat.cat\/ca\/formacio\/info-general\/oferta-formativa\/#bloc4\" data-toggle=\"collapse\" data-parent=\"#acordio_distribuidora\">Adjudicacions<\/a><\/h5>\n<\/div>\n<div id=\"bloc4\" class=\"panel-collapse collapse in\">\n<div class=\"col-xs-12 columna_esquerra\">\n<div class=\"cos_bloc basic_text_peq pd-15\">\n<p>En el proc\u00e9s d&#8217;adjudicaci\u00f3 de places es tindran en compte els seg\u00fcents criteris, sense perjudici dels criteris espec\u00edfics associats a les activitats formatives.<\/p>\n<ul>\n<li dir=\"ltr\">\n<p dir=\"ltr\" role=\"presentation\">A la formaci\u00f3 individual cal tenir un \u00edndex d\u2019assist\u00e8ncia ponderada a les activitats formatives en els darrers tres anys superior al 50% (columna PAP de l\u2019aplicaci\u00f3 GTAF).<\/p>\n<\/li>\n<li dir=\"ltr\">\n<p dir=\"ltr\" role=\"presentation\">Es prioritza el professorat en actiu en un centre docent.<\/p>\n<\/li>\n<li dir=\"ltr\">\n<p dir=\"ltr\" role=\"presentation\">A les activitats del PFZ es prioritza estar en actiu en un centre de la mateixa zona.<\/p>\n<\/li>\n<li dir=\"ltr\">\n<p dir=\"ltr\" role=\"presentation\">El professorat substitut o inter\u00ed podr\u00e0 inscriure\u2019s tant a la zona on est\u00e0 adscrit, com a la zona on est\u00e0 exercint la doc\u00e8ncia.<\/p>\n<\/li>\n<li dir=\"ltr\">\n<p dir=\"ltr\" role=\"presentation\">A les activitats de formaci\u00f3 centralitzada i en l\u00ednia es prioritza estar en actiu en un centre de zones geogr\u00e0fiques amb poca oferta de formaci\u00f3 presencial (comarques de l&#8217;Alta Ribagor\u00e7a, l&#8217;Alt Urgell, el Bergued\u00e0, la Cerdanya, la Garrotxa, el Pallars Juss\u00e0, el Pallars Sobir\u00e0, el Priorat, el Ripoll\u00e8s, el Solson\u00e8s, la Terra Alta i la Vall d&#8217;Aran).<\/p>\n<\/li>\n<li dir=\"ltr\">\n<p dir=\"ltr\" role=\"presentation\">A les activitats amb prioritzaci\u00f3 de direcci\u00f3 es t\u00e9 en compte l\u2019ordre indicat per direcci\u00f3.<\/p>\n<\/li>\n<li dir=\"ltr\">\n<p dir=\"ltr\" role=\"presentation\">Altres criteris espec\u00edfics contemplats en l\u2019activitat.<\/p>\n<\/li>\n<li dir=\"ltr\">\n<p dir=\"ltr\" role=\"presentation\">En cas de tractar-se d\u2019una activitat de PFZ, caldr\u00e0 tenir en compte la comissi\u00f3 del PFZ.<\/p>\n<\/li>\n<\/ul>\n<p dir=\"ltr\">Si despr\u00e9s de tenir en compte aquests criteris \u00e9s necessari un desempat entre les sol\u00b7licituds, l\u2019adjudicaci\u00f3 es realitzar\u00e0 alfab\u00e8ticament a partir de les dues primeres lletres del primer cognom definides per sorteig. L\u2019acte p\u00fablic se celebrar\u00e0 el dimarts dia 21 de setembre de 2021 a les 9\u202fh del mat\u00ed, a la planta 2B del Departament d&#8217;Educaci\u00f3, <a href=\"https:\/\/maps.google.com\/?q=Via+Augusta,+202&amp;entry=gmail&amp;source=g\" target=\"_blank\" rel=\"noopener\">Via Augusta, 202 de Barcelona<\/a>.<\/p>\n<p dir=\"ltr\">S\u2019ha d\u2019evitar demanar pla\u00e7a a dues activitats en horaris coincidents.<\/p>\n<p dir=\"ltr\">Les adjudicacions a les persones que figuren com a \u201csense centre assignat o no actius\u201d es faran una vegada s\u2019assoleixin els m\u00ednims d\u2019assistents fixats per a cada modalitat.<\/p>\n<h3><\/h3>\n<h5>Consulta d&#8217;adjudicacions<\/h5>\n<p>Un cop finalitzat el proc\u00e9s d\u2019adjudicacions cal consultar si s\u2019ha estat adm\u00e8s o no a la p\u00e0gina\u00a0<a href=\"http:\/\/xtec.gencat.cat\/ca\/formacio\/la-meva-formacio\/les-meves-activitats\/\">les meves activitats<\/a>.<\/p>\n<\/div>\n<\/div>\n<\/div>\n<\/div>\n","protected":false},"excerpt":{"rendered":"<p>Del 12 al 26 de setembre estan obertes les inscripcions a les activitats del Pla de Formaci\u00f3 de Zona.<\/p>\n","protected":false},"author":1,"featured_media":10452,"comment_status":"closed","ping_status":"closed","sticky":false,"template":"","format":"standard","meta":{"_bbp_topic_count":0,"_bbp_reply_count":0,"_bbp_total_topic_count":0,"_bbp_total_reply_count":0,"_bbp_voice_count":0,"_bbp_anonymous_reply_count":0,"_bbp_topic_count_hidden":0,"_bbp_reply_count_hidden":0,"_bbp_forum_subforum_count":0,"site-sidebar-layout":"default","site-content-layout":"","ast-site-content-layout":"","site-content-style":"default","site-sidebar-style":"default","ast-global-header-display":"","ast-banner-title-visibility":"","ast-main-header-display":"","ast-hfb-above-header-display":"","ast-hfb-below-header-display":"","ast-hfb-mobile-header-display":"","site-post-title":"","ast-breadcrumbs-content":"","ast-featured-img":"","footer-sml-layout":"","theme-transparent-header-meta":"","adv-header-id-meta":"","stick-header-meta":"","header-above-stick-meta":"","header-main-stick-meta":"","header-below-stick-meta":"","astra-migrate-meta-layouts":"default","ast-page-background-enabled":"default","ast-page-background-meta":{"desktop":{"background-color":"var(--ast-global-color-4)","background-image":"","background-repeat":"repeat","background-position":"center center","background-size":"auto","background-attachment":"scroll","background-type":"","background-media":"","overlay-type":"","overlay-color":"","overlay-opacity":"","overlay-gradient":""},"tablet":{"background-color":"","background-image":"","background-repeat":"repeat","background-position":"center center","background-size":"auto","background-attachment":"scroll","background-type":"","background-media":"","overlay-type":"","overlay-color":"","overlay-opacity":"","overlay-gradient":""},"mobile":{"background-color":"","background-image":"","background-repeat":"repeat","background-position":"center center","background-size":"auto","background-attachment":"scroll","background-type":"","background-media":"","overlay-type":"","overlay-color":"","overlay-opacity":"","overlay-gradient":""}},"ast-content-background-meta":{"desktop":{"background-color":"var(--ast-global-color-5)","background-image":"","background-repeat":"repeat","background-position":"center center","background-size":"auto","background-attachment":"scroll","background-type":"","background-media":"","overlay-type":"","overlay-color":"","overlay-opacity":"","overlay-gradient":""},"tablet":{"background-color":"var(--ast-global-color-5)","background-image":"","background-repeat":"repeat","background-position":"center center","background-size":"auto","background-attachment":"scroll","background-type":"","background-media":"","overlay-type":"","overlay-color":"","overlay-opacity":"","overlay-gradient":""},"mobile":{"background-color":"var(--ast-global-color-5)","background-image":"","background-repeat":"repeat","background-position":"center center","background-size":"auto","background-attachment":"scroll","background-type":"","background-media":"","overlay-type":"","overlay-color":"","overlay-opacity":"","overlay-gradient":""}},"footnotes":""},"categories":[1,153,29],"tags":[215,294,225],"class_list":["post-8826","post","type-post","status-publish","format-standard","has-post-thumbnail","hentry","category-general","category-pfz","category-portada","tag-formacio-permanent-del-professorat","tag-inscripcions","tag-pfz"],"post_mailing_queue_ids":[],"_links":{"self":[{"href":"https:\/\/serveiseducatius.xtec.cat\/osona\/wp-json\/wp\/v2\/posts\/8826","targetHints":{"allow":["GET"]}}],"collection":[{"href":"https:\/\/serveiseducatius.xtec.cat\/osona\/wp-json\/wp\/v2\/posts"}],"about":[{"href":"https:\/\/serveiseducatius.xtec.cat\/osona\/wp-json\/wp\/v2\/types\/post"}],"author":[{"embeddable":true,"href":"https:\/\/serveiseducatius.xtec.cat\/osona\/wp-json\/wp\/v2\/users\/1"}],"replies":[{"embeddable":true,"href":"https:\/\/serveiseducatius.xtec.cat\/osona\/wp-json\/wp\/v2\/comments?post=8826"}],"version-history":[{"count":3,"href":"https:\/\/serveiseducatius.xtec.cat\/osona\/wp-json\/wp\/v2\/posts\/8826\/revisions"}],"predecessor-version":[{"id":9273,"href":"https:\/\/serveiseducatius.xtec.cat\/osona\/wp-json\/wp\/v2\/posts\/8826\/revisions\/9273"}],"wp:featuredmedia":[{"embeddable":true,"href":"https:\/\/serveiseducatius.xtec.cat\/osona\/wp-json\/wp\/v2\/media\/10452"}],"wp:attachment":[{"href":"https:\/\/serveiseducatius.xtec.cat\/osona\/wp-json\/wp\/v2\/media?parent=8826"}],"wp:term":[{"taxonomy":"category","embeddable":true,"href":"https:\/\/serveiseducatius.xtec.cat\/osona\/wp-json\/wp\/v2\/categories?post=8826"},{"taxonomy":"post_tag","embeddable":true,"href":"https:\/\/serveiseducatius.xtec.cat\/osona\/wp-json\/wp\/v2\/tags?post=8826"}],"curies":[{"name":"wp","href":"https:\/\/api.w.org\/{rel}","templated":true}]}}