{"id":8808,"date":"2018-09-07T10:43:44","date_gmt":"2018-09-07T08:43:44","guid":{"rendered":"http:\/\/serveiseducatius.xtec.cat\/osona\/?p=8808"},"modified":"2018-09-07T13:16:58","modified_gmt":"2018-09-07T11:16:58","slug":"maletes-pedagogiques-historia","status":"publish","type":"post","link":"https:\/\/serveiseducatius.xtec.cat\/osona\/general\/maletes-pedagogiques-historia\/","title":{"rendered":"Maletes pedag\u00f2giques Hist\u00f2ria"},"content":{"rendered":"<h4><span style=\"color: #3366ff;\">Caixa dels pirates:<\/span><\/h4>\n<p><a href=\"http:\/\/serveiseducatius.xtec.cat\/osona\/wp-content\/uploads\/usu1175\/2014\/09\/pirates.jpg\"><img loading=\"lazy\" decoding=\"async\" class=\"size-full wp-image-8793 alignright\" src=\"http:\/\/serveiseducatius.xtec.cat\/osona\/wp-content\/uploads\/usu1175\/2014\/09\/pirates.jpg\" alt=\"\" width=\"225\" height=\"225\" srcset=\"https:\/\/serveiseducatius.xtec.cat\/osona\/wp-content\/uploads\/usu1175\/2014\/09\/pirates.jpg 225w, https:\/\/serveiseducatius.xtec.cat\/osona\/wp-content\/uploads\/usu1175\/2014\/09\/pirates-150x150.jpg 150w\" sizes=\"auto, (max-width: 225px) 100vw, 225px\" \/><\/a><\/p>\n<p><strong>A qui s\u2019adre\u00e7a:\u00a0<\/strong>Educaci\u00f3 Prim\u00e0ria i Educaci\u00f3 Secund\u00e0ria.<\/p>\n<p><strong>Descripci\u00f3:\u00a0<\/strong>Caixa per con\u00e8ixer el fenomen de la pirateria al llarg del temps i en diferents \u00e0rees, principament al Mediterrani (segles XV i XVI) i\u00a0 a l\u2019Atl\u00e0ntic (Segles XVII, XVIII, XIX).<\/p>\n<p>Hi\u00a0 trobareu novel\u00b7les d\u2019aventures, pel\u00b7l\u00edcules, fotografies, objectes variats com ara banderes, barrets, cartes de navegaci\u00f3, un tresor i un dossier d\u2019informaci\u00f3.<\/p>\n<p>Si voleu la fitxa de la caixa en PDF, cliqueu\u00a0<a href=\"http:\/\/www.slideshare.net\/MuseuMaritim\/caixa-dels-pirates\" target=\"_blank\" rel=\"noopener noreferrer\"><strong>aqu\u00ed<\/strong><\/a>. M\u00e9s informaci\u00f3 al\u00a0<a href=\"http:\/\/mmbcaixes.blogspot.com.es\/\" target=\"_blank\" rel=\"noopener noreferrer\"><strong>bloc de les caixes del Museu Mar\u00edtim de Barcelona<\/strong><\/a>.<\/p>\n<p>&nbsp;<\/p>\n<h4><span style=\"color: #3366ff;\">Caixa dels vaixells:<a href=\"http:\/\/serveiseducatius.xtec.cat\/osona\/wp-content\/uploads\/usu1175\/2014\/09\/vaixell.jpg\"><img loading=\"lazy\" decoding=\"async\" class=\"size-full wp-image-8794 alignright\" src=\"http:\/\/serveiseducatius.xtec.cat\/osona\/wp-content\/uploads\/usu1175\/2014\/09\/vaixell.jpg\" alt=\"\" width=\"225\" height=\"225\" srcset=\"https:\/\/serveiseducatius.xtec.cat\/osona\/wp-content\/uploads\/usu1175\/2014\/09\/vaixell.jpg 225w, https:\/\/serveiseducatius.xtec.cat\/osona\/wp-content\/uploads\/usu1175\/2014\/09\/vaixell-150x150.jpg 150w\" sizes=\"auto, (max-width: 225px) 100vw, 225px\" \/><\/a><\/span><\/h4>\n<p><strong>A qui s\u2019adre\u00e7a: <\/strong>Educaci\u00f3 Infantil i Educaci\u00f3 Prim\u00e0ria.<\/p>\n<p><strong>Descripci\u00f3: <\/strong>Qu\u00e8 \u00e9s un vaixell? Quins usos t\u00e9? Com s\u2019adequa la forma d\u2019un bastiment a la seva funci\u00f3? Com es propulsa? Ha estat sempre aix\u00ed?<\/p>\n<p>Per respondre aquestes i altres preguntes m\u00e9s espec\u00edfiques sobre nomenclatura, navegaci\u00f3 o hist\u00f2ria hem concebut aquesta caixa, que cont\u00e9 un joc sobre tipologies de vaixells per als m\u00e9s petits, fotografies d\u2019embarcacions de pesca, de transport, de passatge, de passeig, de guerra\u2026 i, entre altres coses, el dossier destinat als docents.<\/p>\n<p>Si voleu la fitxa de la maleta en format PDF, cliqueu <a href=\"http:\/\/www.slideshare.net\/MuseuMaritim\/caixa-dels-vaixells\" target=\"_blank\" rel=\"noopener noreferrer\"><strong>aqu\u00ed<\/strong><\/a>. M\u00e9s informaci\u00f3 al <a href=\"http:\/\/mmbcaixes.blogspot.com.es\/\" target=\"_blank\" rel=\"noopener noreferrer\"><strong>bloc de les caixes del Museu Mar\u00edtim de Barcelona<\/strong><\/a>.<\/p>\n<p><strong>Disponibilitat<\/strong>: Tot el curs del 17 de setembre el 21 de juny<br \/>\n<strong>Durada del pr\u00e9stec:<\/strong> 15 \u2013 20 dies<br \/>\n<strong>Reserves<\/strong>: 938866353 Ext 1 i Ext 2 \u2013 <strong>crp-osona@xtec.cat \/ extcrp-perafita@xtec.cat<\/strong><\/p>\n<p>&nbsp;<\/p>\n","protected":false},"excerpt":{"rendered":"<p>Noves maletes pedag\u00f2giques del Museu Mart\u00edm de Barcelona pel curs 18\/19<\/p>\n","protected":false},"author":1,"featured_media":8793,"comment_status":"closed","ping_status":"closed","sticky":false,"template":"","format":"standard","meta":{"_bbp_topic_count":0,"_bbp_reply_count":0,"_bbp_total_topic_count":0,"_bbp_total_reply_count":0,"_bbp_voice_count":0,"_bbp_anonymous_reply_count":0,"_bbp_topic_count_hidden":0,"_bbp_reply_count_hidden":0,"_bbp_forum_subforum_count":0,"site-sidebar-layout":"default","site-content-layout":"","ast-site-content-layout":"","site-content-style":"default","site-sidebar-style":"default","ast-global-header-display":"","ast-banner-title-visibility":"","ast-main-header-display":"","ast-hfb-above-header-display":"","ast-hfb-below-header-display":"","ast-hfb-mobile-header-display":"","site-post-title":"","ast-breadcrumbs-content":"","ast-featured-img":"","footer-sml-layout":"","theme-transparent-header-meta":"","adv-header-id-meta":"","stick-header-meta":"","header-above-stick-meta":"","header-main-stick-meta":"","header-below-stick-meta":"","astra-migrate-meta-layouts":"default","ast-page-background-enabled":"default","ast-page-background-meta":{"desktop":{"background-color":"var(--ast-global-color-4)","background-image":"","background-repeat":"repeat","background-position":"center center","background-size":"auto","background-attachment":"scroll","background-type":"","background-media":"","overlay-type":"","overlay-color":"","overlay-opacity":"","overlay-gradient":""},"tablet":{"background-color":"","background-image":"","background-repeat":"repeat","background-position":"center center","background-size":"auto","background-attachment":"scroll","background-type":"","background-media":"","overlay-type":"","overlay-color":"","overlay-opacity":"","overlay-gradient":""},"mobile":{"background-color":"","background-image":"","background-repeat":"repeat","background-position":"center center","background-size":"auto","background-attachment":"scroll","background-type":"","background-media":"","overlay-type":"","overlay-color":"","overlay-opacity":"","overlay-gradient":""}},"ast-content-background-meta":{"desktop":{"background-color":"var(--ast-global-color-5)","background-image":"","background-repeat":"repeat","background-position":"center center","background-size":"auto","background-attachment":"scroll","background-type":"","background-media":"","overlay-type":"","overlay-color":"","overlay-opacity":"","overlay-gradient":""},"tablet":{"background-color":"var(--ast-global-color-5)","background-image":"","background-repeat":"repeat","background-position":"center center","background-size":"auto","background-attachment":"scroll","background-type":"","background-media":"","overlay-type":"","overlay-color":"","overlay-opacity":"","overlay-gradient":""},"mobile":{"background-color":"var(--ast-global-color-5)","background-image":"","background-repeat":"repeat","background-position":"center center","background-size":"auto","background-attachment":"scroll","background-type":"","background-media":"","overlay-type":"","overlay-color":"","overlay-opacity":"","overlay-gradient":""}},"footnotes":""},"categories":[1,82,29],"tags":[343,327,309],"class_list":["post-8808","post","type-post","status-publish","format-standard","has-post-thumbnail","hentry","category-general","category-maletes-pedagogiques","category-portada","tag-infantil","tag-maletes","tag-primaria"],"post_mailing_queue_ids":[],"_links":{"self":[{"href":"https:\/\/serveiseducatius.xtec.cat\/osona\/wp-json\/wp\/v2\/posts\/8808","targetHints":{"allow":["GET"]}}],"collection":[{"href":"https:\/\/serveiseducatius.xtec.cat\/osona\/wp-json\/wp\/v2\/posts"}],"about":[{"href":"https:\/\/serveiseducatius.xtec.cat\/osona\/wp-json\/wp\/v2\/types\/post"}],"author":[{"embeddable":true,"href":"https:\/\/serveiseducatius.xtec.cat\/osona\/wp-json\/wp\/v2\/users\/1"}],"replies":[{"embeddable":true,"href":"https:\/\/serveiseducatius.xtec.cat\/osona\/wp-json\/wp\/v2\/comments?post=8808"}],"version-history":[{"count":2,"href":"https:\/\/serveiseducatius.xtec.cat\/osona\/wp-json\/wp\/v2\/posts\/8808\/revisions"}],"predecessor-version":[{"id":8810,"href":"https:\/\/serveiseducatius.xtec.cat\/osona\/wp-json\/wp\/v2\/posts\/8808\/revisions\/8810"}],"wp:featuredmedia":[{"embeddable":true,"href":"https:\/\/serveiseducatius.xtec.cat\/osona\/wp-json\/wp\/v2\/media\/8793"}],"wp:attachment":[{"href":"https:\/\/serveiseducatius.xtec.cat\/osona\/wp-json\/wp\/v2\/media?parent=8808"}],"wp:term":[{"taxonomy":"category","embeddable":true,"href":"https:\/\/serveiseducatius.xtec.cat\/osona\/wp-json\/wp\/v2\/categories?post=8808"},{"taxonomy":"post_tag","embeddable":true,"href":"https:\/\/serveiseducatius.xtec.cat\/osona\/wp-json\/wp\/v2\/tags?post=8808"}],"curies":[{"name":"wp","href":"https:\/\/api.w.org\/{rel}","templated":true}]}}