{"id":8645,"date":"2017-10-25T11:36:50","date_gmt":"2017-10-25T09:36:50","guid":{"rendered":"http:\/\/serveiseducatius.xtec.cat\/osona\/?p=8645"},"modified":"2017-11-09T10:53:34","modified_gmt":"2017-11-09T09:53:34","slug":"ossos-un-viatge-al-mon-medieval-de-la-ma-de-lantropologia-fisica","status":"publish","type":"post","link":"https:\/\/serveiseducatius.xtec.cat\/osona\/general\/ossos-un-viatge-al-mon-medieval-de-la-ma-de-lantropologia-fisica\/","title":{"rendered":"Ossos. Un viatge al m\u00f3n medieval de la m\u00e0 de l\u2019antropologia f\u00edsica"},"content":{"rendered":"<p>Us fem saber que al Museu de l&#8217;Esquerda de Roda de Ter podeu trobar l&#8217;exposici\u00f3 &#8220;Ossos. Un viatge al m\u00f3n medieval de la m\u00e0 de l\u2019antropologia f\u00edsica&#8221; des del 8 de setembre fins el 3 de desembre de 2017, us adjuntem una petita explicaci\u00f3 del que trobareu.<\/p>\n<p><a href=\"https:\/\/www.lesquerda.cat\/activitats-i-serveis\/noticies\/164-ossos-un-viatge-al-m%C3%B3n-medieval-de-la-m%C3%A0-de-l-antropologia-f%C3%ADsica\" target=\"_blank\" rel=\"noopener noreferrer\"><img loading=\"lazy\" decoding=\"async\" class=\"aligncenter wp-image-8646 size-full\" src=\"http:\/\/serveiseducatius.xtec.cat\/osona\/wp-content\/uploads\/usu1175\/2017\/10\/image001.jpg\" alt=\"\" width=\"247\" height=\"98\" \/><\/a><\/p>\n<p>L&#8217;exposici\u00f3 Ossos un viatge a l&#8217;\u00e8poca medieval de la m\u00e0 de l&#8217;antropologia f\u00edsica ens apropa a les condicions de vida de les poblacions catalanes dels segles VIII i XV a trav\u00e9s de l&#8217;estudi de les restes d&#8217;esquelets localitzades a jaciments arqueol\u00f2gics situats b\u00e0sicament a la Catalunya central. L&#8217;exposici\u00f3 explica com vivien i morien els nostres avantpassats de l&#8217;edat mitjana i aprofundeix en diferents aspectes de la seva vida a partir de la utilitzaci\u00f3 de diverses t\u00e8cniques de l&#8217;antropologia f\u00edsica -la ci\u00e8ncia que estudia les restes \u00f2ssies- i la paleontologia -la ci\u00e8ncia que estudia les malalties que van patir persones o animals del passat-.<\/p>\n<p>Una part important de les necr\u00f2polis i dels monuments presentats en aquesta mostra varen ser estudiats en col\u00b7laboraci\u00f3 per membres del laboratori de paleopatologia i paleoantropologia del museu d&#8217;arqueologia de Catalunya i foren excavats pel servei del patrimoni arquitect\u00f2nic local (SPAL) de la Diputaci\u00f3 de Barcelona i per altres centres d&#8217;investigaci\u00f3 i empreses.<\/p>\n<p><a href=\"http:\/\/serveiseducatius.xtec.cat\/osona\/wp-content\/uploads\/usu1175\/2017\/10\/Tr\u00edptic-esquerda-front.png\"><img loading=\"lazy\" decoding=\"async\" class=\"wp-image-8648 aligncenter\" src=\"http:\/\/serveiseducatius.xtec.cat\/osona\/wp-content\/uploads\/usu1175\/2017\/10\/Tr\u00edptic-esquerda-front.png\" alt=\"\" width=\"936\" height=\"1016\" srcset=\"https:\/\/serveiseducatius.xtec.cat\/osona\/wp-content\/uploads\/usu1175\/2017\/10\/Tr\u00edptic-esquerda-front.png 940w, https:\/\/serveiseducatius.xtec.cat\/osona\/wp-content\/uploads\/usu1175\/2017\/10\/Tr\u00edptic-esquerda-front-276x300.png 276w, https:\/\/serveiseducatius.xtec.cat\/osona\/wp-content\/uploads\/usu1175\/2017\/10\/Tr\u00edptic-esquerda-front-768x833.png 768w\" sizes=\"auto, (max-width: 936px) 100vw, 936px\" \/><\/a><a href=\"http:\/\/serveiseducatius.xtec.cat\/osona\/wp-content\/uploads\/usu1175\/2017\/10\/Tr\u00edptic-esquerda-back.png\"><img loading=\"lazy\" decoding=\"async\" class=\"wp-image-8647 aligncenter\" src=\"http:\/\/serveiseducatius.xtec.cat\/osona\/wp-content\/uploads\/usu1175\/2017\/10\/Tr\u00edptic-esquerda-back.png\" alt=\"\" width=\"936\" height=\"992\" srcset=\"https:\/\/serveiseducatius.xtec.cat\/osona\/wp-content\/uploads\/usu1175\/2017\/10\/Tr\u00edptic-esquerda-back.png 961w, https:\/\/serveiseducatius.xtec.cat\/osona\/wp-content\/uploads\/usu1175\/2017\/10\/Tr\u00edptic-esquerda-back-283x300.png 283w, https:\/\/serveiseducatius.xtec.cat\/osona\/wp-content\/uploads\/usu1175\/2017\/10\/Tr\u00edptic-esquerda-back-768x814.png 768w\" sizes=\"auto, (max-width: 936px) 100vw, 936px\" \/><\/a><\/p>\n<p>&nbsp;<\/p>\n","protected":false},"excerpt":{"rendered":"<p>L&#8217;exposici\u00f3 Ossos un viatge a l&#8217;\u00e8poca medieval de la m\u00e0 de l&#8217;antropologia f\u00edsica ens apropa a les condicions de vida de les poblacions catalanes dels segles VIII i XV a trav\u00e9s de l&#8217;estudi de les restes d&#8217;esquelets localitzades a jaciments arqueol\u00f2gics situats b\u00e0sicament a la Catalunya central.<\/p>\n","protected":false},"author":14,"featured_media":8646,"comment_status":"open","ping_status":"closed","sticky":false,"template":"","format":"standard","meta":{"_bbp_topic_count":0,"_bbp_reply_count":0,"_bbp_total_topic_count":0,"_bbp_total_reply_count":0,"_bbp_voice_count":0,"_bbp_anonymous_reply_count":0,"_bbp_topic_count_hidden":0,"_bbp_reply_count_hidden":0,"_bbp_forum_subforum_count":0,"site-sidebar-layout":"default","site-content-layout":"","ast-site-content-layout":"","site-content-style":"default","site-sidebar-style":"default","ast-global-header-display":"","ast-banner-title-visibility":"","ast-main-header-display":"","ast-hfb-above-header-display":"","ast-hfb-below-header-display":"","ast-hfb-mobile-header-display":"","site-post-title":"","ast-breadcrumbs-content":"","ast-featured-img":"","footer-sml-layout":"","theme-transparent-header-meta":"","adv-header-id-meta":"","stick-header-meta":"","header-above-stick-meta":"","header-main-stick-meta":"","header-below-stick-meta":"","astra-migrate-meta-layouts":"default","ast-page-background-enabled":"default","ast-page-background-meta":{"desktop":{"background-color":"var(--ast-global-color-4)","background-image":"","background-repeat":"repeat","background-position":"center center","background-size":"auto","background-attachment":"scroll","background-type":"","background-media":"","overlay-type":"","overlay-color":"","overlay-opacity":"","overlay-gradient":""},"tablet":{"background-color":"","background-image":"","background-repeat":"repeat","background-position":"center center","background-size":"auto","background-attachment":"scroll","background-type":"","background-media":"","overlay-type":"","overlay-color":"","overlay-opacity":"","overlay-gradient":""},"mobile":{"background-color":"","background-image":"","background-repeat":"repeat","background-position":"center center","background-size":"auto","background-attachment":"scroll","background-type":"","background-media":"","overlay-type":"","overlay-color":"","overlay-opacity":"","overlay-gradient":""}},"ast-content-background-meta":{"desktop":{"background-color":"var(--ast-global-color-5)","background-image":"","background-repeat":"repeat","background-position":"center center","background-size":"auto","background-attachment":"scroll","background-type":"","background-media":"","overlay-type":"","overlay-color":"","overlay-opacity":"","overlay-gradient":""},"tablet":{"background-color":"var(--ast-global-color-5)","background-image":"","background-repeat":"repeat","background-position":"center center","background-size":"auto","background-attachment":"scroll","background-type":"","background-media":"","overlay-type":"","overlay-color":"","overlay-opacity":"","overlay-gradient":""},"mobile":{"background-color":"var(--ast-global-color-5)","background-image":"","background-repeat":"repeat","background-position":"center center","background-size":"auto","background-attachment":"scroll","background-type":"","background-media":"","overlay-type":"","overlay-color":"","overlay-opacity":"","overlay-gradient":""}},"footnotes":""},"categories":[1,29],"tags":[329,330,247],"class_list":["post-8645","post","type-post","status-publish","format-standard","has-post-thumbnail","hentry","category-general","category-portada","tag-esquerda","tag-exposicio","tag-historia"],"post_mailing_queue_ids":[],"_links":{"self":[{"href":"https:\/\/serveiseducatius.xtec.cat\/osona\/wp-json\/wp\/v2\/posts\/8645","targetHints":{"allow":["GET"]}}],"collection":[{"href":"https:\/\/serveiseducatius.xtec.cat\/osona\/wp-json\/wp\/v2\/posts"}],"about":[{"href":"https:\/\/serveiseducatius.xtec.cat\/osona\/wp-json\/wp\/v2\/types\/post"}],"author":[{"embeddable":true,"href":"https:\/\/serveiseducatius.xtec.cat\/osona\/wp-json\/wp\/v2\/users\/14"}],"replies":[{"embeddable":true,"href":"https:\/\/serveiseducatius.xtec.cat\/osona\/wp-json\/wp\/v2\/comments?post=8645"}],"version-history":[{"count":2,"href":"https:\/\/serveiseducatius.xtec.cat\/osona\/wp-json\/wp\/v2\/posts\/8645\/revisions"}],"predecessor-version":[{"id":8650,"href":"https:\/\/serveiseducatius.xtec.cat\/osona\/wp-json\/wp\/v2\/posts\/8645\/revisions\/8650"}],"wp:featuredmedia":[{"embeddable":true,"href":"https:\/\/serveiseducatius.xtec.cat\/osona\/wp-json\/wp\/v2\/media\/8646"}],"wp:attachment":[{"href":"https:\/\/serveiseducatius.xtec.cat\/osona\/wp-json\/wp\/v2\/media?parent=8645"}],"wp:term":[{"taxonomy":"category","embeddable":true,"href":"https:\/\/serveiseducatius.xtec.cat\/osona\/wp-json\/wp\/v2\/categories?post=8645"},{"taxonomy":"post_tag","embeddable":true,"href":"https:\/\/serveiseducatius.xtec.cat\/osona\/wp-json\/wp\/v2\/tags?post=8645"}],"curies":[{"name":"wp","href":"https:\/\/api.w.org\/{rel}","templated":true}]}}