{"id":12723,"date":"2026-02-20T13:58:20","date_gmt":"2026-02-20T12:58:20","guid":{"rendered":"https:\/\/serveiseducatius.xtec.cat\/osona\/?p=12723"},"modified":"2026-02-20T13:58:20","modified_gmt":"2026-02-20T12:58:20","slug":"congres-la-ciencia-feta-pels-infants-2026","status":"publish","type":"post","link":"https:\/\/serveiseducatius.xtec.cat\/osona\/portada\/congres-la-ciencia-feta-pels-infants-2026\/","title":{"rendered":"Congr\u00e9s &#8220;LA CI\u00c8NCIA FETA PELS INFANTS&#8221; 2026"},"content":{"rendered":"\n<p>Us convidem a participar al:<\/p>\n\n\n\n<p>23\u00e8 congr\u00e9s cient\u00edfic<\/p>\n\n\n\n<p>&#8220;LA CI\u00c8NCIA FETA PELS INFANTS&#8221;<\/p>\n\n\n\n<p>Aquest programa t\u00e9 per objectiu promoure l&#8217;experimentaci\u00f3 i la investigaci\u00f3 cient\u00edfica entre els infants d&#8217;infantil i prim\u00e0ria.<\/p>\n\n\n\n<p>El congr\u00e9s \u00e9s un espai on cada centre participant exposa els resultats de les investigacions que han realitzat durant el curs davant la resta d&#8217;alumnat que participa en el congr\u00e9s. El congr\u00e9s tamb\u00e9 serveix per fomentar el treball en xarxa entre els docents que hi participen i compta amb l&#8217;acompanyament per part dels professionals del CRP d&#8217;Osona i el professorat de l&#8217;\u00c0rea de Did\u00e0ctica de les Ci\u00e8ncies de la UVic.<\/p>\n\n\n\n<p>Com participar-hi:<\/p>\n\n\n\n<p>Cada centre participant exposa el resultat de la investigaci\u00f3 que ha realitzat a la resta de participants. Les pon\u00e8ncies les fa un petit grup d&#8217;alumnes en representaci\u00f3 de cada grup-classe. El tema que es presenta ha de ser el resultat d&#8217;una investigaci\u00f3 a partir d&#8217;una pregunta o fenomen, que hagi suposat fer observaci\u00f3 i recerca per part dels infants per poder arribar a unes conclusions.<\/p>\n\n\n\n<p>Calendari i organitzaci\u00f3:<\/p>\n\n\n\n<p>Inscripci\u00f3: Del 30 de gener al 27 de mar\u00e7 a trav\u00e9s del <a href=\"https:\/\/docs.google.com\/forms\/d\/e\/1FAIpQLScN_DA_DTQzmO2Q1DUfmwNiyymBCN7DResO8SfmaWc2YHDm_A\/viewform\" target=\"_blank\" rel=\"noreferrer noopener\">formulari<\/a><\/p>\n\n\n\n<p>Pon\u00e8ncies de l\u2019alumnat: El 13 o 14 de maig a l&#8217;aula magna de la UVic del campus de la Torre dels Frares. L&#8217;horari ser\u00e0 aproximadament de 9:30\u202fh a 12:30\u202fh.<\/p>\n\n\n\n<p><\/p>\n","protected":false},"excerpt":{"rendered":"<p>Us convidem a participar al: 23\u00e8 congr\u00e9s cient\u00edfic &#8220;LA CI\u00c8NCIA FETA PELS INFANTS&#8221; Aquest programa t\u00e9 per objectiu promoure l&#8217;experimentaci\u00f3 [&hellip;]<\/p>\n","protected":false},"author":1,"featured_media":12724,"comment_status":"closed","ping_status":"open","sticky":false,"template":"","format":"standard","meta":{"_bbp_topic_count":0,"_bbp_reply_count":0,"_bbp_total_topic_count":0,"_bbp_total_reply_count":0,"_bbp_voice_count":0,"_bbp_anonymous_reply_count":0,"_bbp_topic_count_hidden":0,"_bbp_reply_count_hidden":0,"_bbp_forum_subforum_count":0,"site-sidebar-layout":"default","site-content-layout":"","ast-site-content-layout":"default","site-content-style":"default","site-sidebar-style":"default","ast-global-header-display":"","ast-banner-title-visibility":"","ast-main-header-display":"","ast-hfb-above-header-display":"","ast-hfb-below-header-display":"","ast-hfb-mobile-header-display":"","site-post-title":"","ast-breadcrumbs-content":"","ast-featured-img":"","footer-sml-layout":"","theme-transparent-header-meta":"","adv-header-id-meta":"","stick-header-meta":"","header-above-stick-meta":"","header-main-stick-meta":"","header-below-stick-meta":"","astra-migrate-meta-layouts":"set","ast-page-background-enabled":"default","ast-page-background-meta":{"desktop":{"background-color":"var(--ast-global-color-4)","background-image":"","background-repeat":"repeat","background-position":"center center","background-size":"auto","background-attachment":"scroll","background-type":"","background-media":"","overlay-type":"","overlay-color":"","overlay-opacity":"","overlay-gradient":""},"tablet":{"background-color":"","background-image":"","background-repeat":"repeat","background-position":"center center","background-size":"auto","background-attachment":"scroll","background-type":"","background-media":"","overlay-type":"","overlay-color":"","overlay-opacity":"","overlay-gradient":""},"mobile":{"background-color":"","background-image":"","background-repeat":"repeat","background-position":"center center","background-size":"auto","background-attachment":"scroll","background-type":"","background-media":"","overlay-type":"","overlay-color":"","overlay-opacity":"","overlay-gradient":""}},"ast-content-background-meta":{"desktop":{"background-color":"var(--ast-global-color-5)","background-image":"","background-repeat":"repeat","background-position":"center center","background-size":"auto","background-attachment":"scroll","background-type":"","background-media":"","overlay-type":"","overlay-color":"","overlay-opacity":"","overlay-gradient":""},"tablet":{"background-color":"var(--ast-global-color-5)","background-image":"","background-repeat":"repeat","background-position":"center center","background-size":"auto","background-attachment":"scroll","background-type":"","background-media":"","overlay-type":"","overlay-color":"","overlay-opacity":"","overlay-gradient":""},"mobile":{"background-color":"var(--ast-global-color-5)","background-image":"","background-repeat":"repeat","background-position":"center center","background-size":"auto","background-attachment":"scroll","background-type":"","background-media":"","overlay-type":"","overlay-color":"","overlay-opacity":"","overlay-gradient":""}},"footnotes":""},"categories":[65,29],"tags":[],"class_list":["post-12723","post","type-post","status-publish","format-standard","has-post-thumbnail","hentry","category-crp","category-portada"],"post_mailing_queue_ids":[],"_links":{"self":[{"href":"https:\/\/serveiseducatius.xtec.cat\/osona\/wp-json\/wp\/v2\/posts\/12723","targetHints":{"allow":["GET"]}}],"collection":[{"href":"https:\/\/serveiseducatius.xtec.cat\/osona\/wp-json\/wp\/v2\/posts"}],"about":[{"href":"https:\/\/serveiseducatius.xtec.cat\/osona\/wp-json\/wp\/v2\/types\/post"}],"author":[{"embeddable":true,"href":"https:\/\/serveiseducatius.xtec.cat\/osona\/wp-json\/wp\/v2\/users\/1"}],"replies":[{"embeddable":true,"href":"https:\/\/serveiseducatius.xtec.cat\/osona\/wp-json\/wp\/v2\/comments?post=12723"}],"version-history":[{"count":1,"href":"https:\/\/serveiseducatius.xtec.cat\/osona\/wp-json\/wp\/v2\/posts\/12723\/revisions"}],"predecessor-version":[{"id":12725,"href":"https:\/\/serveiseducatius.xtec.cat\/osona\/wp-json\/wp\/v2\/posts\/12723\/revisions\/12725"}],"wp:featuredmedia":[{"embeddable":true,"href":"https:\/\/serveiseducatius.xtec.cat\/osona\/wp-json\/wp\/v2\/media\/12724"}],"wp:attachment":[{"href":"https:\/\/serveiseducatius.xtec.cat\/osona\/wp-json\/wp\/v2\/media?parent=12723"}],"wp:term":[{"taxonomy":"category","embeddable":true,"href":"https:\/\/serveiseducatius.xtec.cat\/osona\/wp-json\/wp\/v2\/categories?post=12723"},{"taxonomy":"post_tag","embeddable":true,"href":"https:\/\/serveiseducatius.xtec.cat\/osona\/wp-json\/wp\/v2\/tags?post=12723"}],"curies":[{"name":"wp","href":"https:\/\/api.w.org\/{rel}","templated":true}]}}