{"id":12717,"date":"2026-02-20T09:33:42","date_gmt":"2026-02-20T08:33:42","guid":{"rendered":"https:\/\/serveiseducatius.xtec.cat\/osona\/?p=12717"},"modified":"2026-02-20T09:33:43","modified_gmt":"2026-02-20T08:33:43","slug":"cinema-i-debat-midnight-family-i-les-desigualtats-en-lacces-a-la-salut","status":"publish","type":"post","link":"https:\/\/serveiseducatius.xtec.cat\/osona\/portada\/cinema-i-debat-midnight-family-i-les-desigualtats-en-lacces-a-la-salut\/","title":{"rendered":"Cinema i debat: &#8220;Midnight Family&#8221; i les desigualtats en l&#8217;acc\u00e9s a la salut"},"content":{"rendered":"\n<p>El proper <strong>19 de mar\u00e7<\/strong>, s&#8217;organitza una sessi\u00f3 matinal de cinema i debat adre\u00e7ada a centres educatius per reflexionar sobre les injust\u00edcies socials en l&#8217;\u00e0mbit sanitari. L&#8217;activitat tindr\u00e0 com a eix central la projecci\u00f3 del guardonat documental <em>&#8220;Midnight Family&#8221;<\/em>.<\/p>\n\n\n\n<p><strong>El rerefons: un sistema d&#8217;emerg\u00e8ncies col\u00b7lapsat<\/strong> Ciutat de M\u00e8xic compta nom\u00e9s amb 45 ambul\u00e0ncies p\u00fabliques per atendre una poblaci\u00f3 de m\u00e9s de 9 milions d\u2019habitants. En aquest escenari cr\u00edtic, <em>&#8220;Midnight Family&#8221;<\/em> explica la hist\u00f2ria de la fam\u00edlia Ochoa, que opera una ambul\u00e0ncia privada i lluita di\u00e0riament pels carrers de la ciutat per ser els primers a respondre a les trucades dels pacients que necessiten assist\u00e8ncia m\u00e8dica urgent despr\u00e9s d&#8217;un accident.<\/p>\n\n\n\n<p><strong>Desenvolupament de l&#8217;activitat<\/strong> La sessi\u00f3 consistir\u00e0 en el visionat del documental, que t\u00e9 una durada de 81 minuts. A continuaci\u00f3, s&#8217;obrir\u00e0 un espai de debat amb l&#8217;alumnat assistent amb l&#8217;objectiu de plantejar temes com les injust\u00edcies socials, els problemes estructurals en l&#8217;acc\u00e9s al sistema de salut i diverses q\u00fcestions estretament vinculades als drets de les persones.<\/p>\n\n\n\n<p><strong>Informaci\u00f3 pr\u00e0ctica<\/strong><\/p>\n\n\n\n<ul class=\"wp-block-list\">\n<li><strong>Data i hora:<\/strong> 19 de mar\u00e7 a les 10:00 h<\/li>\n\n\n\n<li><strong>Lloc:<\/strong> Cineclub Vic, Espai ETC (Pg. de la Generalitat, 46, 08500 Vic)<\/li>\n\n\n\n<li><strong>P\u00fablic destinatari:<\/strong> Alumnat de 4t d&#8217;ESO i Batxillerat<\/li>\n\n\n\n<li><strong>Idioma de projecci\u00f3:<\/strong> Castell\u00e0<\/li>\n\n\n\n<li><strong>Preu:<\/strong> Activitat gratu\u00efta<\/li>\n<\/ul>\n\n\n\n<p><strong>Inscripcions<\/strong> Tot i ser una activitat gratu\u00efta, l&#8217;aforament \u00e9s limitat. \u00c9s <strong>imprescindible<\/strong> que les escoles interessades formalitzin la inscripci\u00f3 pr\u00e8via a trav\u00e9s del seg\u00fcent formulari: <a href=\"https:\/\/www.email-index.com\/click.php?L=QvuDO2ysfO9VDJ0r5tEygg&amp;J=dAfNca763DDJKCWjs21NjBuQ&amp;C=dx9Wnwzd4zx8FrcY7HPhWg&amp;F=HKFRcCbcnmxmc4f43DJP5g\">[Enlla\u00e7 a la inscripci\u00f3 &#8211; AQU\u00cd]<\/a><\/p>\n\n\n\n<hr class=\"wp-block-separator has-alpha-channel-opacity\"\/>\n\n\n\n<blockquote class=\"wp-block-quote is-layout-flow wp-block-quote-is-layout-flow\">\n<p><em>Aquesta activitat est\u00e0 organitzada des de la C\u00e0tedra de Bio\u00e8tica de la UVIC, en col\u00b7laboraci\u00f3 amb l&#8217;Americana Film Fest i el Departament d&#8217;Educaci\u00f3 de la Generalitat de Catalunya.<\/em><\/p>\n<\/blockquote>\n\n\n\n<p><\/p>\n","protected":false},"excerpt":{"rendered":"<p>El proper 19 de mar\u00e7, s&#8217;organitza una sessi\u00f3 matinal de cinema i debat adre\u00e7ada a centres educatius per reflexionar sobre [&hellip;]<\/p>\n","protected":false},"author":1,"featured_media":12718,"comment_status":"closed","ping_status":"open","sticky":false,"template":"","format":"standard","meta":{"_bbp_topic_count":0,"_bbp_reply_count":0,"_bbp_total_topic_count":0,"_bbp_total_reply_count":0,"_bbp_voice_count":0,"_bbp_anonymous_reply_count":0,"_bbp_topic_count_hidden":0,"_bbp_reply_count_hidden":0,"_bbp_forum_subforum_count":0,"site-sidebar-layout":"default","site-content-layout":"","ast-site-content-layout":"default","site-content-style":"default","site-sidebar-style":"default","ast-global-header-display":"","ast-banner-title-visibility":"","ast-main-header-display":"","ast-hfb-above-header-display":"","ast-hfb-below-header-display":"","ast-hfb-mobile-header-display":"","site-post-title":"","ast-breadcrumbs-content":"","ast-featured-img":"","footer-sml-layout":"","theme-transparent-header-meta":"","adv-header-id-meta":"","stick-header-meta":"","header-above-stick-meta":"","header-main-stick-meta":"","header-below-stick-meta":"","astra-migrate-meta-layouts":"set","ast-page-background-enabled":"default","ast-page-background-meta":{"desktop":{"background-color":"var(--ast-global-color-4)","background-image":"","background-repeat":"repeat","background-position":"center center","background-size":"auto","background-attachment":"scroll","background-type":"","background-media":"","overlay-type":"","overlay-color":"","overlay-opacity":"","overlay-gradient":""},"tablet":{"background-color":"","background-image":"","background-repeat":"repeat","background-position":"center center","background-size":"auto","background-attachment":"scroll","background-type":"","background-media":"","overlay-type":"","overlay-color":"","overlay-opacity":"","overlay-gradient":""},"mobile":{"background-color":"","background-image":"","background-repeat":"repeat","background-position":"center center","background-size":"auto","background-attachment":"scroll","background-type":"","background-media":"","overlay-type":"","overlay-color":"","overlay-opacity":"","overlay-gradient":""}},"ast-content-background-meta":{"desktop":{"background-color":"var(--ast-global-color-5)","background-image":"","background-repeat":"repeat","background-position":"center center","background-size":"auto","background-attachment":"scroll","background-type":"","background-media":"","overlay-type":"","overlay-color":"","overlay-opacity":"","overlay-gradient":""},"tablet":{"background-color":"var(--ast-global-color-5)","background-image":"","background-repeat":"repeat","background-position":"center center","background-size":"auto","background-attachment":"scroll","background-type":"","background-media":"","overlay-type":"","overlay-color":"","overlay-opacity":"","overlay-gradient":""},"mobile":{"background-color":"var(--ast-global-color-5)","background-image":"","background-repeat":"repeat","background-position":"center center","background-size":"auto","background-attachment":"scroll","background-type":"","background-media":"","overlay-type":"","overlay-color":"","overlay-opacity":"","overlay-gradient":""}},"footnotes":""},"categories":[65,29],"tags":[],"class_list":["post-12717","post","type-post","status-publish","format-standard","has-post-thumbnail","hentry","category-crp","category-portada"],"post_mailing_queue_ids":[],"_links":{"self":[{"href":"https:\/\/serveiseducatius.xtec.cat\/osona\/wp-json\/wp\/v2\/posts\/12717","targetHints":{"allow":["GET"]}}],"collection":[{"href":"https:\/\/serveiseducatius.xtec.cat\/osona\/wp-json\/wp\/v2\/posts"}],"about":[{"href":"https:\/\/serveiseducatius.xtec.cat\/osona\/wp-json\/wp\/v2\/types\/post"}],"author":[{"embeddable":true,"href":"https:\/\/serveiseducatius.xtec.cat\/osona\/wp-json\/wp\/v2\/users\/1"}],"replies":[{"embeddable":true,"href":"https:\/\/serveiseducatius.xtec.cat\/osona\/wp-json\/wp\/v2\/comments?post=12717"}],"version-history":[{"count":1,"href":"https:\/\/serveiseducatius.xtec.cat\/osona\/wp-json\/wp\/v2\/posts\/12717\/revisions"}],"predecessor-version":[{"id":12719,"href":"https:\/\/serveiseducatius.xtec.cat\/osona\/wp-json\/wp\/v2\/posts\/12717\/revisions\/12719"}],"wp:featuredmedia":[{"embeddable":true,"href":"https:\/\/serveiseducatius.xtec.cat\/osona\/wp-json\/wp\/v2\/media\/12718"}],"wp:attachment":[{"href":"https:\/\/serveiseducatius.xtec.cat\/osona\/wp-json\/wp\/v2\/media?parent=12717"}],"wp:term":[{"taxonomy":"category","embeddable":true,"href":"https:\/\/serveiseducatius.xtec.cat\/osona\/wp-json\/wp\/v2\/categories?post=12717"},{"taxonomy":"post_tag","embeddable":true,"href":"https:\/\/serveiseducatius.xtec.cat\/osona\/wp-json\/wp\/v2\/tags?post=12717"}],"curies":[{"name":"wp","href":"https:\/\/api.w.org\/{rel}","templated":true}]}}