{"id":12466,"date":"2025-06-17T10:30:32","date_gmt":"2025-06-17T08:30:32","guid":{"rendered":"https:\/\/serveiseducatius.xtec.cat\/osona\/?p=12466"},"modified":"2025-06-17T10:30:33","modified_gmt":"2025-06-17T08:30:33","slug":"invitacio-a-la-presentacio-del-nou-recurs-educatiu-aiguaccio-18-de-juny-al-museu-del-ter","status":"publish","type":"post","link":"https:\/\/serveiseducatius.xtec.cat\/osona\/portada\/invitacio-a-la-presentacio-del-nou-recurs-educatiu-aiguaccio-18-de-juny-al-museu-del-ter\/","title":{"rendered":"Invitaci\u00f3 a la Presentaci\u00f3 del nou recurs educatiu Aiguacci\u00f3 \u2013 18 de juny al Museu del Ter"},"content":{"rendered":"\n<p>Ens complau convidar-vos a la presentaci\u00f3 del projecte Aiguacci\u00f3, un nou recurs educatiu impulsat per la Universitat de Vic \u2013 Universitat Central de Catalunya, el Museu del Ter i finan\u00e7at per la Fundaci\u00f3n Espa\u00f1ola para la Ciencia y la Tecnologia \u2013 Ministerio de Ciencia, Innovaci\u00f3n y Universidades,<\/p>\n\n\n\n<p>Aiguacci\u00f3 \u00e9s un joc de tipus escape-room exterior&nbsp;adre\u00e7at a cicle superior de prim\u00e0ria i ESO, que convida els infants a posar-se en la pell d\u2019investigadors ambientals davant d\u2019un problema real que afecta el riu Ter: la mort sobtada dels peixos. Aquest esdeveniment \u00e9s el fil conductor d\u2019un repte col\u00b7laboratiu que es desenvolupa en diverses fases i localitzacions, i que t\u00e9 com a objectiu descobrir les causes d\u2019aquest problema per mitj\u00e0 de la investigaci\u00f3 i resoluci\u00f3 de reptes. La proposta es divideix en cinc fases que combinen el treball de camp, el laboratori, l\u2019an\u00e0lisi de dades i el raonament col\u00b7lectiu. Aquesta activitat estar\u00e0&nbsp; d<strong>isponible per primera vegada durant el curs 2025-26 com a activitat del Museu del&nbsp;<\/strong>Ter&nbsp;amb&nbsp;p<strong>laces limitades.<\/strong><\/p>\n\n\n\n<p><strong>La presentaci\u00f3 de la proposta adre\u00e7ada especialment a docents de cicle superior de prim\u00e0ria i secund\u00e0ria tindr\u00e0 lloc dimecres 18 de juny \u00b7 16 h \u00b7 Museu del Ter (Manlleu)<\/strong><\/p>\n\n\n\n<p><strong>Programa:<\/strong><\/p>\n\n\n\n<ul class=\"wp-block-list\">\n<li>16.00 h \u00b7 Benvinguda i presentaci\u00f3 del projecte<\/li>\n<\/ul>\n\n\n\n<ul class=\"wp-block-list\">\n<li>16.15 h \u00b7 Pon\u00e8ncia de la Dra. Mariona Massip (Grup de Recerca GREDICS, UAB)\u00a0\u00a0<\/li>\n<\/ul>\n\n\n\n<ul class=\"wp-block-list\">\n<li>16.50 h \u00b7 Presentaci\u00f3 dels materials educatius<\/li>\n<\/ul>\n\n\n\n<ul class=\"wp-block-list\">\n<li>17.40 h \u00b7 Berenar i espai per compartir<\/li>\n<\/ul>\n\n\n\n<p>Act<strong>e<\/strong>&nbsp;gratu\u00eft amb inscripci\u00f3 pr\u00e8via:&nbsp;<a href=\"https:\/\/forms.office.com\/e\/SxuEytpxpv\" rel=\"noreferrer noopener\" target=\"_blank\">https:\/\/forms.office.com\/e\/SxuEytpxpv<\/a><\/p>\n\n\n\n<p>Us hi esperem! I si creieu que pot interessar a altres docents del vostre centre o entorn, no dubteu a fer-los arribar aquesta invitaci\u00f3.<\/p>\n\n\n\n<p>Cordialment,<\/p>\n\n\n\n<p>Equip d&#8217;Aiguacci\u00f3<\/p>\n\n\n\n<figure class=\"wp-block-image size-large\"><a href=\"https:\/\/serveiseducatius.xtec.cat\/osona\/wp-content\/uploads\/usu1175\/2025\/06\/image-4.png\"><img loading=\"lazy\" decoding=\"async\" width=\"725\" height=\"1024\" src=\"https:\/\/serveiseducatius.xtec.cat\/osona\/wp-content\/uploads\/usu1175\/2025\/06\/image-4-725x1024.png\" alt=\"\" class=\"wp-image-12467\" srcset=\"https:\/\/serveiseducatius.xtec.cat\/osona\/wp-content\/uploads\/usu1175\/2025\/06\/image-4-725x1024.png 725w, https:\/\/serveiseducatius.xtec.cat\/osona\/wp-content\/uploads\/usu1175\/2025\/06\/image-4-212x300.png 212w, https:\/\/serveiseducatius.xtec.cat\/osona\/wp-content\/uploads\/usu1175\/2025\/06\/image-4-768x1085.png 768w, https:\/\/serveiseducatius.xtec.cat\/osona\/wp-content\/uploads\/usu1175\/2025\/06\/image-4-1087x1536.png 1087w, https:\/\/serveiseducatius.xtec.cat\/osona\/wp-content\/uploads\/usu1175\/2025\/06\/image-4.png 1241w\" sizes=\"auto, (max-width: 725px) 100vw, 725px\" \/><\/a><\/figure>\n","protected":false},"excerpt":{"rendered":"<p>Ens complau convidar-vos a la presentaci\u00f3 del projecte Aiguacci\u00f3, un nou recurs educatiu impulsat per la Universitat de Vic \u2013 [&hellip;]<\/p>\n","protected":false},"author":1,"featured_media":12467,"comment_status":"closed","ping_status":"open","sticky":false,"template":"","format":"standard","meta":{"_bbp_topic_count":0,"_bbp_reply_count":0,"_bbp_total_topic_count":0,"_bbp_total_reply_count":0,"_bbp_voice_count":0,"_bbp_anonymous_reply_count":0,"_bbp_topic_count_hidden":0,"_bbp_reply_count_hidden":0,"_bbp_forum_subforum_count":0,"site-sidebar-layout":"default","site-content-layout":"","ast-site-content-layout":"default","site-content-style":"default","site-sidebar-style":"default","ast-global-header-display":"","ast-banner-title-visibility":"","ast-main-header-display":"","ast-hfb-above-header-display":"","ast-hfb-below-header-display":"","ast-hfb-mobile-header-display":"","site-post-title":"","ast-breadcrumbs-content":"","ast-featured-img":"","footer-sml-layout":"","theme-transparent-header-meta":"","adv-header-id-meta":"","stick-header-meta":"","header-above-stick-meta":"","header-main-stick-meta":"","header-below-stick-meta":"","astra-migrate-meta-layouts":"set","ast-page-background-enabled":"default","ast-page-background-meta":{"desktop":{"background-color":"var(--ast-global-color-4)","background-image":"","background-repeat":"repeat","background-position":"center center","background-size":"auto","background-attachment":"scroll","background-type":"","background-media":"","overlay-type":"","overlay-color":"","overlay-opacity":"","overlay-gradient":""},"tablet":{"background-color":"","background-image":"","background-repeat":"repeat","background-position":"center center","background-size":"auto","background-attachment":"scroll","background-type":"","background-media":"","overlay-type":"","overlay-color":"","overlay-opacity":"","overlay-gradient":""},"mobile":{"background-color":"","background-image":"","background-repeat":"repeat","background-position":"center center","background-size":"auto","background-attachment":"scroll","background-type":"","background-media":"","overlay-type":"","overlay-color":"","overlay-opacity":"","overlay-gradient":""}},"ast-content-background-meta":{"desktop":{"background-color":"var(--ast-global-color-5)","background-image":"","background-repeat":"repeat","background-position":"center center","background-size":"auto","background-attachment":"scroll","background-type":"","background-media":"","overlay-type":"","overlay-color":"","overlay-opacity":"","overlay-gradient":""},"tablet":{"background-color":"var(--ast-global-color-5)","background-image":"","background-repeat":"repeat","background-position":"center center","background-size":"auto","background-attachment":"scroll","background-type":"","background-media":"","overlay-type":"","overlay-color":"","overlay-opacity":"","overlay-gradient":""},"mobile":{"background-color":"var(--ast-global-color-5)","background-image":"","background-repeat":"repeat","background-position":"center center","background-size":"auto","background-attachment":"scroll","background-type":"","background-media":"","overlay-type":"","overlay-color":"","overlay-opacity":"","overlay-gradient":""}},"footnotes":""},"categories":[65,29],"tags":[],"class_list":["post-12466","post","type-post","status-publish","format-standard","has-post-thumbnail","hentry","category-crp","category-portada"],"post_mailing_queue_ids":[],"_links":{"self":[{"href":"https:\/\/serveiseducatius.xtec.cat\/osona\/wp-json\/wp\/v2\/posts\/12466","targetHints":{"allow":["GET"]}}],"collection":[{"href":"https:\/\/serveiseducatius.xtec.cat\/osona\/wp-json\/wp\/v2\/posts"}],"about":[{"href":"https:\/\/serveiseducatius.xtec.cat\/osona\/wp-json\/wp\/v2\/types\/post"}],"author":[{"embeddable":true,"href":"https:\/\/serveiseducatius.xtec.cat\/osona\/wp-json\/wp\/v2\/users\/1"}],"replies":[{"embeddable":true,"href":"https:\/\/serveiseducatius.xtec.cat\/osona\/wp-json\/wp\/v2\/comments?post=12466"}],"version-history":[{"count":1,"href":"https:\/\/serveiseducatius.xtec.cat\/osona\/wp-json\/wp\/v2\/posts\/12466\/revisions"}],"predecessor-version":[{"id":12468,"href":"https:\/\/serveiseducatius.xtec.cat\/osona\/wp-json\/wp\/v2\/posts\/12466\/revisions\/12468"}],"wp:featuredmedia":[{"embeddable":true,"href":"https:\/\/serveiseducatius.xtec.cat\/osona\/wp-json\/wp\/v2\/media\/12467"}],"wp:attachment":[{"href":"https:\/\/serveiseducatius.xtec.cat\/osona\/wp-json\/wp\/v2\/media?parent=12466"}],"wp:term":[{"taxonomy":"category","embeddable":true,"href":"https:\/\/serveiseducatius.xtec.cat\/osona\/wp-json\/wp\/v2\/categories?post=12466"},{"taxonomy":"post_tag","embeddable":true,"href":"https:\/\/serveiseducatius.xtec.cat\/osona\/wp-json\/wp\/v2\/tags?post=12466"}],"curies":[{"name":"wp","href":"https:\/\/api.w.org\/{rel}","templated":true}]}}