{"id":12438,"date":"2025-05-23T11:42:47","date_gmt":"2025-05-23T09:42:47","guid":{"rendered":"https:\/\/serveiseducatius.xtec.cat\/osona\/?p=12438"},"modified":"2025-05-23T11:42:48","modified_gmt":"2025-05-23T09:42:48","slug":"exposicio-dart-i-escola-art-i-escola-magia","status":"publish","type":"post","link":"https:\/\/serveiseducatius.xtec.cat\/osona\/portada\/exposicio-dart-i-escola-art-i-escola-magia\/","title":{"rendered":"Exposici\u00f3 d&#8217;Art i Escola: Art i Escola &#8211; M\u00e0gia"},"content":{"rendered":"\n<figure class=\"wp-block-image aligncenter size-full\"><a href=\"https:\/\/serveiseducatius.xtec.cat\/osona\/wp-content\/uploads\/usu1175\/2025\/05\/image-1.png\"><img loading=\"lazy\" decoding=\"async\" width=\"495\" height=\"704\" src=\"https:\/\/serveiseducatius.xtec.cat\/osona\/wp-content\/uploads\/usu1175\/2025\/05\/image-1.png\" alt=\"\" class=\"wp-image-12439\" srcset=\"https:\/\/serveiseducatius.xtec.cat\/osona\/wp-content\/uploads\/usu1175\/2025\/05\/image-1.png 495w, https:\/\/serveiseducatius.xtec.cat\/osona\/wp-content\/uploads\/usu1175\/2025\/05\/image-1-211x300.png 211w\" sizes=\"auto, (max-width: 495px) 100vw, 495px\" \/><\/a><\/figure>\n\n\n\n<hr class=\"wp-block-separator has-alpha-channel-opacity\"\/>\n\n\n\n<h2 class=\"wp-block-heading\">Inauguraci\u00f3 de l\u2019exposici\u00f3 Art i Escola: comparteix el fullet\u00f3!<\/h2>\n\n\n\n<p>Us presentem el fullet\u00f3 informatiu de la propera <strong>inauguraci\u00f3 de l\u2019exposici\u00f3 Art i Escola<\/strong>. Hem preparat tots els detalls perqu\u00e8 pugueu difondre\u2019l entre qui cregueu que estaria interessat a assitir-hi: fam\u00edlies, professorat, alumnat i amants de l\u2019art.<\/p>\n\n\n\n<h3 class=\"wp-block-heading\">Comparteix-ho amb\u2026<\/h3>\n\n\n\n<ul class=\"wp-block-list\">\n<li><strong>Escoles<\/strong>: animem els centres a enviar-lo a les fam\u00edlies de l\u2019alumnat participant.<\/li>\n\n\n\n<li><strong>Fam\u00edlies i alumnat<\/strong>: perqu\u00e8 coneguin de primera m\u00e0 l\u2019horari, el lloc i la proposta art\u00edstica.<\/li>\n\n\n\n<li><strong>Col\u00b7legues i amics<\/strong>: si creieu que poden gaudir d\u2019aquesta experi\u00e8ncia.<\/li>\n<\/ul>\n\n\n\n<h3 class=\"wp-block-heading\">\u27a1\ufe0f M\u00e9s informaci\u00f3 a la web<\/h3>\n\n\n\n<p>A la p\u00e0gina oficial d\u2019Art i Escola trobareu tots els projectes d\u2019enguany, documentaci\u00f3 i novetats:<br>\ud83c\udf10 <a href=\"https:\/\/www.artiescola.cat\/ca\/\">www.artiescola.cat\/ca<\/a><\/p>\n\n\n\n<p>No us perdeu l\u2019oportunitat de descobrir com el nostre alumnat transforma idees en art viu. Compartiu i veniu a celebrar la creativitat!<\/p>\n\n\n\n<p><\/p>\n","protected":false},"excerpt":{"rendered":"<p>Inauguraci\u00f3 de l\u2019exposici\u00f3 Art i Escola: comparteix el fullet\u00f3! Us presentem el fullet\u00f3 informatiu de la propera inauguraci\u00f3 de l\u2019exposici\u00f3 [&hellip;]<\/p>\n","protected":false},"author":1,"featured_media":12439,"comment_status":"closed","ping_status":"open","sticky":false,"template":"","format":"standard","meta":{"_bbp_topic_count":0,"_bbp_reply_count":0,"_bbp_total_topic_count":0,"_bbp_total_reply_count":0,"_bbp_voice_count":0,"_bbp_anonymous_reply_count":0,"_bbp_topic_count_hidden":0,"_bbp_reply_count_hidden":0,"_bbp_forum_subforum_count":0,"site-sidebar-layout":"default","site-content-layout":"","ast-site-content-layout":"default","site-content-style":"default","site-sidebar-style":"default","ast-global-header-display":"","ast-banner-title-visibility":"","ast-main-header-display":"","ast-hfb-above-header-display":"","ast-hfb-below-header-display":"","ast-hfb-mobile-header-display":"","site-post-title":"","ast-breadcrumbs-content":"","ast-featured-img":"","footer-sml-layout":"","theme-transparent-header-meta":"","adv-header-id-meta":"","stick-header-meta":"","header-above-stick-meta":"","header-main-stick-meta":"","header-below-stick-meta":"","astra-migrate-meta-layouts":"set","ast-page-background-enabled":"default","ast-page-background-meta":{"desktop":{"background-color":"var(--ast-global-color-4)","background-image":"","background-repeat":"repeat","background-position":"center center","background-size":"auto","background-attachment":"scroll","background-type":"","background-media":"","overlay-type":"","overlay-color":"","overlay-opacity":"","overlay-gradient":""},"tablet":{"background-color":"","background-image":"","background-repeat":"repeat","background-position":"center center","background-size":"auto","background-attachment":"scroll","background-type":"","background-media":"","overlay-type":"","overlay-color":"","overlay-opacity":"","overlay-gradient":""},"mobile":{"background-color":"","background-image":"","background-repeat":"repeat","background-position":"center center","background-size":"auto","background-attachment":"scroll","background-type":"","background-media":"","overlay-type":"","overlay-color":"","overlay-opacity":"","overlay-gradient":""}},"ast-content-background-meta":{"desktop":{"background-color":"var(--ast-global-color-5)","background-image":"","background-repeat":"repeat","background-position":"center center","background-size":"auto","background-attachment":"scroll","background-type":"","background-media":"","overlay-type":"","overlay-color":"","overlay-opacity":"","overlay-gradient":""},"tablet":{"background-color":"var(--ast-global-color-5)","background-image":"","background-repeat":"repeat","background-position":"center center","background-size":"auto","background-attachment":"scroll","background-type":"","background-media":"","overlay-type":"","overlay-color":"","overlay-opacity":"","overlay-gradient":""},"mobile":{"background-color":"var(--ast-global-color-5)","background-image":"","background-repeat":"repeat","background-position":"center center","background-size":"auto","background-attachment":"scroll","background-type":"","background-media":"","overlay-type":"","overlay-color":"","overlay-opacity":"","overlay-gradient":""}},"footnotes":""},"categories":[65,29],"tags":[],"class_list":["post-12438","post","type-post","status-publish","format-standard","has-post-thumbnail","hentry","category-crp","category-portada"],"post_mailing_queue_ids":[],"_links":{"self":[{"href":"https:\/\/serveiseducatius.xtec.cat\/osona\/wp-json\/wp\/v2\/posts\/12438","targetHints":{"allow":["GET"]}}],"collection":[{"href":"https:\/\/serveiseducatius.xtec.cat\/osona\/wp-json\/wp\/v2\/posts"}],"about":[{"href":"https:\/\/serveiseducatius.xtec.cat\/osona\/wp-json\/wp\/v2\/types\/post"}],"author":[{"embeddable":true,"href":"https:\/\/serveiseducatius.xtec.cat\/osona\/wp-json\/wp\/v2\/users\/1"}],"replies":[{"embeddable":true,"href":"https:\/\/serveiseducatius.xtec.cat\/osona\/wp-json\/wp\/v2\/comments?post=12438"}],"version-history":[{"count":1,"href":"https:\/\/serveiseducatius.xtec.cat\/osona\/wp-json\/wp\/v2\/posts\/12438\/revisions"}],"predecessor-version":[{"id":12440,"href":"https:\/\/serveiseducatius.xtec.cat\/osona\/wp-json\/wp\/v2\/posts\/12438\/revisions\/12440"}],"wp:featuredmedia":[{"embeddable":true,"href":"https:\/\/serveiseducatius.xtec.cat\/osona\/wp-json\/wp\/v2\/media\/12439"}],"wp:attachment":[{"href":"https:\/\/serveiseducatius.xtec.cat\/osona\/wp-json\/wp\/v2\/media?parent=12438"}],"wp:term":[{"taxonomy":"category","embeddable":true,"href":"https:\/\/serveiseducatius.xtec.cat\/osona\/wp-json\/wp\/v2\/categories?post=12438"},{"taxonomy":"post_tag","embeddable":true,"href":"https:\/\/serveiseducatius.xtec.cat\/osona\/wp-json\/wp\/v2\/tags?post=12438"}],"curies":[{"name":"wp","href":"https:\/\/api.w.org\/{rel}","templated":true}]}}