{"id":12430,"date":"2025-05-23T11:28:30","date_gmt":"2025-05-23T09:28:30","guid":{"rendered":"https:\/\/serveiseducatius.xtec.cat\/osona\/?p=12430"},"modified":"2025-05-27T16:02:45","modified_gmt":"2025-05-27T14:02:45","slug":"estalmat-deteccio-i-estimul-del-talent-precoc-en-matematiques","status":"publish","type":"post","link":"https:\/\/serveiseducatius.xtec.cat\/osona\/portada\/estalmat-deteccio-i-estimul-del-talent-precoc-en-matematiques\/","title":{"rendered":"ESTALMAT: Detecci\u00f3 i est\u00edmul del talent preco\u00e7 en matem\u00e0tiques"},"content":{"rendered":"\n<p>Benvolgudes, benvolguts,<\/p>\n\n\n\n<p>Com cada any, des de FEEMCAT i la Societat Catalana de Matem\u00e0tiques (SCM) organitzem conjuntament a Catalunya l&#8217;activitat&nbsp;d&#8217;est\u00edmul del talent matem\u00e0tic&nbsp;<strong>ESTALMAT.&nbsp;<\/strong>&nbsp;La finalitat del projecte ESTALMAT \u00e9s detectar, orientar i estimular de manera continuada, al llarg de dos cursos, el talent matem\u00e0tic excepcional de&nbsp;<strong>25 alumnes&nbsp;de 12-13 anys&nbsp;<\/strong>de Catalunya, mitjan\u00e7ant una orientaci\u00f3 setmanal, que s\u2019efectuar\u00e0 cada cap de setmana durant tres hores. El programa \u00e9s gratu\u00eft i en financia a trav\u00e9s&nbsp;d&#8217;aportacions econ\u00f2miques de Fecyt, el Departament&nbsp;d&#8217;Educaci\u00f3 i Formaci\u00f3 Professional, SCM, Associaci\u00f3 Apotema i Casio-divisi\u00f3&nbsp;educativa, entre altres.&nbsp;&nbsp;<\/p>\n\n\n\n<p>Per tal de seleccionar l&#8217;alumnat participant, es realitza una prova en quatre seus distribu\u00efdes al llarg del territori catal\u00e0: Reus, Palafrugell, Lleida i Barcelona. Aquesta prova, juntament&nbsp;amb activitats l\u00fadiques al voltant de les matem\u00e0tiques, tindr\u00e0 lloc el proper&nbsp;<strong>31 de maig<\/strong>, i les inscripcions ja s\u00f3n obertes.<\/p>\n\n\n\n<p>La principal dificultat que ens trobem des de les entitats organitzadores \u00e9s la&nbsp;<strong>difusi\u00f3 del programa<\/strong>, per assegurar que l&#8217;oportunitat de participar en aquest&nbsp;programa gratu\u00eft arribi a totes les persones interessades. Les nostres bases de dades nom\u00e9s ens permeten arribar als socis de les dues entitats, per\u00f2 no tenim manera d&#8217;arribar a la resta de professorat, que \u00e9s qui ens ajuda a detectar l&#8217;alumnat que podria beneficiar-se&#8217;n.&nbsp;<\/p>\n\n\n\n<p>Adjuntem la documentaci\u00f3 del programa: un document amb la informaci\u00f3 del programa i la convocat\u00f2ria 25-27, aix\u00ed com dos cartells informatius. La vostra difusi\u00f3 seria una gran ajuda.<\/p>\n\n\n\n<p>Moltes gr\u00e0cies per endavant,<\/p>\n\n\n\n<figure class=\"wp-block-image aligncenter size-large\"><a href=\"https:\/\/serveiseducatius.xtec.cat\/osona\/wp-content\/uploads\/usu1175\/2025\/05\/2025-27-Estalmat-fases_seleccio.png\"><img loading=\"lazy\" decoding=\"async\" width=\"819\" height=\"1024\" src=\"https:\/\/serveiseducatius.xtec.cat\/osona\/wp-content\/uploads\/usu1175\/2025\/05\/2025-27-Estalmat-fases_seleccio-819x1024.png\" alt=\"\" class=\"wp-image-12432\" srcset=\"https:\/\/serveiseducatius.xtec.cat\/osona\/wp-content\/uploads\/usu1175\/2025\/05\/2025-27-Estalmat-fases_seleccio-819x1024.png 819w, https:\/\/serveiseducatius.xtec.cat\/osona\/wp-content\/uploads\/usu1175\/2025\/05\/2025-27-Estalmat-fases_seleccio-240x300.png 240w, https:\/\/serveiseducatius.xtec.cat\/osona\/wp-content\/uploads\/usu1175\/2025\/05\/2025-27-Estalmat-fases_seleccio-768x960.png 768w, https:\/\/serveiseducatius.xtec.cat\/osona\/wp-content\/uploads\/usu1175\/2025\/05\/2025-27-Estalmat-fases_seleccio.png 1080w\" sizes=\"auto, (max-width: 819px) 100vw, 819px\" \/><\/a><\/figure>\n\n\n\n<figure class=\"wp-block-image aligncenter size-large\"><a href=\"https:\/\/serveiseducatius.xtec.cat\/osona\/wp-content\/uploads\/usu1175\/2025\/05\/2025-27-Estalmat-cartell.png\"><img loading=\"lazy\" decoding=\"async\" width=\"819\" height=\"1024\" src=\"https:\/\/serveiseducatius.xtec.cat\/osona\/wp-content\/uploads\/usu1175\/2025\/05\/2025-27-Estalmat-cartell-819x1024.png\" alt=\"\" class=\"wp-image-12433\" srcset=\"https:\/\/serveiseducatius.xtec.cat\/osona\/wp-content\/uploads\/usu1175\/2025\/05\/2025-27-Estalmat-cartell-819x1024.png 819w, https:\/\/serveiseducatius.xtec.cat\/osona\/wp-content\/uploads\/usu1175\/2025\/05\/2025-27-Estalmat-cartell-240x300.png 240w, https:\/\/serveiseducatius.xtec.cat\/osona\/wp-content\/uploads\/usu1175\/2025\/05\/2025-27-Estalmat-cartell-768x960.png 768w, https:\/\/serveiseducatius.xtec.cat\/osona\/wp-content\/uploads\/usu1175\/2025\/05\/2025-27-Estalmat-cartell.png 1080w\" sizes=\"auto, (max-width: 819px) 100vw, 819px\" \/><\/a><\/figure>\n","protected":false},"excerpt":{"rendered":"<p>Benvolgudes, benvolguts, Com cada any, des de FEEMCAT i la Societat Catalana de Matem\u00e0tiques (SCM) organitzem conjuntament a Catalunya l&#8217;activitat&nbsp;d&#8217;est\u00edmul [&hellip;]<\/p>\n","protected":false},"author":1,"featured_media":12433,"comment_status":"closed","ping_status":"open","sticky":false,"template":"","format":"standard","meta":{"_bbp_topic_count":0,"_bbp_reply_count":0,"_bbp_total_topic_count":0,"_bbp_total_reply_count":0,"_bbp_voice_count":0,"_bbp_anonymous_reply_count":0,"_bbp_topic_count_hidden":0,"_bbp_reply_count_hidden":0,"_bbp_forum_subforum_count":0,"site-sidebar-layout":"default","site-content-layout":"","ast-site-content-layout":"default","site-content-style":"default","site-sidebar-style":"default","ast-global-header-display":"","ast-banner-title-visibility":"","ast-main-header-display":"","ast-hfb-above-header-display":"","ast-hfb-below-header-display":"","ast-hfb-mobile-header-display":"","site-post-title":"","ast-breadcrumbs-content":"","ast-featured-img":"","footer-sml-layout":"","theme-transparent-header-meta":"","adv-header-id-meta":"","stick-header-meta":"","header-above-stick-meta":"","header-main-stick-meta":"","header-below-stick-meta":"","astra-migrate-meta-layouts":"set","ast-page-background-enabled":"default","ast-page-background-meta":{"desktop":{"background-color":"var(--ast-global-color-4)","background-image":"","background-repeat":"repeat","background-position":"center center","background-size":"auto","background-attachment":"scroll","background-type":"","background-media":"","overlay-type":"","overlay-color":"","overlay-opacity":"","overlay-gradient":""},"tablet":{"background-color":"","background-image":"","background-repeat":"repeat","background-position":"center center","background-size":"auto","background-attachment":"scroll","background-type":"","background-media":"","overlay-type":"","overlay-color":"","overlay-opacity":"","overlay-gradient":""},"mobile":{"background-color":"","background-image":"","background-repeat":"repeat","background-position":"center center","background-size":"auto","background-attachment":"scroll","background-type":"","background-media":"","overlay-type":"","overlay-color":"","overlay-opacity":"","overlay-gradient":""}},"ast-content-background-meta":{"desktop":{"background-color":"var(--ast-global-color-5)","background-image":"","background-repeat":"repeat","background-position":"center center","background-size":"auto","background-attachment":"scroll","background-type":"","background-media":"","overlay-type":"","overlay-color":"","overlay-opacity":"","overlay-gradient":""},"tablet":{"background-color":"var(--ast-global-color-5)","background-image":"","background-repeat":"repeat","background-position":"center center","background-size":"auto","background-attachment":"scroll","background-type":"","background-media":"","overlay-type":"","overlay-color":"","overlay-opacity":"","overlay-gradient":""},"mobile":{"background-color":"var(--ast-global-color-5)","background-image":"","background-repeat":"repeat","background-position":"center center","background-size":"auto","background-attachment":"scroll","background-type":"","background-media":"","overlay-type":"","overlay-color":"","overlay-opacity":"","overlay-gradient":""}},"footnotes":""},"categories":[65,29],"tags":[],"class_list":["post-12430","post","type-post","status-publish","format-standard","has-post-thumbnail","hentry","category-crp","category-portada"],"post_mailing_queue_ids":[],"_links":{"self":[{"href":"https:\/\/serveiseducatius.xtec.cat\/osona\/wp-json\/wp\/v2\/posts\/12430","targetHints":{"allow":["GET"]}}],"collection":[{"href":"https:\/\/serveiseducatius.xtec.cat\/osona\/wp-json\/wp\/v2\/posts"}],"about":[{"href":"https:\/\/serveiseducatius.xtec.cat\/osona\/wp-json\/wp\/v2\/types\/post"}],"author":[{"embeddable":true,"href":"https:\/\/serveiseducatius.xtec.cat\/osona\/wp-json\/wp\/v2\/users\/1"}],"replies":[{"embeddable":true,"href":"https:\/\/serveiseducatius.xtec.cat\/osona\/wp-json\/wp\/v2\/comments?post=12430"}],"version-history":[{"count":1,"href":"https:\/\/serveiseducatius.xtec.cat\/osona\/wp-json\/wp\/v2\/posts\/12430\/revisions"}],"predecessor-version":[{"id":12434,"href":"https:\/\/serveiseducatius.xtec.cat\/osona\/wp-json\/wp\/v2\/posts\/12430\/revisions\/12434"}],"wp:featuredmedia":[{"embeddable":true,"href":"https:\/\/serveiseducatius.xtec.cat\/osona\/wp-json\/wp\/v2\/media\/12433"}],"wp:attachment":[{"href":"https:\/\/serveiseducatius.xtec.cat\/osona\/wp-json\/wp\/v2\/media?parent=12430"}],"wp:term":[{"taxonomy":"category","embeddable":true,"href":"https:\/\/serveiseducatius.xtec.cat\/osona\/wp-json\/wp\/v2\/categories?post=12430"},{"taxonomy":"post_tag","embeddable":true,"href":"https:\/\/serveiseducatius.xtec.cat\/osona\/wp-json\/wp\/v2\/tags?post=12430"}],"curies":[{"name":"wp","href":"https:\/\/api.w.org\/{rel}","templated":true}]}}