{"id":12426,"date":"2025-05-23T13:00:00","date_gmt":"2025-05-23T11:00:00","guid":{"rendered":"https:\/\/serveiseducatius.xtec.cat\/osona\/?p=12426"},"modified":"2025-05-23T10:49:40","modified_gmt":"2025-05-23T08:49:40","slug":"12426","status":"publish","type":"post","link":"https:\/\/serveiseducatius.xtec.cat\/osona\/portada\/12426\/","title":{"rendered":"Dues convocat\u00f2ries per premiar l\u2019esfor\u00e7 investigador i els projectes educatius innovadors &#8211; Fundaci\u00f3 V\u00edctor Gr\u00edfols i Lucas"},"content":{"rendered":"\n<hr class=\"wp-block-separator has-alpha-channel-opacity\"\/>\n\n\n\n<figure class=\"wp-block-table aligncenter\"><table class=\"has-border-color has-white-border-color has-fixed-layout\"><tbody><tr><td class=\"has-text-align-center\" data-align=\"center\"><strong>Dues convocat\u00f2ries destinades a premiar TDR sobre bio\u00e8tica i projectes educatius innovadors<\/strong><\/td><\/tr><tr><td class=\"has-text-align-center\" data-align=\"center\">&nbsp;&nbsp;<strong>Els alumnes poden guanyar un any de matr\u00edcula gratu\u00efta i els centres 5.000\u20ac<\/strong>&nbsp;&nbsp;<\/td><\/tr><tr><td class=\"has-text-align-center\" data-align=\"center\"><img decoding=\"async\" width=\"280\" src=\"https:\/\/ci3.googleusercontent.com\/meips\/ADKq_NZUmAJYtKn-bmNZRY_PU-L5vu3N2hHODTKQ-c8XHcWv8WSCM6rIh9lE8e3_-VtZ0ZIF-uo1j_eIKwISaOqV_ujcWdQwGoTyG6OSX460nFJA0DPxLHaCsx2eFeYHk64qiNEhrHCAKliwhX4j1n9AWnEdrWGW_U-YBby3465azupkJ0Z6l1s7rBlizQ=s0-d-e1-ft#https:\/\/d1nn1beycom2nr.cloudfront.net\/uploads\/user\/4fCqttXCb4p4495lIRIidw\/images\/premi_batxillerat.jpg?1745568932216\" alt=\"\">&nbsp;<br>&nbsp;<strong>XIII\u00aa Convocat\u00f2ria<\/strong>&nbsp;Premi Batxillerat&nbsp;Si teniu alumnes que hagin tractat algun tema relacionat amb la<strong>&nbsp;bio\u00e8tica en el seu treball de recerca<\/strong>, animeu-los a participar en aquesta convocat\u00f2ria. Poden guanyar&nbsp;<strong>un any de matr\u00edcula universit\u00e0ria<\/strong>!<br><br>Primer premi:&nbsp;<strong>60 cr\u00e8dits universitaris<\/strong><br>Segon premi:&nbsp;<strong>40&nbsp;cr\u00e8dits universitaris<\/strong><br>Tercer premi:&nbsp;<strong>30&nbsp;cr\u00e8dits universitaris<\/strong><br>Termini de presentaci\u00f3:&nbsp;<strong>31\/05<\/strong>&nbsp;<strong><a href=\"https:\/\/www.email-index.com\/click.php?L=ruNO4XHAS3zp6pASRV75pQ&amp;J=U4Jm9qeoRia763k7892oJqQ4Lw&amp;C=GwD4jCjQOSuTqhMPLqvmWQ&amp;F=HKFRcCbcnmxmc4f43DJP5g\" target=\"_blank\" rel=\"noreferrer noopener\">M\u00e9s info<\/a><\/strong><br><br>&nbsp;<img decoding=\"async\" width=\"280\" src=\"https:\/\/ci3.googleusercontent.com\/meips\/ADKq_NaGWvF_rXUwl4BE3BZhSl-xbJ5X41d7Dw2JTLCtBbZJK6ZBpgRNV2lF9TTGe9LC379dZgWpSJoMfHI7_UuIxEw532wKSbJDNydS5DAHcNCU6hgXdQGcCAQp2zkumA-I_R_H0US_xyoXKtOvJhIHJBsUt7jq1kwC-E23vJc45eD6uTg=s0-d-e1-ft#https:\/\/d1nn1beycom2nr.cloudfront.net\/uploads\/user\/4fCqttXCb4p4495lIRIidw\/images\/Eic_robot.jpg?1745568911147\" alt=\"\">&nbsp;&nbsp;<br><br><strong>XI\u00aa Convocat\u00f2ria<\/strong>&nbsp;Premi \u00c8tica i Ci\u00e8ncia&nbsp;Al vostre centre feu algun projecte per reflexionar amb l&#8217;alumnat sobre&nbsp;<strong>aspectes \u00e8tics&nbsp;<\/strong>de&nbsp;la recerca cient\u00edfica, la tecnologia, temes socials o sanitaris? Podeu guanyar&#8230;<br>&nbsp;<br>Primer premi:&nbsp;<strong>5.000\u20ac<\/strong><br>Segon premi:&nbsp;<strong>2.500\u20ac<\/strong><br>Tercer premi:&nbsp;<strong>1.000\u20ac<\/strong><br><br>Termini de presentaci\u00f3:&nbsp;<strong>30\/11<\/strong>&nbsp;<strong><a href=\"https:\/\/www.email-index.com\/click.php?L=7635L7CPGSTeNkl14jKnyeUA&amp;J=U4Jm9qeoRia763k7892oJqQ4Lw&amp;C=GwD4jCjQOSuTqhMPLqvmWQ&amp;F=HKFRcCbcnmxmc4f43DJP5g\" target=\"_blank\" rel=\"noreferrer noopener\">M\u00e9s info<\/a><\/strong>&nbsp;&nbsp;<\/td><\/tr><tr><td class=\"has-text-align-center\" data-align=\"center\"><a href=\"https:\/\/www.email-index.com\/unsubscribe.php?J=U4Jm9qeoRia763k7892oJqQ4Lw&amp;C=GwD4jCjQOSuTqhMPLqvmWQ\" target=\"_blank\" rel=\"noreferrer noopener\">Donar-me de baixa d&#8217;aquesta llista<\/a>&nbsp;|&nbsp;<a href=\"https:\/\/www.email-index.com\/update.php?J=U4Jm9qeoRia763k7892oJqQ4Lw&amp;C=GwD4jCjQOSuTqhMPLqvmWQ\" target=\"_blank\" rel=\"noreferrer noopener\">Actualitzar les meves dades<\/a><br><br>Fundaci\u00f3 V\u00edctor Gr\u00edfols i Lucas &#8211; Jes\u00fas i Maria, 6, 08022, Barcelona<\/td><\/tr><\/tbody><\/table><\/figure>\n\n\n\n<p><\/p>\n","protected":false},"excerpt":{"rendered":"<p>Dues convocat\u00f2ries destinades a premiar TDR sobre bio\u00e8tica i projectes educatius innovadors &nbsp;&nbsp;Els alumnes poden guanyar un any de matr\u00edcula [&hellip;]<\/p>\n","protected":false},"author":1,"featured_media":12427,"comment_status":"closed","ping_status":"open","sticky":false,"template":"","format":"standard","meta":{"_bbp_topic_count":0,"_bbp_reply_count":0,"_bbp_total_topic_count":0,"_bbp_total_reply_count":0,"_bbp_voice_count":0,"_bbp_anonymous_reply_count":0,"_bbp_topic_count_hidden":0,"_bbp_reply_count_hidden":0,"_bbp_forum_subforum_count":0,"site-sidebar-layout":"default","site-content-layout":"","ast-site-content-layout":"default","site-content-style":"default","site-sidebar-style":"default","ast-global-header-display":"","ast-banner-title-visibility":"","ast-main-header-display":"","ast-hfb-above-header-display":"","ast-hfb-below-header-display":"","ast-hfb-mobile-header-display":"","site-post-title":"","ast-breadcrumbs-content":"","ast-featured-img":"","footer-sml-layout":"","theme-transparent-header-meta":"","adv-header-id-meta":"","stick-header-meta":"","header-above-stick-meta":"","header-main-stick-meta":"","header-below-stick-meta":"","astra-migrate-meta-layouts":"set","ast-page-background-enabled":"default","ast-page-background-meta":{"desktop":{"background-color":"var(--ast-global-color-4)","background-image":"","background-repeat":"repeat","background-position":"center center","background-size":"auto","background-attachment":"scroll","background-type":"","background-media":"","overlay-type":"","overlay-color":"","overlay-opacity":"","overlay-gradient":""},"tablet":{"background-color":"","background-image":"","background-repeat":"repeat","background-position":"center center","background-size":"auto","background-attachment":"scroll","background-type":"","background-media":"","overlay-type":"","overlay-color":"","overlay-opacity":"","overlay-gradient":""},"mobile":{"background-color":"","background-image":"","background-repeat":"repeat","background-position":"center center","background-size":"auto","background-attachment":"scroll","background-type":"","background-media":"","overlay-type":"","overlay-color":"","overlay-opacity":"","overlay-gradient":""}},"ast-content-background-meta":{"desktop":{"background-color":"var(--ast-global-color-5)","background-image":"","background-repeat":"repeat","background-position":"center center","background-size":"auto","background-attachment":"scroll","background-type":"","background-media":"","overlay-type":"","overlay-color":"","overlay-opacity":"","overlay-gradient":""},"tablet":{"background-color":"var(--ast-global-color-5)","background-image":"","background-repeat":"repeat","background-position":"center center","background-size":"auto","background-attachment":"scroll","background-type":"","background-media":"","overlay-type":"","overlay-color":"","overlay-opacity":"","overlay-gradient":""},"mobile":{"background-color":"var(--ast-global-color-5)","background-image":"","background-repeat":"repeat","background-position":"center center","background-size":"auto","background-attachment":"scroll","background-type":"","background-media":"","overlay-type":"","overlay-color":"","overlay-opacity":"","overlay-gradient":""}},"footnotes":""},"categories":[65,29],"tags":[],"class_list":["post-12426","post","type-post","status-publish","format-standard","has-post-thumbnail","hentry","category-crp","category-portada"],"post_mailing_queue_ids":[],"_links":{"self":[{"href":"https:\/\/serveiseducatius.xtec.cat\/osona\/wp-json\/wp\/v2\/posts\/12426","targetHints":{"allow":["GET"]}}],"collection":[{"href":"https:\/\/serveiseducatius.xtec.cat\/osona\/wp-json\/wp\/v2\/posts"}],"about":[{"href":"https:\/\/serveiseducatius.xtec.cat\/osona\/wp-json\/wp\/v2\/types\/post"}],"author":[{"embeddable":true,"href":"https:\/\/serveiseducatius.xtec.cat\/osona\/wp-json\/wp\/v2\/users\/1"}],"replies":[{"embeddable":true,"href":"https:\/\/serveiseducatius.xtec.cat\/osona\/wp-json\/wp\/v2\/comments?post=12426"}],"version-history":[{"count":2,"href":"https:\/\/serveiseducatius.xtec.cat\/osona\/wp-json\/wp\/v2\/posts\/12426\/revisions"}],"predecessor-version":[{"id":12429,"href":"https:\/\/serveiseducatius.xtec.cat\/osona\/wp-json\/wp\/v2\/posts\/12426\/revisions\/12429"}],"wp:featuredmedia":[{"embeddable":true,"href":"https:\/\/serveiseducatius.xtec.cat\/osona\/wp-json\/wp\/v2\/media\/12427"}],"wp:attachment":[{"href":"https:\/\/serveiseducatius.xtec.cat\/osona\/wp-json\/wp\/v2\/media?parent=12426"}],"wp:term":[{"taxonomy":"category","embeddable":true,"href":"https:\/\/serveiseducatius.xtec.cat\/osona\/wp-json\/wp\/v2\/categories?post=12426"},{"taxonomy":"post_tag","embeddable":true,"href":"https:\/\/serveiseducatius.xtec.cat\/osona\/wp-json\/wp\/v2\/tags?post=12426"}],"curies":[{"name":"wp","href":"https:\/\/api.w.org\/{rel}","templated":true}]}}