{"id":12396,"date":"2025-05-05T10:36:53","date_gmt":"2025-05-05T08:36:53","guid":{"rendered":"https:\/\/serveiseducatius.xtec.cat\/osona\/?p=12396"},"modified":"2025-05-05T10:39:14","modified_gmt":"2025-05-05T08:39:14","slug":"no-creguis-res-que-en-vers-no-entri-un-passeig-literari-de-segimon-serrallonga","status":"publish","type":"post","link":"https:\/\/serveiseducatius.xtec.cat\/osona\/portada\/no-creguis-res-que-en-vers-no-entri-un-passeig-literari-de-segimon-serrallonga\/","title":{"rendered":"No creguis res que en vers no entri &#8211; Un passeig literari de Segimon Serrallonga"},"content":{"rendered":"\n<p><\/p>\n\n\n\n<p>Cada mes d\u2019abril, des de l\u2019any 2005, l\u2019Ajuntament de Torell\u00f3 organitza un acte d\u2019homenatge al poeta Segimon Serrallonga, fill predilecte de la vila. El passat abril, la commemoraci\u00f3 va adoptar la forma d\u2019un passeig literari pels marges dels rius Ges i Ter, escenaris \u00edntimament vinculats a la traject\u00f2ria emocional i liter\u00e0ria de Serrallonga.<\/p>\n\n\n\n<p>En el marc d\u2019aquesta iniciativa, es va publicar <strong>No creguis res que en vers no entri<\/strong>, un recull dels poemes llegits en diversos punts del recorregut, il\u00b7lustrats amb fotografies que evoquen els indrets escollits. Aquest llibre suposa el punt de partida d\u2019una nova etapa de difusi\u00f3 de l\u2019obra de Segimon Serrallonga, un dels grans poetes catalans de la segona meitat del segle XX, encara poc conegut malgrat l\u2019alt reconeixement acad\u00e8mic i literari.<\/p>\n\n\n\n<p>Amb l\u2019objectiu d\u2019introduir la seva poesia en l\u2019\u00e0mbit educatiu, s\u2019ha creat la proposta did\u00e0ctica <strong>Llegir, sentir, pensar i crear. Aproximaci\u00f3 a la poesia de Segimon Serrallonga<\/strong>, adre\u00e7ada a alumnes de 4t d\u2019ESO i 1r de Batxillerat. Aquesta eina permet treballar de manera vivencial el llegat po\u00e8tic de Serrallonga i fomentar el gust per la literatura catalana.<\/p>\n\n\n\n<p>Per presentar la proposta, est\u00e0 prevista una reuni\u00f3 el <strong>dimecres 7 de maig a les 18 h<\/strong> a la Sala Segimon Serrallonga de la Universitat de Vic. Hi estan convocats tant els equips directius dels centres com el professorat responsable de les assignatures de llengua i literatura catalanes dels cursos indicats. A la sessi\u00f3, es lliurar\u00e0 una c\u00f2pia impresa de la guia did\u00e0ctica i un exemplar de <strong>No creguis res que en vers no entri<\/strong> per a cadascuna de les escoles assistents, amb la finalitat que s\u2019incorpori a les biblioteques escolars.<\/p>\n\n\n\n<p>Aquest projecte pret\u00e9n consolidar-se com un recurs estable per difondre la figura i l\u2019obra de Segimon Serrallonga entre el p\u00fablic jove, assegurant que la seva veu po\u00e8tica formi part del curr\u00edculum i de la mem\u00f2ria col\u00b7lectiva.<\/p>\n\n\n\n<figure class=\"wp-block-image aligncenter size-large\"><a href=\"https:\/\/serveiseducatius.xtec.cat\/osona\/wp-content\/uploads\/usu1175\/2025\/05\/highres_under2mb.jpg\"><img loading=\"lazy\" decoding=\"async\" width=\"683\" height=\"1024\" src=\"https:\/\/serveiseducatius.xtec.cat\/osona\/wp-content\/uploads\/usu1175\/2025\/05\/highres_under2mb-683x1024.jpg\" alt=\"\" class=\"wp-image-12399\" srcset=\"https:\/\/serveiseducatius.xtec.cat\/osona\/wp-content\/uploads\/usu1175\/2025\/05\/highres_under2mb-683x1024.jpg 683w, https:\/\/serveiseducatius.xtec.cat\/osona\/wp-content\/uploads\/usu1175\/2025\/05\/highres_under2mb-200x300.jpg 200w, https:\/\/serveiseducatius.xtec.cat\/osona\/wp-content\/uploads\/usu1175\/2025\/05\/highres_under2mb-768x1152.jpg 768w, https:\/\/serveiseducatius.xtec.cat\/osona\/wp-content\/uploads\/usu1175\/2025\/05\/highres_under2mb-1024x1536.jpg 1024w, https:\/\/serveiseducatius.xtec.cat\/osona\/wp-content\/uploads\/usu1175\/2025\/05\/highres_under2mb-1365x2048.jpg 1365w, https:\/\/serveiseducatius.xtec.cat\/osona\/wp-content\/uploads\/usu1175\/2025\/05\/highres_under2mb.jpg 1536w\" sizes=\"auto, (max-width: 683px) 100vw, 683px\" \/><\/a><\/figure>\n","protected":false},"excerpt":{"rendered":"<p>Cada mes d\u2019abril, des de l\u2019any 2005, l\u2019Ajuntament de Torell\u00f3 organitza un acte d\u2019homenatge al poeta Segimon Serrallonga, fill predilecte [&hellip;]<\/p>\n","protected":false},"author":1,"featured_media":12399,"comment_status":"closed","ping_status":"open","sticky":false,"template":"","format":"standard","meta":{"_bbp_topic_count":0,"_bbp_reply_count":0,"_bbp_total_topic_count":0,"_bbp_total_reply_count":0,"_bbp_voice_count":0,"_bbp_anonymous_reply_count":0,"_bbp_topic_count_hidden":0,"_bbp_reply_count_hidden":0,"_bbp_forum_subforum_count":0,"site-sidebar-layout":"default","site-content-layout":"","ast-site-content-layout":"default","site-content-style":"default","site-sidebar-style":"default","ast-global-header-display":"","ast-banner-title-visibility":"","ast-main-header-display":"","ast-hfb-above-header-display":"","ast-hfb-below-header-display":"","ast-hfb-mobile-header-display":"","site-post-title":"","ast-breadcrumbs-content":"","ast-featured-img":"","footer-sml-layout":"","theme-transparent-header-meta":"","adv-header-id-meta":"","stick-header-meta":"","header-above-stick-meta":"","header-main-stick-meta":"","header-below-stick-meta":"","astra-migrate-meta-layouts":"set","ast-page-background-enabled":"default","ast-page-background-meta":{"desktop":{"background-color":"var(--ast-global-color-4)","background-image":"","background-repeat":"repeat","background-position":"center center","background-size":"auto","background-attachment":"scroll","background-type":"","background-media":"","overlay-type":"","overlay-color":"","overlay-opacity":"","overlay-gradient":""},"tablet":{"background-color":"","background-image":"","background-repeat":"repeat","background-position":"center center","background-size":"auto","background-attachment":"scroll","background-type":"","background-media":"","overlay-type":"","overlay-color":"","overlay-opacity":"","overlay-gradient":""},"mobile":{"background-color":"","background-image":"","background-repeat":"repeat","background-position":"center center","background-size":"auto","background-attachment":"scroll","background-type":"","background-media":"","overlay-type":"","overlay-color":"","overlay-opacity":"","overlay-gradient":""}},"ast-content-background-meta":{"desktop":{"background-color":"var(--ast-global-color-5)","background-image":"","background-repeat":"repeat","background-position":"center center","background-size":"auto","background-attachment":"scroll","background-type":"","background-media":"","overlay-type":"","overlay-color":"","overlay-opacity":"","overlay-gradient":""},"tablet":{"background-color":"var(--ast-global-color-5)","background-image":"","background-repeat":"repeat","background-position":"center center","background-size":"auto","background-attachment":"scroll","background-type":"","background-media":"","overlay-type":"","overlay-color":"","overlay-opacity":"","overlay-gradient":""},"mobile":{"background-color":"var(--ast-global-color-5)","background-image":"","background-repeat":"repeat","background-position":"center center","background-size":"auto","background-attachment":"scroll","background-type":"","background-media":"","overlay-type":"","overlay-color":"","overlay-opacity":"","overlay-gradient":""}},"footnotes":""},"categories":[65,29],"tags":[],"class_list":["post-12396","post","type-post","status-publish","format-standard","has-post-thumbnail","hentry","category-crp","category-portada"],"post_mailing_queue_ids":[],"_links":{"self":[{"href":"https:\/\/serveiseducatius.xtec.cat\/osona\/wp-json\/wp\/v2\/posts\/12396","targetHints":{"allow":["GET"]}}],"collection":[{"href":"https:\/\/serveiseducatius.xtec.cat\/osona\/wp-json\/wp\/v2\/posts"}],"about":[{"href":"https:\/\/serveiseducatius.xtec.cat\/osona\/wp-json\/wp\/v2\/types\/post"}],"author":[{"embeddable":true,"href":"https:\/\/serveiseducatius.xtec.cat\/osona\/wp-json\/wp\/v2\/users\/1"}],"replies":[{"embeddable":true,"href":"https:\/\/serveiseducatius.xtec.cat\/osona\/wp-json\/wp\/v2\/comments?post=12396"}],"version-history":[{"count":2,"href":"https:\/\/serveiseducatius.xtec.cat\/osona\/wp-json\/wp\/v2\/posts\/12396\/revisions"}],"predecessor-version":[{"id":12400,"href":"https:\/\/serveiseducatius.xtec.cat\/osona\/wp-json\/wp\/v2\/posts\/12396\/revisions\/12400"}],"wp:featuredmedia":[{"embeddable":true,"href":"https:\/\/serveiseducatius.xtec.cat\/osona\/wp-json\/wp\/v2\/media\/12399"}],"wp:attachment":[{"href":"https:\/\/serveiseducatius.xtec.cat\/osona\/wp-json\/wp\/v2\/media?parent=12396"}],"wp:term":[{"taxonomy":"category","embeddable":true,"href":"https:\/\/serveiseducatius.xtec.cat\/osona\/wp-json\/wp\/v2\/categories?post=12396"},{"taxonomy":"post_tag","embeddable":true,"href":"https:\/\/serveiseducatius.xtec.cat\/osona\/wp-json\/wp\/v2\/tags?post=12396"}],"curies":[{"name":"wp","href":"https:\/\/api.w.org\/{rel}","templated":true}]}}