{"id":12340,"date":"2025-03-24T15:00:00","date_gmt":"2025-03-24T14:00:00","guid":{"rendered":"https:\/\/serveiseducatius.xtec.cat\/osona\/?p=12340"},"modified":"2025-03-24T11:44:40","modified_gmt":"2025-03-24T10:44:40","slug":"projecte-fem-nos-ho-obrim-noves-places-pel-taller-de-maquina-de-cosir-i-cricut","status":"publish","type":"post","link":"https:\/\/serveiseducatius.xtec.cat\/osona\/general\/projecte-fem-nos-ho-obrim-noves-places-pel-taller-de-maquina-de-cosir-i-cricut\/","title":{"rendered":"Projecte fem-nos-ho: Obrim noves places pel taller de m\u00e0quina de cosir i Cricut"},"content":{"rendered":"\n<p>Vist l&#8217;alta demanda de places pels dos tallers del projecte &#8220;fem-nos-ho&#8221;, hem pogut obrir noves sessions pels tallers de m\u00e0quina de cosir i del pl\u00f2ter de tall (Cricut). La distribuci\u00f3 dels participants entre els diferents dies es comunicar\u00e0 un cop omplert el nombre m\u00e0xim per cada activitat. La inscripci\u00f3 es tornar\u00e0 a tancar un cop les inscripcions arribin al l\u00edmit de participants marcats.<\/p>\n\n\n\n<figure class=\"wp-block-table\"><table><tbody><tr><td>B041901B04<\/td><td><a href=\"https:\/\/aplicacions.gestioeducativa.gencat.cat\/ords\/pls\/soloas\/pk_for_mod_ins.p_for_detall_activitat?p_codi=B041901B04&amp;p_curs=2024-2025&amp;p_es_inscr=S\">\u00a0<strong>Projecte Fem-nos-ho: \u00das de la m\u00e0quina de cosir i aplicaci\u00f3 a l&#8217;educaci\u00f3<\/strong><\/a><\/td><\/tr><tr><td>2024-2025<\/td><td>Taller. Internivells: Ed. Infantil-Prim\u00e0ria-Secund\u00e0ria<\/td><\/tr><tr><td><\/td><td>Les sessions es realitzaran al CRP Osona  28 i 29 d&#8217;abril de 17:30 a 19:00.<\/td><\/tr><\/tbody><\/table><\/figure>\n\n\n\n<figure class=\"wp-block-table\"><table><tbody><tr><td>B041911B04&nbsp;<\/td><td><strong><a href=\"https:\/\/aplicacions.gestioeducativa.gencat.cat\/ords\/pls\/soloas\/pk_for_mod_ins.p_for_detall_activitat?p_codi=B041911B04&amp;p_curs=2024-2025&amp;p_es_inscr=S\">Projecte Fem-nos-ho: \u00das del plotter de tall Cricut i aplicaci\u00f3 a l&#8217;educaci\u00f3<\/a><\/strong><\/td><\/tr><tr><td>2024-2025<\/td><td>Taller. Internivells: Ed. Infantil-Prim\u00e0ria-Secund\u00e0ria<\/td><\/tr><tr><td><\/td><td>Les sessions es realitzaran al CRP Osona el 5, 6 i 7 de maig de 17:30 a 19:00.<\/td><\/tr><\/tbody><\/table><\/figure>\n\n\n\n<p><\/p>\n","protected":false},"excerpt":{"rendered":"<p>Vist l&#8217;alta demanda de places pels dos tallers del projecte &#8220;fem-nos-ho&#8221;, hem pogut obrir noves sessions pels tallers de m\u00e0quina [&hellip;]<\/p>\n","protected":false},"author":1,"featured_media":12309,"comment_status":"closed","ping_status":"open","sticky":false,"template":"","format":"standard","meta":{"_bbp_topic_count":0,"_bbp_reply_count":0,"_bbp_total_topic_count":0,"_bbp_total_reply_count":0,"_bbp_voice_count":0,"_bbp_anonymous_reply_count":0,"_bbp_topic_count_hidden":0,"_bbp_reply_count_hidden":0,"_bbp_forum_subforum_count":0,"site-sidebar-layout":"default","site-content-layout":"","ast-site-content-layout":"default","site-content-style":"default","site-sidebar-style":"default","ast-global-header-display":"","ast-banner-title-visibility":"","ast-main-header-display":"","ast-hfb-above-header-display":"","ast-hfb-below-header-display":"","ast-hfb-mobile-header-display":"","site-post-title":"","ast-breadcrumbs-content":"","ast-featured-img":"","footer-sml-layout":"","theme-transparent-header-meta":"","adv-header-id-meta":"","stick-header-meta":"","header-above-stick-meta":"","header-main-stick-meta":"","header-below-stick-meta":"","astra-migrate-meta-layouts":"set","ast-page-background-enabled":"default","ast-page-background-meta":{"desktop":{"background-color":"var(--ast-global-color-4)","background-image":"","background-repeat":"repeat","background-position":"center center","background-size":"auto","background-attachment":"scroll","background-type":"","background-media":"","overlay-type":"","overlay-color":"","overlay-opacity":"","overlay-gradient":""},"tablet":{"background-color":"","background-image":"","background-repeat":"repeat","background-position":"center center","background-size":"auto","background-attachment":"scroll","background-type":"","background-media":"","overlay-type":"","overlay-color":"","overlay-opacity":"","overlay-gradient":""},"mobile":{"background-color":"","background-image":"","background-repeat":"repeat","background-position":"center center","background-size":"auto","background-attachment":"scroll","background-type":"","background-media":"","overlay-type":"","overlay-color":"","overlay-opacity":"","overlay-gradient":""}},"ast-content-background-meta":{"desktop":{"background-color":"var(--ast-global-color-5)","background-image":"","background-repeat":"repeat","background-position":"center center","background-size":"auto","background-attachment":"scroll","background-type":"","background-media":"","overlay-type":"","overlay-color":"","overlay-opacity":"","overlay-gradient":""},"tablet":{"background-color":"var(--ast-global-color-5)","background-image":"","background-repeat":"repeat","background-position":"center center","background-size":"auto","background-attachment":"scroll","background-type":"","background-media":"","overlay-type":"","overlay-color":"","overlay-opacity":"","overlay-gradient":""},"mobile":{"background-color":"var(--ast-global-color-5)","background-image":"","background-repeat":"repeat","background-position":"center center","background-size":"auto","background-attachment":"scroll","background-type":"","background-media":"","overlay-type":"","overlay-color":"","overlay-opacity":"","overlay-gradient":""}},"footnotes":""},"categories":[1,29],"tags":[],"class_list":["post-12340","post","type-post","status-publish","format-standard","has-post-thumbnail","hentry","category-general","category-portada"],"post_mailing_queue_ids":[],"_links":{"self":[{"href":"https:\/\/serveiseducatius.xtec.cat\/osona\/wp-json\/wp\/v2\/posts\/12340","targetHints":{"allow":["GET"]}}],"collection":[{"href":"https:\/\/serveiseducatius.xtec.cat\/osona\/wp-json\/wp\/v2\/posts"}],"about":[{"href":"https:\/\/serveiseducatius.xtec.cat\/osona\/wp-json\/wp\/v2\/types\/post"}],"author":[{"embeddable":true,"href":"https:\/\/serveiseducatius.xtec.cat\/osona\/wp-json\/wp\/v2\/users\/1"}],"replies":[{"embeddable":true,"href":"https:\/\/serveiseducatius.xtec.cat\/osona\/wp-json\/wp\/v2\/comments?post=12340"}],"version-history":[{"count":3,"href":"https:\/\/serveiseducatius.xtec.cat\/osona\/wp-json\/wp\/v2\/posts\/12340\/revisions"}],"predecessor-version":[{"id":12343,"href":"https:\/\/serveiseducatius.xtec.cat\/osona\/wp-json\/wp\/v2\/posts\/12340\/revisions\/12343"}],"wp:featuredmedia":[{"embeddable":true,"href":"https:\/\/serveiseducatius.xtec.cat\/osona\/wp-json\/wp\/v2\/media\/12309"}],"wp:attachment":[{"href":"https:\/\/serveiseducatius.xtec.cat\/osona\/wp-json\/wp\/v2\/media?parent=12340"}],"wp:term":[{"taxonomy":"category","embeddable":true,"href":"https:\/\/serveiseducatius.xtec.cat\/osona\/wp-json\/wp\/v2\/categories?post=12340"},{"taxonomy":"post_tag","embeddable":true,"href":"https:\/\/serveiseducatius.xtec.cat\/osona\/wp-json\/wp\/v2\/tags?post=12340"}],"curies":[{"name":"wp","href":"https:\/\/api.w.org\/{rel}","templated":true}]}}