{"id":12332,"date":"2025-03-20T12:00:00","date_gmt":"2025-03-20T11:00:00","guid":{"rendered":"https:\/\/serveiseducatius.xtec.cat\/osona\/?p=12332"},"modified":"2025-03-25T12:16:47","modified_gmt":"2025-03-25T11:16:47","slug":"trans-humant-cinema-sessions-gratuites-de-cinema-en-valors-pel-centre","status":"publish","type":"post","link":"https:\/\/serveiseducatius.xtec.cat\/osona\/general\/trans-humant-cinema-sessions-gratuites-de-cinema-en-valors-pel-centre\/","title":{"rendered":"Trans humant cinema: Sessions gratu\u00eftes de cinema en valors pel centre"},"content":{"rendered":"\n<figure class=\"wp-block-image aligncenter size-full\"><a href=\"https:\/\/serveiseducatius.xtec.cat\/osona\/wp-content\/uploads\/usu1175\/2025\/03\/image-3.png\"><img loading=\"lazy\" decoding=\"async\" width=\"746\" height=\"225\" src=\"https:\/\/serveiseducatius.xtec.cat\/osona\/wp-content\/uploads\/usu1175\/2025\/03\/image-3.png\" alt=\"\" class=\"wp-image-12333\" srcset=\"https:\/\/serveiseducatius.xtec.cat\/osona\/wp-content\/uploads\/usu1175\/2025\/03\/image-3.png 746w, https:\/\/serveiseducatius.xtec.cat\/osona\/wp-content\/uploads\/usu1175\/2025\/03\/image-3-300x90.png 300w\" sizes=\"auto, (max-width: 746px) 100vw, 746px\" \/><\/a><\/figure>\n\n\n\n<p>Us facilitem la informaci\u00f3 que ens ha fet arribar des del projecte TRANS HUMANT CINEMA amb una proposta interessant per portar el cinema i el debat a l&#8217;aula.<\/p>\n\n\n\n<figure class=\"wp-block-table\"><table><tbody><tr><th>Hola!\u00a0<br>Aquest curs, oferim als centres de secund\u00e0ria una experi\u00e8ncia educativa \u00fanica: sessions gratu\u00eftes de\u00a0cinema sobre mem\u00f2ria, pau i drets humans. A trav\u00e9s del set\u00e8 art, l&#8217;alumnat podr\u00e0 reflexionar sobre valors fonamentals i temes clau per a la societat actual.\u00a0<br>\u2714 Projeccions de pel\u00b7l\u00edcules i documentals impactants<br>\u2714 Debats dinamitzats per experts i testimonis<br>\u2714 Recursos did\u00e0ctics per treballar a l&#8217;aula\u00a0<br>Nom\u00e9s tenim 8 sessions disponibles i les reserves ja estan obertes!<br>Assegura&#8217;t la teva abans que s&#8217;exhaureixin.\u00a0<br><a href=\"https:\/\/www.transhumant.com\/phocadownload\/TRANSHUMANT\/DossierCicleCinemaMemoriaPau-i-DretsHumansCinemaTranshumant.pdf\" target=\"_blank\" rel=\"noreferrer noopener\"><\/a><br><br>\u200d(Atenci\u00f3:\u00a0Si est\u00e0s interessat\/da demana la sessi\u00f3 ara,<br>les sessions s&#8217;han de realitzar abans de juliol de 2025).\u00a0<br><a href=\"https:\/\/docs.google.com\/forms\/d\/e\/1FAIpQLSf8eHhebETeABj3UR0hzzjjtRpNhVmgZzi7RqHDzR1neKbXIg\/viewform\" target=\"_blank\" rel=\"noreferrer noopener\">SOL\u00b7LICITA LA SESSI\u00d3 PEL TEU CENTRE<\/a><br><a href=\"https:\/\/www.transhumant.com\/phocadownload\/TRANSHUMANT\/DossierCicleCinemaMemoriaPau-i-DretsHumansCinemaTranshumant.pdf\" target=\"_blank\" rel=\"noreferrer noopener\"><\/a>\u00a0<br>\ud83d\udc49\u00a0Qui pot demanar la sessi\u00f3 gratu\u00efta de cinema?\u00a0<br>Tots els centres educatius\u00a0p\u00fablics, concertats i privats que cursin estudis d\u2019alumnat d\u2019ESO, Batxillerat (BAT) i Cicles Formatius.\u00a0<br>\u00a0<br>\ud83d\udc49\u00a0Descripci\u00f3 del cicle<br>El Cicle Cinema, Mem\u00f2ria, Pau i Drets Humans inclou projeccions i activitats pedag\u00f2giques associades als \u00e0mbits de mem\u00f2ria democr\u00e0tica: pau i drets humans, i alhora vinculades a un dia internacional relacionat amb aquestes tem\u00e0tiques.<br>Aquest cicle \u00e9s organitzat pels Serveis Educatius de la Filmoteca de Catalunya, el Departament d\u2019Educaci\u00f3, la Direcci\u00f3 General de Mem\u00f2ria Democr\u00e0tica i l\u2019Ag\u00e8ncia Catalana de Cooperaci\u00f3 al Desenvolupament amb la dinamitzaci\u00f3 i elaboraci\u00f3 del material did\u00e0ctic per part de Cinema Transhumant.<br>\ud83d\udc49\u00a0Objectius del programa<br>\u00a0<br>L\u2019objectiu del cicle \u00e9s\u00a0<em>fomentar la transformaci\u00f3 social a partir de la reflexi\u00f3 cr\u00edtica sobre els drets humans<\/em>. Per a fer-ho, s\u2019escullen una s\u00e8rie de dies internacionals representatius dels sectors prioritaris de la cooperaci\u00f3 catalana, com la pau i la no-viol\u00e8ncia, l\u2019apoderament de les dones o la mem\u00f2ria hist\u00f2rica. Una altra l\u00ednia de treball del curs \u00e9s l\u2019alfabetitzaci\u00f3 medi\u00e0tica, amb el fi de fomentar l\u2019inter\u00e8s d\u2019infants i joves pel cinema i formar-los en la lectura cr\u00edtica dels formats i llenguatges audiovisuals.<br>Les sessions de cinema s\u00f3n dinamitzades per una entitat especialitzada en llenguatge i cultura audiovisual, i compten amb la participaci\u00f3 d\u2019associacions implicades en l\u2019\u00e0mbit dels drets humans. A m\u00e9s, el\u00a0cicle ofereix una s\u00e8rie de recursos a les escoles per complementar les sessions, com assessorament al professorat i material did\u00e0ctic per treballar pr\u00e8viament i posteriorment a l\u2019aula.\u00a0<br>\u00a0<br>\ud83d\udc49\u00a0Els temes: els dies internacionals per la pau que marquen el calendari anual\u00a0<br><em>\u2022 Dia Internacional de Toler\u00e0ncia Zero amb la Mutilaci\u00f3 Genital Femenina (6 de febrer) &#8211; 3r i 4t d&#8217;ESO, Bat\/CF<br>\u2022 Dia Internacional del Dret a la Veritat en relaci\u00f3 amb Violacions Greus dels Drets Humans i de la Dignitat de les V\u00edctimes (24 de mar\u00e7) &#8211; 3r i 4t d&#8217;ESO, Bat\/CF<br>\u2022 Dia Internacional del Comer\u00e7 Just (9 de maig) &#8211; 1r i 2n d&#8217;ESO<br>\u2022 Dia Internacional contra el Canvi Clim\u00e0tic (24 d&#8217;octubre) 1r i 2n d&#8217;ESO<br>\u2022 Dia Internacional de l\u2019Eliminaci\u00f3 de la Viol\u00e8ncia contra les Dones (25 de novembre) 3r i 4t d&#8217;ESO, Bat\/CF<br>\u2022 Dia Internacional de la Persona Migrant (18 de desembre) 3r i 4t d&#8217;ESO, Bat\/CF<br>\u2022 Dia Internacional en Mem\u00f2ria de les V\u00edctimes de l&#8217;Holocaust (27 de gener) 3r i 4t d&#8217;ESO, Bat\/CF<\/em><br>\u00a0\u00a0<br>\u00a0<a href=\"https:\/\/www.transhumant.com\/phocadownload\/TRANSHUMANT\/DossierCicleCinemaMemoriaPau-i-DretsHumansCinemaTranshumant.pdf\" target=\"_blank\" rel=\"noreferrer noopener\">DESCARREGA EL DOSSIER DETALLAT<\/a><br>\u200d(Atenci\u00f3:\u00a0Si est\u00e0s interessat\/da demana la sessi\u00f3 ara,<br>les sessions s&#8217;han de realitzar abans\u00a0de juliol de 2025).<br>\u00a0<br><a href=\"https:\/\/docs.google.com\/forms\/d\/e\/1FAIpQLSf8eHhebETeABj3UR0hzzjjtRpNhVmgZzi7RqHDzR1neKbXIg\/viewform\" target=\"_blank\" rel=\"noreferrer noopener\">SOL\u00b7LICITA LA SESSI\u00d3 PEL TEU CENTRE<\/a>\u200d\u200d<br>Si necessites m\u00e9s informaci\u00f3, no dubtis a contactar amb nosaltres a inscripcions@transhumant.com.<br>Gr\u00e0cies per fer del cinema una eina de reflexi\u00f3 i aprenentatge!<br>Cinema Transhumant<\/th><\/tr><\/tbody><\/table><\/figure>\n","protected":false},"excerpt":{"rendered":"<p>Us facilitem la informaci\u00f3 que ens ha fet arribar des del projecte TRANS HUMANT CINEMA amb una proposta interessant per [&hellip;]<\/p>\n","protected":false},"author":1,"featured_media":12333,"comment_status":"closed","ping_status":"open","sticky":false,"template":"","format":"standard","meta":{"_bbp_topic_count":0,"_bbp_reply_count":0,"_bbp_total_topic_count":0,"_bbp_total_reply_count":0,"_bbp_voice_count":0,"_bbp_anonymous_reply_count":0,"_bbp_topic_count_hidden":0,"_bbp_reply_count_hidden":0,"_bbp_forum_subforum_count":0,"site-sidebar-layout":"default","site-content-layout":"","ast-site-content-layout":"default","site-content-style":"default","site-sidebar-style":"default","ast-global-header-display":"","ast-banner-title-visibility":"","ast-main-header-display":"","ast-hfb-above-header-display":"","ast-hfb-below-header-display":"","ast-hfb-mobile-header-display":"","site-post-title":"","ast-breadcrumbs-content":"","ast-featured-img":"","footer-sml-layout":"","theme-transparent-header-meta":"","adv-header-id-meta":"","stick-header-meta":"","header-above-stick-meta":"","header-main-stick-meta":"","header-below-stick-meta":"","astra-migrate-meta-layouts":"set","ast-page-background-enabled":"default","ast-page-background-meta":{"desktop":{"background-color":"var(--ast-global-color-4)","background-image":"","background-repeat":"repeat","background-position":"center center","background-size":"auto","background-attachment":"scroll","background-type":"","background-media":"","overlay-type":"","overlay-color":"","overlay-opacity":"","overlay-gradient":""},"tablet":{"background-color":"","background-image":"","background-repeat":"repeat","background-position":"center center","background-size":"auto","background-attachment":"scroll","background-type":"","background-media":"","overlay-type":"","overlay-color":"","overlay-opacity":"","overlay-gradient":""},"mobile":{"background-color":"","background-image":"","background-repeat":"repeat","background-position":"center center","background-size":"auto","background-attachment":"scroll","background-type":"","background-media":"","overlay-type":"","overlay-color":"","overlay-opacity":"","overlay-gradient":""}},"ast-content-background-meta":{"desktop":{"background-color":"var(--ast-global-color-5)","background-image":"","background-repeat":"repeat","background-position":"center center","background-size":"auto","background-attachment":"scroll","background-type":"","background-media":"","overlay-type":"","overlay-color":"","overlay-opacity":"","overlay-gradient":""},"tablet":{"background-color":"var(--ast-global-color-5)","background-image":"","background-repeat":"repeat","background-position":"center center","background-size":"auto","background-attachment":"scroll","background-type":"","background-media":"","overlay-type":"","overlay-color":"","overlay-opacity":"","overlay-gradient":""},"mobile":{"background-color":"var(--ast-global-color-5)","background-image":"","background-repeat":"repeat","background-position":"center center","background-size":"auto","background-attachment":"scroll","background-type":"","background-media":"","overlay-type":"","overlay-color":"","overlay-opacity":"","overlay-gradient":""}},"footnotes":""},"categories":[65,1,29],"tags":[],"class_list":["post-12332","post","type-post","status-publish","format-standard","has-post-thumbnail","hentry","category-crp","category-general","category-portada"],"post_mailing_queue_ids":[],"_links":{"self":[{"href":"https:\/\/serveiseducatius.xtec.cat\/osona\/wp-json\/wp\/v2\/posts\/12332","targetHints":{"allow":["GET"]}}],"collection":[{"href":"https:\/\/serveiseducatius.xtec.cat\/osona\/wp-json\/wp\/v2\/posts"}],"about":[{"href":"https:\/\/serveiseducatius.xtec.cat\/osona\/wp-json\/wp\/v2\/types\/post"}],"author":[{"embeddable":true,"href":"https:\/\/serveiseducatius.xtec.cat\/osona\/wp-json\/wp\/v2\/users\/1"}],"replies":[{"embeddable":true,"href":"https:\/\/serveiseducatius.xtec.cat\/osona\/wp-json\/wp\/v2\/comments?post=12332"}],"version-history":[{"count":1,"href":"https:\/\/serveiseducatius.xtec.cat\/osona\/wp-json\/wp\/v2\/posts\/12332\/revisions"}],"predecessor-version":[{"id":12334,"href":"https:\/\/serveiseducatius.xtec.cat\/osona\/wp-json\/wp\/v2\/posts\/12332\/revisions\/12334"}],"wp:featuredmedia":[{"embeddable":true,"href":"https:\/\/serveiseducatius.xtec.cat\/osona\/wp-json\/wp\/v2\/media\/12333"}],"wp:attachment":[{"href":"https:\/\/serveiseducatius.xtec.cat\/osona\/wp-json\/wp\/v2\/media?parent=12332"}],"wp:term":[{"taxonomy":"category","embeddable":true,"href":"https:\/\/serveiseducatius.xtec.cat\/osona\/wp-json\/wp\/v2\/categories?post=12332"},{"taxonomy":"post_tag","embeddable":true,"href":"https:\/\/serveiseducatius.xtec.cat\/osona\/wp-json\/wp\/v2\/tags?post=12332"}],"curies":[{"name":"wp","href":"https:\/\/api.w.org\/{rel}","templated":true}]}}