{"id":12316,"date":"2025-03-11T12:38:16","date_gmt":"2025-03-11T11:38:16","guid":{"rendered":"https:\/\/serveiseducatius.xtec.cat\/osona\/?p=12316"},"modified":"2025-03-11T13:01:57","modified_gmt":"2025-03-11T12:01:57","slug":"jornada-nouvelles-approches-pour-lenseignement-de-la-langue-francaise-du-fle-a-lemile","status":"publish","type":"post","link":"https:\/\/serveiseducatius.xtec.cat\/osona\/general\/jornada-nouvelles-approches-pour-lenseignement-de-la-langue-francaise-du-fle-a-lemile\/","title":{"rendered":"Jornada &#8220;Nouvelles approches pour l&#8217;enseignement de la langue fran\u00e7aise: Du FLE \u00e0 l&#8217;\u00c9MILE&#8221;"},"content":{"rendered":"\n<figure class=\"wp-block-image aligncenter size-large is-resized\"><a href=\"https:\/\/serveiseducatius.xtec.cat\/osona\/wp-content\/uploads\/usu1175\/2025\/03\/Jornada-francofona.png\"><img loading=\"lazy\" decoding=\"async\" width=\"1024\" height=\"1024\" src=\"https:\/\/serveiseducatius.xtec.cat\/osona\/wp-content\/uploads\/usu1175\/2025\/03\/Jornada-francofona-1024x1024.png\" alt=\"\" class=\"wp-image-12318\" style=\"width:360px;height:auto\" srcset=\"https:\/\/serveiseducatius.xtec.cat\/osona\/wp-content\/uploads\/usu1175\/2025\/03\/Jornada-francofona-1024x1024.png 1024w, https:\/\/serveiseducatius.xtec.cat\/osona\/wp-content\/uploads\/usu1175\/2025\/03\/Jornada-francofona-300x300.png 300w, https:\/\/serveiseducatius.xtec.cat\/osona\/wp-content\/uploads\/usu1175\/2025\/03\/Jornada-francofona-150x150.png 150w, https:\/\/serveiseducatius.xtec.cat\/osona\/wp-content\/uploads\/usu1175\/2025\/03\/Jornada-francofona-768x768.png 768w, https:\/\/serveiseducatius.xtec.cat\/osona\/wp-content\/uploads\/usu1175\/2025\/03\/Jornada-francofona.png 1080w\" sizes=\"auto, (max-width: 1024px) 100vw, 1024px\" \/><\/a><\/figure>\n\n\n\n<p>Amb motiu del\u00a0Dia de la Francofonia, el <strong>dijous 20 de mar\u00e7<\/strong> tindr\u00e0 lloc a l&#8217;<strong>Institut\u00a0La Plana de Vic<\/strong> la <strong>jornada &#8220;N<em>ouvelles approches pour l&#8217;enseignement de la langue fran\u00e7aise: Du FLE \u00e0 l&#8217;\u00c9MILE&#8221;<\/em><\/strong>, que pot molt b\u00e9 ser del vostre inter\u00e8s. Es tracta d&#8217;una activitat\u00a0oberta\u00a0al\u00a0professorat de franc\u00e8s i\u00a0a l&#8217;alumnat que hagi cursat franc\u00e8s durant la secund\u00e0ria (alumnat de 4rt de franc\u00e8s i 1r de\u00a0Batxibac), ja que hi haur\u00e0 tallers\u00a0en\u00a0paral\u00b7lel\u00a0tant per a docents\u00a0com per a l&#8217;alumnat. El professorat tindr\u00e0 un taller central i\u00a0els\/les estudiants\u00a0tindran\u00a0l&#8217;opci\u00f3 de\u00a0participar en 2 tallers (de 3 que s&#8217;oferiran).<\/p>\n\n\n\n<p>Per q\u00fcestions d&#8217;aforament, el nombre de places disponibles \u00e9s redu\u00eft. Podeu fer la inscripci\u00f3 a l&#8217;activitat en&nbsp;<a href=\"https:\/\/aplicacions.gestioeducativa.gencat.cat\/ords\/pls\/soloas\/pk_for_mod_ins.p_for_detall_activitat?p_codi=B040501B04&amp;p_curs=2024-2025&amp;p_es_inscr=S\" target=\"_blank\" rel=\"noreferrer noopener\">aquest enlla\u00e7<\/a>&nbsp;i&nbsp;si hi assistiu amb alumnes envieu si us plau un correu a&nbsp;<a href=\"mailto:glozano@edu.gencat.cat\" target=\"_blank\" rel=\"noreferrer noopener\">glozano@xtec.cat<\/a>&nbsp;tot especificant el nombre d&#8217;estudiants que teniu previst que&nbsp;assisteixin&nbsp;a la jornada.<\/p>\n\n\n\n<ul class=\"wp-block-list\">\n<li><strong>9h 30 Pr\u00e9sentation.&nbsp;Intro pour tous: L&#8217;Histoire de France: \u00e0 la recherche des symboles r\u00e9volutionnaires.<\/strong><\/li>\n\n\n\n<li><strong>10h 30- 12h Ateliers profs.&nbsp;L&#8217;oral en classe de FLE. Pr\u00e9sent\u00e9&nbsp;par Sandrine&nbsp;Doucinet. Sandrine est enseignante, coordinatrice des langues \u00e9trang\u00e8res et auteure de livres de ressources et de m\u00e9thodologies en fran\u00e7ais tels que&nbsp;<em><a href=\"https:\/\/drive.google.com\/file\/d\/12_jYv0O8nTHdD9ZeHOjtHFzATYbmP_9Z\/view?usp=sharing\" target=\"_blank\" rel=\"noreferrer noopener\">En vrai<\/a><\/em>&nbsp;ou&nbsp;<em>Dis-moi<\/em>. Elle est \u00e9galement l&#8217;auteure du&nbsp;<em><a href=\"https:\/\/drive.google.com\/file\/d\/1f8aBzlWX60DmnWskX4nRWqv-OigkixY_\/view?usp=sharing\" target=\"_blank\" rel=\"noreferrer noopener\">Dossier P\u00e9dagogique Batxibac Histoire<\/a><\/em>, entre autres.<\/strong><\/li>\n\n\n\n<li><strong>10h 30&nbsp;Ateliers \u00e9l\u00e8ves (\u00c0 choisir un atelier parmi trois propositions: Le bateau- Qui est-ce ce?- L&#8217;atelier d&#8217;histoire)<\/strong><\/li>\n\n\n\n<li><strong>11h 30 Pause caf\u00e9- \u00c9l\u00e8ves<\/strong><\/li>\n\n\n\n<li><strong>12h&nbsp;Pause caf\u00e9- Professeurs<\/strong><\/li>\n\n\n\n<li><strong>12h 30 Ateliers Professeurs II partie (Layla Selim, Gemma Lozano)<\/strong><\/li>\n\n\n\n<li><strong>12h 00 Ateliers \u00e9l\u00e8ves (Changent d&#8217;atelier)<\/strong><\/li>\n\n\n\n<li><strong>13h 30 D\u00e9bat final et pr\u00e9sentation des vid\u00e9o d&#8217;\u00e9l\u00e8ves.&nbsp;Questions et cl\u00f4tures.<\/strong><\/li>\n<\/ul>\n","protected":false},"excerpt":{"rendered":"<p>Amb motiu del\u00a0Dia de la Francofonia, el dijous 20 de mar\u00e7 tindr\u00e0 lloc a l&#8217;Institut\u00a0La Plana de Vic la jornada [&hellip;]<\/p>\n","protected":false},"author":1,"featured_media":12318,"comment_status":"closed","ping_status":"open","sticky":false,"template":"","format":"standard","meta":{"_bbp_topic_count":0,"_bbp_reply_count":0,"_bbp_total_topic_count":0,"_bbp_total_reply_count":0,"_bbp_voice_count":0,"_bbp_anonymous_reply_count":0,"_bbp_topic_count_hidden":0,"_bbp_reply_count_hidden":0,"_bbp_forum_subforum_count":0,"site-sidebar-layout":"default","site-content-layout":"","ast-site-content-layout":"default","site-content-style":"default","site-sidebar-style":"default","ast-global-header-display":"","ast-banner-title-visibility":"","ast-main-header-display":"","ast-hfb-above-header-display":"","ast-hfb-below-header-display":"","ast-hfb-mobile-header-display":"","site-post-title":"","ast-breadcrumbs-content":"","ast-featured-img":"","footer-sml-layout":"","theme-transparent-header-meta":"","adv-header-id-meta":"","stick-header-meta":"","header-above-stick-meta":"","header-main-stick-meta":"","header-below-stick-meta":"","astra-migrate-meta-layouts":"set","ast-page-background-enabled":"default","ast-page-background-meta":{"desktop":{"background-color":"var(--ast-global-color-4)","background-image":"","background-repeat":"repeat","background-position":"center center","background-size":"auto","background-attachment":"scroll","background-type":"","background-media":"","overlay-type":"","overlay-color":"","overlay-opacity":"","overlay-gradient":""},"tablet":{"background-color":"","background-image":"","background-repeat":"repeat","background-position":"center center","background-size":"auto","background-attachment":"scroll","background-type":"","background-media":"","overlay-type":"","overlay-color":"","overlay-opacity":"","overlay-gradient":""},"mobile":{"background-color":"","background-image":"","background-repeat":"repeat","background-position":"center center","background-size":"auto","background-attachment":"scroll","background-type":"","background-media":"","overlay-type":"","overlay-color":"","overlay-opacity":"","overlay-gradient":""}},"ast-content-background-meta":{"desktop":{"background-color":"var(--ast-global-color-5)","background-image":"","background-repeat":"repeat","background-position":"center center","background-size":"auto","background-attachment":"scroll","background-type":"","background-media":"","overlay-type":"","overlay-color":"","overlay-opacity":"","overlay-gradient":""},"tablet":{"background-color":"var(--ast-global-color-5)","background-image":"","background-repeat":"repeat","background-position":"center center","background-size":"auto","background-attachment":"scroll","background-type":"","background-media":"","overlay-type":"","overlay-color":"","overlay-opacity":"","overlay-gradient":""},"mobile":{"background-color":"var(--ast-global-color-5)","background-image":"","background-repeat":"repeat","background-position":"center center","background-size":"auto","background-attachment":"scroll","background-type":"","background-media":"","overlay-type":"","overlay-color":"","overlay-opacity":"","overlay-gradient":""}},"footnotes":""},"categories":[1,29],"tags":[],"class_list":["post-12316","post","type-post","status-publish","format-standard","has-post-thumbnail","hentry","category-general","category-portada"],"post_mailing_queue_ids":[],"_links":{"self":[{"href":"https:\/\/serveiseducatius.xtec.cat\/osona\/wp-json\/wp\/v2\/posts\/12316","targetHints":{"allow":["GET"]}}],"collection":[{"href":"https:\/\/serveiseducatius.xtec.cat\/osona\/wp-json\/wp\/v2\/posts"}],"about":[{"href":"https:\/\/serveiseducatius.xtec.cat\/osona\/wp-json\/wp\/v2\/types\/post"}],"author":[{"embeddable":true,"href":"https:\/\/serveiseducatius.xtec.cat\/osona\/wp-json\/wp\/v2\/users\/1"}],"replies":[{"embeddable":true,"href":"https:\/\/serveiseducatius.xtec.cat\/osona\/wp-json\/wp\/v2\/comments?post=12316"}],"version-history":[{"count":2,"href":"https:\/\/serveiseducatius.xtec.cat\/osona\/wp-json\/wp\/v2\/posts\/12316\/revisions"}],"predecessor-version":[{"id":12321,"href":"https:\/\/serveiseducatius.xtec.cat\/osona\/wp-json\/wp\/v2\/posts\/12316\/revisions\/12321"}],"wp:featuredmedia":[{"embeddable":true,"href":"https:\/\/serveiseducatius.xtec.cat\/osona\/wp-json\/wp\/v2\/media\/12318"}],"wp:attachment":[{"href":"https:\/\/serveiseducatius.xtec.cat\/osona\/wp-json\/wp\/v2\/media?parent=12316"}],"wp:term":[{"taxonomy":"category","embeddable":true,"href":"https:\/\/serveiseducatius.xtec.cat\/osona\/wp-json\/wp\/v2\/categories?post=12316"},{"taxonomy":"post_tag","embeddable":true,"href":"https:\/\/serveiseducatius.xtec.cat\/osona\/wp-json\/wp\/v2\/tags?post=12316"}],"curies":[{"name":"wp","href":"https:\/\/api.w.org\/{rel}","templated":true}]}}