{"id":12302,"date":"2025-03-07T13:02:46","date_gmt":"2025-03-07T12:02:46","guid":{"rendered":"https:\/\/serveiseducatius.xtec.cat\/osona\/?p=12302"},"modified":"2025-03-07T14:39:27","modified_gmt":"2025-03-07T13:39:27","slug":"presentacio-album-illustrat-la-bici-de-la-lola-comunicacio-i-prevencio-de-les-violencies-sexuals-a-la-infancia","status":"publish","type":"post","link":"https:\/\/serveiseducatius.xtec.cat\/osona\/portada\/presentacio-album-illustrat-la-bici-de-la-lola-comunicacio-i-prevencio-de-les-violencies-sexuals-a-la-infancia\/","title":{"rendered":"Presentaci\u00f3 \u00e0lbum il\u00b7lustrat LA BICI DE LA LOLA \u201cComunicaci\u00f3 i prevenci\u00f3 de les viol\u00e8ncies sexuals a la inf\u00e0ncia\u201d"},"content":{"rendered":"\n<p>Docents d&#8217;Infantil, Prim\u00e0ria i Secund\u00e0ria, integradors\/es socials, orientadors\/es,  COCOBE, monitoratge de menjador, us volem convidar a la presentaci\u00f3 de l\u2019\u00e0lbum il\u00b7lustrat\u00a0<strong>\u201cLa bici de la Lola\u201d.<\/strong><\/p>\n\n\n\n<p>Mitjan\u00e7ant la  Unitat de Suport a l\u2019Alumnat en situaci\u00f3 de viol\u00e8ncia (USAV), conjuntament amb les autores ens presentaran l\u2019\u00e0lbum il\u00b7lustrat\u00a0<a href=\"https:\/\/xtec.gencat.cat\/web\/.content\/alumnat\/violencies\/materials-i-recursos\/recursos\/Guia-La-bici-de-la-Lola.pdf\" target=\"_blank\" rel=\"noreferrer noopener\">\u00abLa bici de la Lola\u00bb<\/a>\u00a0per abordar la\u00a0<strong>Comunicaci\u00f3 i prevenci\u00f3 de les viol\u00e8ncies sexuals a la inf\u00e0ncia<\/strong> i la seva guia did\u00e0ctica.<\/p>\n\n\n\n<figure class=\"wp-block-image alignleft size-full\"><a href=\"https:\/\/serveiseducatius.xtec.cat\/osona\/wp-content\/uploads\/usu1175\/2025\/03\/Captura-de-pantalla-2025-03-07-123059-1.png\"><img loading=\"lazy\" decoding=\"async\" width=\"258\" height=\"312\" src=\"https:\/\/serveiseducatius.xtec.cat\/osona\/wp-content\/uploads\/usu1175\/2025\/03\/Captura-de-pantalla-2025-03-07-123059-1.png\" alt=\"\" class=\"wp-image-12304\" srcset=\"https:\/\/serveiseducatius.xtec.cat\/osona\/wp-content\/uploads\/usu1175\/2025\/03\/Captura-de-pantalla-2025-03-07-123059-1.png 258w, https:\/\/serveiseducatius.xtec.cat\/osona\/wp-content\/uploads\/usu1175\/2025\/03\/Captura-de-pantalla-2025-03-07-123059-1-248x300.png 248w\" sizes=\"auto, (max-width: 258px) 100vw, 258px\" \/><\/a><\/figure>\n\n\n\n<h5 class=\"wp-block-heading\"><strong>Dia<\/strong><\/h5>\n\n\n\n<p>1 d&#8217;abril de les 17:30 h a les 19:00h<\/p>\n\n\n\n<p class=\"has-medium-font-size\"><strong>Lloc<\/strong><\/p>\n\n\n\n<p>CRP d&#8217;Osona (Vic)<\/p>\n\n\n\n<h5 class=\"wp-block-heading\"><strong>Descripci\u00f3<\/strong><\/h5>\n\n\n\n<p>El conte&nbsp;<em>La bici de la Lola<\/em>&nbsp;ofereix un espai per abordar les viol\u00e8ncies sexuals en la inf\u00e0ncia. Es presenta com una lectura preventiva que proporciona eines per detectar i enfrontar aquest tipus de viol\u00e8ncies.<\/p>\n\n\n\n<p>Alhora, aquest \u00e0lbum il\u00b7lustrat compta tamb\u00e9 amb el suport d\u2019una&nbsp;Guia d\u2019acompanyament a la lectura.&nbsp;Aquesta guia tamb\u00e9 ser\u00e0 presentada durant la sessi\u00f3 i&nbsp;t\u00e9 els seg\u00fcents objectius:<\/p>\n\n\n\n<ul class=\"wp-block-list\">\n<li>Oferir instruccions i recursos sobre com abordar la lectura del conte, adaptant-lo a cada etapa de desenvolupament.<\/li>\n\n\n\n<li>Donar indicacions de com crear espais segurs i protectors.<\/li>\n<\/ul>\n\n\n\n<p><a href=\"https:\/\/aplicacions.gestioeducativa.gencat.cat\/ords\/pls\/soloas\/pk_for_mod_ins.p_for_detall_activitat?p_header=Llista%20d%27activitats^pk_for_mod_ins.p_for_cons_activitats?p_crp=B04%26p_any=2024-2025%26p_totes=S%26p_inici=1%26p_excloure_crp_rec=T&amp;p_codi=B041891B04&amp;p_curs=2024-2025&amp;p_es_inscr=S\" data-type=\"link\" data-id=\"https:\/\/aplicacions.gestioeducativa.gencat.cat\/ords\/pls\/soloas\/pk_for_mod_ins.p_for_detall_activitat?p_header=Llista%20d%27activitats^pk_for_mod_ins.p_for_cons_activitats?p_crp=B04%26p_any=2024-2025%26p_totes=S%26p_inici=1%26p_excloure_crp_rec=T&amp;p_codi=B041891B04&amp;p_curs=2024-2025&amp;p_es_inscr=S\">Enlla\u00e7 d&#8217;inscripci\u00f3<\/a><\/p>\n\n\n\n<p>Us hi esperem!<\/p>\n","protected":false},"excerpt":{"rendered":"<p>Docents d&#8217;Infantil, Prim\u00e0ria i Secund\u00e0ria, integradors\/es socials, orientadors\/es, COCOBE, monitoratge de menjador, us volem convidar a la presentaci\u00f3 de l\u2019\u00e0lbum [&hellip;]<\/p>\n","protected":false},"author":1,"featured_media":12304,"comment_status":"closed","ping_status":"open","sticky":false,"template":"","format":"standard","meta":{"_bbp_topic_count":0,"_bbp_reply_count":0,"_bbp_total_topic_count":0,"_bbp_total_reply_count":0,"_bbp_voice_count":0,"_bbp_anonymous_reply_count":0,"_bbp_topic_count_hidden":0,"_bbp_reply_count_hidden":0,"_bbp_forum_subforum_count":0,"site-sidebar-layout":"default","site-content-layout":"","ast-site-content-layout":"default","site-content-style":"default","site-sidebar-style":"default","ast-global-header-display":"","ast-banner-title-visibility":"","ast-main-header-display":"","ast-hfb-above-header-display":"","ast-hfb-below-header-display":"","ast-hfb-mobile-header-display":"","site-post-title":"","ast-breadcrumbs-content":"","ast-featured-img":"","footer-sml-layout":"","theme-transparent-header-meta":"","adv-header-id-meta":"","stick-header-meta":"","header-above-stick-meta":"","header-main-stick-meta":"","header-below-stick-meta":"","astra-migrate-meta-layouts":"set","ast-page-background-enabled":"default","ast-page-background-meta":{"desktop":{"background-color":"var(--ast-global-color-4)","background-image":"","background-repeat":"repeat","background-position":"center center","background-size":"auto","background-attachment":"scroll","background-type":"","background-media":"","overlay-type":"","overlay-color":"","overlay-opacity":"","overlay-gradient":""},"tablet":{"background-color":"","background-image":"","background-repeat":"repeat","background-position":"center center","background-size":"auto","background-attachment":"scroll","background-type":"","background-media":"","overlay-type":"","overlay-color":"","overlay-opacity":"","overlay-gradient":""},"mobile":{"background-color":"","background-image":"","background-repeat":"repeat","background-position":"center center","background-size":"auto","background-attachment":"scroll","background-type":"","background-media":"","overlay-type":"","overlay-color":"","overlay-opacity":"","overlay-gradient":""}},"ast-content-background-meta":{"desktop":{"background-color":"var(--ast-global-color-5)","background-image":"","background-repeat":"repeat","background-position":"center center","background-size":"auto","background-attachment":"scroll","background-type":"","background-media":"","overlay-type":"","overlay-color":"","overlay-opacity":"","overlay-gradient":""},"tablet":{"background-color":"var(--ast-global-color-5)","background-image":"","background-repeat":"repeat","background-position":"center center","background-size":"auto","background-attachment":"scroll","background-type":"","background-media":"","overlay-type":"","overlay-color":"","overlay-opacity":"","overlay-gradient":""},"mobile":{"background-color":"var(--ast-global-color-5)","background-image":"","background-repeat":"repeat","background-position":"center center","background-size":"auto","background-attachment":"scroll","background-type":"","background-media":"","overlay-type":"","overlay-color":"","overlay-opacity":"","overlay-gradient":""}},"footnotes":""},"categories":[65,29,76],"tags":[],"class_list":["post-12302","post","type-post","status-publish","format-standard","has-post-thumbnail","hentry","category-crp","category-portada","category-recursos"],"post_mailing_queue_ids":[],"_links":{"self":[{"href":"https:\/\/serveiseducatius.xtec.cat\/osona\/wp-json\/wp\/v2\/posts\/12302","targetHints":{"allow":["GET"]}}],"collection":[{"href":"https:\/\/serveiseducatius.xtec.cat\/osona\/wp-json\/wp\/v2\/posts"}],"about":[{"href":"https:\/\/serveiseducatius.xtec.cat\/osona\/wp-json\/wp\/v2\/types\/post"}],"author":[{"embeddable":true,"href":"https:\/\/serveiseducatius.xtec.cat\/osona\/wp-json\/wp\/v2\/users\/1"}],"replies":[{"embeddable":true,"href":"https:\/\/serveiseducatius.xtec.cat\/osona\/wp-json\/wp\/v2\/comments?post=12302"}],"version-history":[{"count":3,"href":"https:\/\/serveiseducatius.xtec.cat\/osona\/wp-json\/wp\/v2\/posts\/12302\/revisions"}],"predecessor-version":[{"id":12307,"href":"https:\/\/serveiseducatius.xtec.cat\/osona\/wp-json\/wp\/v2\/posts\/12302\/revisions\/12307"}],"wp:featuredmedia":[{"embeddable":true,"href":"https:\/\/serveiseducatius.xtec.cat\/osona\/wp-json\/wp\/v2\/media\/12304"}],"wp:attachment":[{"href":"https:\/\/serveiseducatius.xtec.cat\/osona\/wp-json\/wp\/v2\/media?parent=12302"}],"wp:term":[{"taxonomy":"category","embeddable":true,"href":"https:\/\/serveiseducatius.xtec.cat\/osona\/wp-json\/wp\/v2\/categories?post=12302"},{"taxonomy":"post_tag","embeddable":true,"href":"https:\/\/serveiseducatius.xtec.cat\/osona\/wp-json\/wp\/v2\/tags?post=12302"}],"curies":[{"name":"wp","href":"https:\/\/api.w.org\/{rel}","templated":true}]}}