{"id":12294,"date":"2025-02-25T09:51:20","date_gmt":"2025-02-25T08:51:20","guid":{"rendered":"https:\/\/serveiseducatius.xtec.cat\/osona\/?p=12294"},"modified":"2025-02-25T09:52:46","modified_gmt":"2025-02-25T08:52:46","slug":"i-jornades-de-la-biblioteca-pilarin-bayes-de-vic-mes-enlla-de-la-l-e-c-t-u-r-a","status":"publish","type":"post","link":"https:\/\/serveiseducatius.xtec.cat\/osona\/general\/i-jornades-de-la-biblioteca-pilarin-bayes-de-vic-mes-enlla-de-la-l-e-c-t-u-r-a\/","title":{"rendered":"I Jornades de la Biblioteca Pilarin Bay\u00e9s de Vic: M\u00e9s enll\u00e0 de la l.e.c.t.u.r.a."},"content":{"rendered":"\n<p>Des d&#8217;avui, 25 de febrer podreu fer la inscripci\u00f3 a les primeres jornades de la biblioteca Pilarin Bay\u00e9s que es desenvoluparan el 4 i 5 d&#8217;abril de 2025. Unes jornades que comptaran amb experts d&#8217;alt nivell de l&#8217;\u00e0mbit catal\u00e0 especialistes en el camp de la llengua i literatura. Podeu consultar el programa a:<\/p>\n\n\n\n<p><a href=\"https:\/\/www.bibliotecapilarinbayes.cat\/projectes\/jornades-bpb\/\">https:\/\/www.bibliotecapilarinbayes.cat\/projectes\/jornades-bpb\/<\/a><\/p>\n\n\n\n<p>Les I Jornades de la Biblioteca Pilarin Bay\u00e9s de Vic s&#8217;inicien amb car\u00e0cter biennal amb l&#8217;objectiu d&#8217;obrir l&#8217;espai bibliotecari a diferents \u00e0mbits professionals. Aquesta primera edici\u00f3 es centra en la comprensi\u00f3 lectora, convidant a docents, bibliotecaris, il\u00b7lustradors, promotors de la lectura, mediadors, llibreters i altres agents a compartir experi\u00e8ncies i reflexions.<\/p>\n\n\n\n<p>En un context dominat per xarxes i noves eines comunicatives, l&#8217;esdeveniment proposa una pausa per analitzar com la lectura i el proc\u00e9s de comprensi\u00f3 s&#8217;han ampliat m\u00e9s enll\u00e0 del model tradicional. Entre els temes a debatre hi ha la lectura fragmentada i no lineal, el text multimodal, el multiling\u00fcisme, aix\u00ed com les bases de la comprensi\u00f3 lectora, la progressi\u00f3, el context i la capacitat de concentraci\u00f3.<\/p>\n\n\n\n<p>Us animem a participar en aquesta iniciativa de gran qualitat acad\u00e8mica i humana.<\/p>\n\n\n\n<figure class=\"wp-block-image size-large\"><a href=\"https:\/\/serveiseducatius.xtec.cat\/osona\/wp-content\/uploads\/usu1175\/2025\/02\/pilarin.png\"><img loading=\"lazy\" decoding=\"async\" width=\"1024\" height=\"379\" src=\"https:\/\/serveiseducatius.xtec.cat\/osona\/wp-content\/uploads\/usu1175\/2025\/02\/pilarin-1024x379.png\" alt=\"\" class=\"wp-image-12295\" srcset=\"https:\/\/serveiseducatius.xtec.cat\/osona\/wp-content\/uploads\/usu1175\/2025\/02\/pilarin-1024x379.png 1024w, https:\/\/serveiseducatius.xtec.cat\/osona\/wp-content\/uploads\/usu1175\/2025\/02\/pilarin-300x111.png 300w, https:\/\/serveiseducatius.xtec.cat\/osona\/wp-content\/uploads\/usu1175\/2025\/02\/pilarin-768x284.png 768w, https:\/\/serveiseducatius.xtec.cat\/osona\/wp-content\/uploads\/usu1175\/2025\/02\/pilarin.png 1171w\" sizes=\"auto, (max-width: 1024px) 100vw, 1024px\" \/><\/a><\/figure>\n","protected":false},"excerpt":{"rendered":"<p>Des d&#8217;avui, 25 de febrer podreu fer la inscripci\u00f3 a les primeres jornades de la biblioteca Pilarin Bay\u00e9s que es [&hellip;]<\/p>\n","protected":false},"author":1,"featured_media":12295,"comment_status":"closed","ping_status":"open","sticky":false,"template":"","format":"standard","meta":{"_bbp_topic_count":0,"_bbp_reply_count":0,"_bbp_total_topic_count":0,"_bbp_total_reply_count":0,"_bbp_voice_count":0,"_bbp_anonymous_reply_count":0,"_bbp_topic_count_hidden":0,"_bbp_reply_count_hidden":0,"_bbp_forum_subforum_count":0,"site-sidebar-layout":"default","site-content-layout":"","ast-site-content-layout":"default","site-content-style":"default","site-sidebar-style":"default","ast-global-header-display":"","ast-banner-title-visibility":"","ast-main-header-display":"","ast-hfb-above-header-display":"","ast-hfb-below-header-display":"","ast-hfb-mobile-header-display":"","site-post-title":"","ast-breadcrumbs-content":"","ast-featured-img":"","footer-sml-layout":"","theme-transparent-header-meta":"","adv-header-id-meta":"","stick-header-meta":"","header-above-stick-meta":"","header-main-stick-meta":"","header-below-stick-meta":"","astra-migrate-meta-layouts":"set","ast-page-background-enabled":"default","ast-page-background-meta":{"desktop":{"background-color":"var(--ast-global-color-4)","background-image":"","background-repeat":"repeat","background-position":"center center","background-size":"auto","background-attachment":"scroll","background-type":"","background-media":"","overlay-type":"","overlay-color":"","overlay-opacity":"","overlay-gradient":""},"tablet":{"background-color":"","background-image":"","background-repeat":"repeat","background-position":"center center","background-size":"auto","background-attachment":"scroll","background-type":"","background-media":"","overlay-type":"","overlay-color":"","overlay-opacity":"","overlay-gradient":""},"mobile":{"background-color":"","background-image":"","background-repeat":"repeat","background-position":"center center","background-size":"auto","background-attachment":"scroll","background-type":"","background-media":"","overlay-type":"","overlay-color":"","overlay-opacity":"","overlay-gradient":""}},"ast-content-background-meta":{"desktop":{"background-color":"var(--ast-global-color-5)","background-image":"","background-repeat":"repeat","background-position":"center center","background-size":"auto","background-attachment":"scroll","background-type":"","background-media":"","overlay-type":"","overlay-color":"","overlay-opacity":"","overlay-gradient":""},"tablet":{"background-color":"var(--ast-global-color-5)","background-image":"","background-repeat":"repeat","background-position":"center center","background-size":"auto","background-attachment":"scroll","background-type":"","background-media":"","overlay-type":"","overlay-color":"","overlay-opacity":"","overlay-gradient":""},"mobile":{"background-color":"var(--ast-global-color-5)","background-image":"","background-repeat":"repeat","background-position":"center center","background-size":"auto","background-attachment":"scroll","background-type":"","background-media":"","overlay-type":"","overlay-color":"","overlay-opacity":"","overlay-gradient":""}},"footnotes":""},"categories":[1,29],"tags":[],"class_list":["post-12294","post","type-post","status-publish","format-standard","has-post-thumbnail","hentry","category-general","category-portada"],"post_mailing_queue_ids":[],"_links":{"self":[{"href":"https:\/\/serveiseducatius.xtec.cat\/osona\/wp-json\/wp\/v2\/posts\/12294","targetHints":{"allow":["GET"]}}],"collection":[{"href":"https:\/\/serveiseducatius.xtec.cat\/osona\/wp-json\/wp\/v2\/posts"}],"about":[{"href":"https:\/\/serveiseducatius.xtec.cat\/osona\/wp-json\/wp\/v2\/types\/post"}],"author":[{"embeddable":true,"href":"https:\/\/serveiseducatius.xtec.cat\/osona\/wp-json\/wp\/v2\/users\/1"}],"replies":[{"embeddable":true,"href":"https:\/\/serveiseducatius.xtec.cat\/osona\/wp-json\/wp\/v2\/comments?post=12294"}],"version-history":[{"count":1,"href":"https:\/\/serveiseducatius.xtec.cat\/osona\/wp-json\/wp\/v2\/posts\/12294\/revisions"}],"predecessor-version":[{"id":12296,"href":"https:\/\/serveiseducatius.xtec.cat\/osona\/wp-json\/wp\/v2\/posts\/12294\/revisions\/12296"}],"wp:featuredmedia":[{"embeddable":true,"href":"https:\/\/serveiseducatius.xtec.cat\/osona\/wp-json\/wp\/v2\/media\/12295"}],"wp:attachment":[{"href":"https:\/\/serveiseducatius.xtec.cat\/osona\/wp-json\/wp\/v2\/media?parent=12294"}],"wp:term":[{"taxonomy":"category","embeddable":true,"href":"https:\/\/serveiseducatius.xtec.cat\/osona\/wp-json\/wp\/v2\/categories?post=12294"},{"taxonomy":"post_tag","embeddable":true,"href":"https:\/\/serveiseducatius.xtec.cat\/osona\/wp-json\/wp\/v2\/tags?post=12294"}],"curies":[{"name":"wp","href":"https:\/\/api.w.org\/{rel}","templated":true}]}}