{"id":12151,"date":"2025-01-08T10:17:38","date_gmt":"2025-01-08T09:17:38","guid":{"rendered":"https:\/\/serveiseducatius.xtec.cat\/osona\/?p=12151"},"modified":"2025-01-08T10:17:38","modified_gmt":"2025-01-08T09:17:38","slug":"convocatoria-del-xviii-premi-federico-mayor-zaragoza-curs-2024-2025","status":"publish","type":"post","link":"https:\/\/serveiseducatius.xtec.cat\/osona\/general\/convocatoria-del-xviii-premi-federico-mayor-zaragoza-curs-2024-2025\/","title":{"rendered":"Convocat\u00f2ria del XVIII Premi Federico Mayor Zaragoza (Curs 2024-2025)"},"content":{"rendered":"<p>Ens complau anunciar la <strong>convocat\u00f2ria del XVIII Premi Federico Mayor Zaragoza<\/strong>, oberta a la participaci\u00f3 de centres escolars, universitats, entitats, institucions i altres. Aquest any, amb m\u00e9s determinaci\u00f3 que mai, volem mantenir viu el llegat d\u2019un home que va dedicar la seva vida a la pau, la just\u00edcia i els drets humans.<\/p>\n<p>Amb gran tristesa, compartim que el passat <strong>19 de desembre<\/strong> ens va deixar <strong>Federico Mayor Zaragoza<\/strong>. La seva abs\u00e8ncia representa una gran p\u00e8rdua, per\u00f2 la seva visi\u00f3 i valors ens continuen guiant. Aquest premi, que porta el seu nom, \u00e9s un homenatge a la seva incansable tasca i comprom\u00eds amb un m\u00f3n millor.<\/p>\n<h3>Objectiu del Premi 2024-2025<\/h3>\n<p>L\u2019edici\u00f3 d\u2019enguany vol <strong>sensibilitzar i promoure la reflexi\u00f3<\/strong> sobre la <strong>pau positiva<\/strong>, entenent-la com un horitz\u00f3 i un cam\u00ed diari cap a relacions respectuoses i cooperatives, i estructures socials m\u00e9s justes i equitatives.<\/p>\n<p><strong>Proposta:<\/strong> Crear un v\u00eddeo en equips d\u2019almenys 3 persones, amb una durada m\u00e0xima de <strong>2 minuts<\/strong>, sota el lema:<\/p>\n<h3><strong>LA PAU \u00c9S EL CAM\u00cd<\/strong><\/h3>\n<h3>Premis<\/h3>\n<ul>\n<li><strong>1r premi:<\/strong> 400 \u20ac<\/li>\n<li><strong>2n premi:<\/strong> 250 \u20ac<\/li>\n<li><strong>3r premi:<\/strong> 150 \u20ac<\/li>\n<\/ul>\n<h3>Termini de participaci\u00f3<\/h3>\n<ul>\n<li><strong>Inscripci\u00f3 i tramesa de v\u00eddeos:<\/strong> del <strong>15 de gener al 21 de mar\u00e7 de 2025<\/strong>.<\/li>\n<\/ul>\n<h3>Bases i inscripcions<\/h3>\n<ul>\n<li>Les bases del concurs estan disponibles al nostre web: <a href=\"http:\/\/www.unescotortosa.cat\/\">www.unescotortosa.cat<\/a><\/li>\n<li>El formulari d\u2019inscripci\u00f3 es troba a la mateixa p\u00e0gina.<\/li>\n<\/ul>\n<p>Per a qualsevol consulta, podeu escriure\u2019ns a: <strong><a href=\"mailto:premifedericomayor@gmail.com\">premifedericomayor@gmail.com<\/a><\/strong><\/p>\n<h3>Ajuda\u2019ns a fer difusi\u00f3!<\/h3>\n<p>Us animem a compartir aquesta iniciativa amb els centres de la vostra zona. Continuem construint un m\u00f3n m\u00e9s just i pac\u00edfic, tal com Federico Mayor Zaragoza sempre va defensar.<\/p>\n<p><strong>Gr\u00e0cies per la vostra col\u00b7laboraci\u00f3!<\/strong><\/p>\n<p><strong>Salutacions cordials.<\/strong><\/p>\n","protected":false},"excerpt":{"rendered":"<p>Ens complau anunciar la convocat\u00f2ria del XVIII Premi Federico Mayor Zaragoza, oberta a la participaci\u00f3 de centres escolars, universitats, entitats, [&hellip;]<\/p>\n","protected":false},"author":1,"featured_media":0,"comment_status":"closed","ping_status":"closed","sticky":false,"template":"","format":"standard","meta":{"_bbp_topic_count":0,"_bbp_reply_count":0,"_bbp_total_topic_count":0,"_bbp_total_reply_count":0,"_bbp_voice_count":0,"_bbp_anonymous_reply_count":0,"_bbp_topic_count_hidden":0,"_bbp_reply_count_hidden":0,"_bbp_forum_subforum_count":0,"site-sidebar-layout":"default","site-content-layout":"","ast-site-content-layout":"","site-content-style":"default","site-sidebar-style":"default","ast-global-header-display":"","ast-banner-title-visibility":"","ast-main-header-display":"","ast-hfb-above-header-display":"","ast-hfb-below-header-display":"","ast-hfb-mobile-header-display":"","site-post-title":"","ast-breadcrumbs-content":"","ast-featured-img":"","footer-sml-layout":"","theme-transparent-header-meta":"","adv-header-id-meta":"","stick-header-meta":"","header-above-stick-meta":"","header-main-stick-meta":"","header-below-stick-meta":"","astra-migrate-meta-layouts":"default","ast-page-background-enabled":"default","ast-page-background-meta":{"desktop":{"background-color":"var(--ast-global-color-4)","background-image":"","background-repeat":"repeat","background-position":"center center","background-size":"auto","background-attachment":"scroll","background-type":"","background-media":"","overlay-type":"","overlay-color":"","overlay-opacity":"","overlay-gradient":""},"tablet":{"background-color":"","background-image":"","background-repeat":"repeat","background-position":"center center","background-size":"auto","background-attachment":"scroll","background-type":"","background-media":"","overlay-type":"","overlay-color":"","overlay-opacity":"","overlay-gradient":""},"mobile":{"background-color":"","background-image":"","background-repeat":"repeat","background-position":"center center","background-size":"auto","background-attachment":"scroll","background-type":"","background-media":"","overlay-type":"","overlay-color":"","overlay-opacity":"","overlay-gradient":""}},"ast-content-background-meta":{"desktop":{"background-color":"var(--ast-global-color-5)","background-image":"","background-repeat":"repeat","background-position":"center center","background-size":"auto","background-attachment":"scroll","background-type":"","background-media":"","overlay-type":"","overlay-color":"","overlay-opacity":"","overlay-gradient":""},"tablet":{"background-color":"var(--ast-global-color-5)","background-image":"","background-repeat":"repeat","background-position":"center center","background-size":"auto","background-attachment":"scroll","background-type":"","background-media":"","overlay-type":"","overlay-color":"","overlay-opacity":"","overlay-gradient":""},"mobile":{"background-color":"var(--ast-global-color-5)","background-image":"","background-repeat":"repeat","background-position":"center center","background-size":"auto","background-attachment":"scroll","background-type":"","background-media":"","overlay-type":"","overlay-color":"","overlay-opacity":"","overlay-gradient":""}},"footnotes":""},"categories":[1,29],"tags":[],"class_list":["post-12151","post","type-post","status-publish","format-standard","hentry","category-general","category-portada"],"post_mailing_queue_ids":[],"_links":{"self":[{"href":"https:\/\/serveiseducatius.xtec.cat\/osona\/wp-json\/wp\/v2\/posts\/12151","targetHints":{"allow":["GET"]}}],"collection":[{"href":"https:\/\/serveiseducatius.xtec.cat\/osona\/wp-json\/wp\/v2\/posts"}],"about":[{"href":"https:\/\/serveiseducatius.xtec.cat\/osona\/wp-json\/wp\/v2\/types\/post"}],"author":[{"embeddable":true,"href":"https:\/\/serveiseducatius.xtec.cat\/osona\/wp-json\/wp\/v2\/users\/1"}],"replies":[{"embeddable":true,"href":"https:\/\/serveiseducatius.xtec.cat\/osona\/wp-json\/wp\/v2\/comments?post=12151"}],"version-history":[{"count":1,"href":"https:\/\/serveiseducatius.xtec.cat\/osona\/wp-json\/wp\/v2\/posts\/12151\/revisions"}],"predecessor-version":[{"id":12152,"href":"https:\/\/serveiseducatius.xtec.cat\/osona\/wp-json\/wp\/v2\/posts\/12151\/revisions\/12152"}],"wp:attachment":[{"href":"https:\/\/serveiseducatius.xtec.cat\/osona\/wp-json\/wp\/v2\/media?parent=12151"}],"wp:term":[{"taxonomy":"category","embeddable":true,"href":"https:\/\/serveiseducatius.xtec.cat\/osona\/wp-json\/wp\/v2\/categories?post=12151"},{"taxonomy":"post_tag","embeddable":true,"href":"https:\/\/serveiseducatius.xtec.cat\/osona\/wp-json\/wp\/v2\/tags?post=12151"}],"curies":[{"name":"wp","href":"https:\/\/api.w.org\/{rel}","templated":true}]}}