{"id":12147,"date":"2024-12-17T15:47:31","date_gmt":"2024-12-17T14:47:31","guid":{"rendered":"https:\/\/serveiseducatius.xtec.cat\/osona\/?p=12147"},"modified":"2025-01-14T11:39:44","modified_gmt":"2025-01-14T10:39:44","slug":"formacions-de-segon-torn-del-curs-2024-2025-del-pla-de-formacio-de-zona-del-crp-dosona","status":"publish","type":"post","link":"https:\/\/serveiseducatius.xtec.cat\/osona\/general\/formacions-de-segon-torn-del-curs-2024-2025-del-pla-de-formacio-de-zona-del-crp-dosona\/","title":{"rendered":"Formacions de segon torn del curs 2024\/2025 del pla de formaci\u00f3 de zona del CRP d&#8217;Osona."},"content":{"rendered":"<p>Per ajudar-vos a triar les formacions de segon torn del pla de formaci\u00f3 de zona hem preparat aquesta presentaci\u00f3 per facilitar-vos la navegaci\u00f3 per les diferents modalitats i \u00e0mbits. Trobareu els enlla\u00e7os a les inscripcions en la mateixa presentaci\u00f3.<\/p>\n<p>Els processos d&#8217;inscripci\u00f3 s&#8217;iniciaran a partir del 7 de gener fins al 15 del mateix mes.<\/p>\n<table class=\"taula_base table aligncenter\" style=\"width: 49.6311%;\" summary=\"Calendari d'inscripci\u00f3 a la formaci\u00f3\">\n<thead>\n<tr>\n<th style=\"width: 23.1884%;\" scope=\"col\">Per\u00edodes d\u2019inscripci\u00f3<\/th>\n<th style=\"width: 23.7681%;\" scope=\"col\">Sol\u00b7licitud de pla\u00e7a<\/th>\n<th style=\"width: 27.2464%;\" scope=\"col\">Consulta d\u2019adjudicacions<\/th>\n<th style=\"width: 23.913%;\" scope=\"col\">Inici de les activitats<\/th>\n<\/tr>\n<\/thead>\n<tbody>\n<tr>\n<th style=\"width: 23.1884%;\" scope=\"row\">Segon torn<\/th>\n<td style=\"width: 23.7681%;\">del 7 al 15 de gener<\/td>\n<td style=\"width: 27.2464%;\">31 de gener<\/td>\n<td style=\"width: 23.913%;\">a partir del 5 de febrer<\/td>\n<\/tr>\n<\/tbody>\n<\/table>\n<div><\/div>\n<div><\/div>\n<div style=\"width: 100%; text-align: center;\">\n<div style=\"position: relative; padding-bottom: 56.25%; padding-top: 0; height: 0;\"><iframe loading=\"lazy\" style=\"position: absolute; top: 0; left: 0; width: 100%; height: 100%;\" title=\"Formacions 2n torn\" src=\"https:\/\/view.genially.com\/67616099528f2830f0d366b5\" width=\"1200\" height=\"675\" frameborder=\"0\" scrolling=\"yes\" allowfullscreen=\"allowfullscreen\"><\/iframe><\/div>\n<\/div>\n","protected":false},"excerpt":{"rendered":"<p>Per ajudar-vos a triar les formacions de segon torn del pla de formaci\u00f3 de zona hem preparat aquesta presentaci\u00f3 per [&hellip;]<\/p>\n","protected":false},"author":1,"featured_media":0,"comment_status":"closed","ping_status":"closed","sticky":true,"template":"","format":"standard","meta":{"_bbp_topic_count":0,"_bbp_reply_count":0,"_bbp_total_topic_count":0,"_bbp_total_reply_count":0,"_bbp_voice_count":0,"_bbp_anonymous_reply_count":0,"_bbp_topic_count_hidden":0,"_bbp_reply_count_hidden":0,"_bbp_forum_subforum_count":0,"site-sidebar-layout":"default","site-content-layout":"","ast-site-content-layout":"default","site-content-style":"default","site-sidebar-style":"default","ast-global-header-display":"","ast-banner-title-visibility":"","ast-main-header-display":"","ast-hfb-above-header-display":"","ast-hfb-below-header-display":"","ast-hfb-mobile-header-display":"","site-post-title":"","ast-breadcrumbs-content":"","ast-featured-img":"","footer-sml-layout":"","theme-transparent-header-meta":"","adv-header-id-meta":"","stick-header-meta":"","header-above-stick-meta":"","header-main-stick-meta":"","header-below-stick-meta":"","astra-migrate-meta-layouts":"set","ast-page-background-enabled":"default","ast-page-background-meta":{"desktop":{"background-color":"var(--ast-global-color-4)","background-image":"","background-repeat":"repeat","background-position":"center center","background-size":"auto","background-attachment":"scroll","background-type":"","background-media":"","overlay-type":"","overlay-color":"","overlay-opacity":"","overlay-gradient":""},"tablet":{"background-color":"","background-image":"","background-repeat":"repeat","background-position":"center center","background-size":"auto","background-attachment":"scroll","background-type":"","background-media":"","overlay-type":"","overlay-color":"","overlay-opacity":"","overlay-gradient":""},"mobile":{"background-color":"","background-image":"","background-repeat":"repeat","background-position":"center center","background-size":"auto","background-attachment":"scroll","background-type":"","background-media":"","overlay-type":"","overlay-color":"","overlay-opacity":"","overlay-gradient":""}},"ast-content-background-meta":{"desktop":{"background-color":"var(--ast-global-color-5)","background-image":"","background-repeat":"repeat","background-position":"center center","background-size":"auto","background-attachment":"scroll","background-type":"","background-media":"","overlay-type":"","overlay-color":"","overlay-opacity":"","overlay-gradient":""},"tablet":{"background-color":"var(--ast-global-color-5)","background-image":"","background-repeat":"repeat","background-position":"center center","background-size":"auto","background-attachment":"scroll","background-type":"","background-media":"","overlay-type":"","overlay-color":"","overlay-opacity":"","overlay-gradient":""},"mobile":{"background-color":"var(--ast-global-color-5)","background-image":"","background-repeat":"repeat","background-position":"center center","background-size":"auto","background-attachment":"scroll","background-type":"","background-media":"","overlay-type":"","overlay-color":"","overlay-opacity":"","overlay-gradient":""}},"footnotes":""},"categories":[1,29],"tags":[],"class_list":["post-12147","post","type-post","status-publish","format-standard","hentry","category-general","category-portada"],"post_mailing_queue_ids":[],"_links":{"self":[{"href":"https:\/\/serveiseducatius.xtec.cat\/osona\/wp-json\/wp\/v2\/posts\/12147","targetHints":{"allow":["GET"]}}],"collection":[{"href":"https:\/\/serveiseducatius.xtec.cat\/osona\/wp-json\/wp\/v2\/posts"}],"about":[{"href":"https:\/\/serveiseducatius.xtec.cat\/osona\/wp-json\/wp\/v2\/types\/post"}],"author":[{"embeddable":true,"href":"https:\/\/serveiseducatius.xtec.cat\/osona\/wp-json\/wp\/v2\/users\/1"}],"replies":[{"embeddable":true,"href":"https:\/\/serveiseducatius.xtec.cat\/osona\/wp-json\/wp\/v2\/comments?post=12147"}],"version-history":[{"count":3,"href":"https:\/\/serveiseducatius.xtec.cat\/osona\/wp-json\/wp\/v2\/posts\/12147\/revisions"}],"predecessor-version":[{"id":12220,"href":"https:\/\/serveiseducatius.xtec.cat\/osona\/wp-json\/wp\/v2\/posts\/12147\/revisions\/12220"}],"wp:attachment":[{"href":"https:\/\/serveiseducatius.xtec.cat\/osona\/wp-json\/wp\/v2\/media?parent=12147"}],"wp:term":[{"taxonomy":"category","embeddable":true,"href":"https:\/\/serveiseducatius.xtec.cat\/osona\/wp-json\/wp\/v2\/categories?post=12147"},{"taxonomy":"post_tag","embeddable":true,"href":"https:\/\/serveiseducatius.xtec.cat\/osona\/wp-json\/wp\/v2\/tags?post=12147"}],"curies":[{"name":"wp","href":"https:\/\/api.w.org\/{rel}","templated":true}]}}