{"id":12052,"date":"2024-10-31T09:00:01","date_gmt":"2024-10-31T08:00:01","guid":{"rendered":"https:\/\/serveiseducatius.xtec.cat\/osona\/?p=12052"},"modified":"2024-10-29T09:35:02","modified_gmt":"2024-10-29T08:35:02","slug":"programem-amb-sentit-critic-les-ciencies-socials-cesire","status":"publish","type":"post","link":"https:\/\/serveiseducatius.xtec.cat\/osona\/general\/programem-amb-sentit-critic-les-ciencies-socials-cesire\/","title":{"rendered":"Programem amb sentit cr\u00edtic les Ci\u00e8ncies Socials &#8211; Cesire"},"content":{"rendered":"<p>Us presentem la formaci\u00f3\u00a0<b><i>Programem amb sentit cr\u00edtic les Ci\u00e8ncies Socials<\/i><\/b>.<\/p>\n<p>Aquest curs\u00a0ha estat dissenyada pel grup de treball de Ci\u00e8ncies Socials i pensament cr\u00edtic del <strong>CESIRE<\/strong> amb el suport d\u2019especialistes en did\u00e0ctica de la Geografia, la Hist\u00f2ria i la Hist\u00f2ria de l\u2019Art de la UB i la UAB. La proposta t\u00e9 com a objectiu facilitar a les docents de secund\u00e0ria i tercer cicle de prim\u00e0ria eines i criteris per treballar les compet\u00e8ncies espec\u00edfiques de l\u2019\u00e0mbit social i facilitar la seva programaci\u00f3 a partir del posicionament cr\u00edtic i de les aportacions epistemol\u00f2giques i metodol\u00f2giques pr\u00f2pies de les diverses disciplines socials.<\/p>\n<p>Si voleu consultar la informaci\u00f3 de la formaci\u00f3 aneu a l&#8217;<a href=\"https:\/\/aplicacions.gestioeducativa.gencat.cat\/ords\/pls\/soloas\/pk_for_mod_ins.p_for_detall_activitat?p_codi=9005140532&amp;p_curs=2024-2025&amp;p_es_inscr=S\">e<\/a><a href=\"https:\/\/serveiseducatius.xtec.cat\/osona\/wp-content\/uploads\/usu1175\/2024\/10\/Connexions-Banner-1x3-per-pagina-web-1024x341-1.png\"><img loading=\"lazy\" decoding=\"async\" class=\"alignleft size-full wp-image-12054\" src=\"https:\/\/serveiseducatius.xtec.cat\/osona\/wp-content\/uploads\/usu1175\/2024\/10\/Connexions-Banner-1x3-per-pagina-web-1024x341-1.png\" alt=\"\" width=\"1024\" height=\"341\" srcset=\"https:\/\/serveiseducatius.xtec.cat\/osona\/wp-content\/uploads\/usu1175\/2024\/10\/Connexions-Banner-1x3-per-pagina-web-1024x341-1.png 1024w, https:\/\/serveiseducatius.xtec.cat\/osona\/wp-content\/uploads\/usu1175\/2024\/10\/Connexions-Banner-1x3-per-pagina-web-1024x341-1-300x100.png 300w, https:\/\/serveiseducatius.xtec.cat\/osona\/wp-content\/uploads\/usu1175\/2024\/10\/Connexions-Banner-1x3-per-pagina-web-1024x341-1-768x256.png 768w\" sizes=\"auto, (max-width: 1024px) 100vw, 1024px\" \/><\/a><a href=\"https:\/\/aplicacions.gestioeducativa.gencat.cat\/ords\/pls\/soloas\/pk_for_mod_ins.p_for_detall_activitat?p_codi=9005140532&amp;p_curs=2024-2025&amp;p_es_inscr=S\">nlla\u00e7<\/a><\/p>\n","protected":false},"excerpt":{"rendered":"<p>Us presentem la formaci\u00f3\u00a0Programem amb sentit cr\u00edtic les Ci\u00e8ncies Socials. Aquest curs\u00a0ha estat dissenyada pel grup de treball de Ci\u00e8ncies [&hellip;]<\/p>\n","protected":false},"author":1,"featured_media":0,"comment_status":"closed","ping_status":"closed","sticky":false,"template":"","format":"standard","meta":{"_bbp_topic_count":0,"_bbp_reply_count":0,"_bbp_total_topic_count":0,"_bbp_total_reply_count":0,"_bbp_voice_count":0,"_bbp_anonymous_reply_count":0,"_bbp_topic_count_hidden":0,"_bbp_reply_count_hidden":0,"_bbp_forum_subforum_count":0,"site-sidebar-layout":"default","site-content-layout":"","ast-site-content-layout":"","site-content-style":"default","site-sidebar-style":"default","ast-global-header-display":"","ast-banner-title-visibility":"","ast-main-header-display":"","ast-hfb-above-header-display":"","ast-hfb-below-header-display":"","ast-hfb-mobile-header-display":"","site-post-title":"","ast-breadcrumbs-content":"","ast-featured-img":"","footer-sml-layout":"","theme-transparent-header-meta":"","adv-header-id-meta":"","stick-header-meta":"","header-above-stick-meta":"","header-main-stick-meta":"","header-below-stick-meta":"","astra-migrate-meta-layouts":"default","ast-page-background-enabled":"default","ast-page-background-meta":{"desktop":{"background-color":"var(--ast-global-color-4)","background-image":"","background-repeat":"repeat","background-position":"center center","background-size":"auto","background-attachment":"scroll","background-type":"","background-media":"","overlay-type":"","overlay-color":"","overlay-opacity":"","overlay-gradient":""},"tablet":{"background-color":"","background-image":"","background-repeat":"repeat","background-position":"center center","background-size":"auto","background-attachment":"scroll","background-type":"","background-media":"","overlay-type":"","overlay-color":"","overlay-opacity":"","overlay-gradient":""},"mobile":{"background-color":"","background-image":"","background-repeat":"repeat","background-position":"center center","background-size":"auto","background-attachment":"scroll","background-type":"","background-media":"","overlay-type":"","overlay-color":"","overlay-opacity":"","overlay-gradient":""}},"ast-content-background-meta":{"desktop":{"background-color":"var(--ast-global-color-5)","background-image":"","background-repeat":"repeat","background-position":"center center","background-size":"auto","background-attachment":"scroll","background-type":"","background-media":"","overlay-type":"","overlay-color":"","overlay-opacity":"","overlay-gradient":""},"tablet":{"background-color":"var(--ast-global-color-5)","background-image":"","background-repeat":"repeat","background-position":"center center","background-size":"auto","background-attachment":"scroll","background-type":"","background-media":"","overlay-type":"","overlay-color":"","overlay-opacity":"","overlay-gradient":""},"mobile":{"background-color":"var(--ast-global-color-5)","background-image":"","background-repeat":"repeat","background-position":"center center","background-size":"auto","background-attachment":"scroll","background-type":"","background-media":"","overlay-type":"","overlay-color":"","overlay-opacity":"","overlay-gradient":""}},"footnotes":""},"categories":[1,29],"tags":[],"class_list":["post-12052","post","type-post","status-publish","format-standard","hentry","category-general","category-portada"],"post_mailing_queue_ids":[],"_links":{"self":[{"href":"https:\/\/serveiseducatius.xtec.cat\/osona\/wp-json\/wp\/v2\/posts\/12052","targetHints":{"allow":["GET"]}}],"collection":[{"href":"https:\/\/serveiseducatius.xtec.cat\/osona\/wp-json\/wp\/v2\/posts"}],"about":[{"href":"https:\/\/serveiseducatius.xtec.cat\/osona\/wp-json\/wp\/v2\/types\/post"}],"author":[{"embeddable":true,"href":"https:\/\/serveiseducatius.xtec.cat\/osona\/wp-json\/wp\/v2\/users\/1"}],"replies":[{"embeddable":true,"href":"https:\/\/serveiseducatius.xtec.cat\/osona\/wp-json\/wp\/v2\/comments?post=12052"}],"version-history":[{"count":2,"href":"https:\/\/serveiseducatius.xtec.cat\/osona\/wp-json\/wp\/v2\/posts\/12052\/revisions"}],"predecessor-version":[{"id":12055,"href":"https:\/\/serveiseducatius.xtec.cat\/osona\/wp-json\/wp\/v2\/posts\/12052\/revisions\/12055"}],"wp:attachment":[{"href":"https:\/\/serveiseducatius.xtec.cat\/osona\/wp-json\/wp\/v2\/media?parent=12052"}],"wp:term":[{"taxonomy":"category","embeddable":true,"href":"https:\/\/serveiseducatius.xtec.cat\/osona\/wp-json\/wp\/v2\/categories?post=12052"},{"taxonomy":"post_tag","embeddable":true,"href":"https:\/\/serveiseducatius.xtec.cat\/osona\/wp-json\/wp\/v2\/tags?post=12052"}],"curies":[{"name":"wp","href":"https:\/\/api.w.org\/{rel}","templated":true}]}}