{"id":12045,"date":"2024-10-29T12:00:51","date_gmt":"2024-10-29T11:00:51","guid":{"rendered":"https:\/\/serveiseducatius.xtec.cat\/osona\/?p=12045"},"modified":"2024-10-29T09:21:03","modified_gmt":"2024-10-29T08:21:03","slug":"panoramica24-%c2%b7-educar-en-cinema","status":"publish","type":"post","link":"https:\/\/serveiseducatius.xtec.cat\/osona\/general\/panoramica24-%c2%b7-educar-en-cinema\/","title":{"rendered":"PANOR\u00c0MICA24 \u00b7 Educar en cinema"},"content":{"rendered":"<p><span style=\"font-family: Arial;\"><strong>La revista digital AulaM\u00e8dia organitza a Barcelona \u2014el divendres 22 i el dissabte 23 de novembre de 2024\u2014 les Jornades PANOR\u00c0MICA24. Educar en cinema.<\/strong><\/span><\/p>\n<p><span style=\"font-family: Arial;\">Aquestes Jornades volen ser una \u201cpanor\u00e0mica\u201d del que s\u2019est\u00e0 fent, sobre\u00a0<strong>Educaci\u00f3 Audiovisual i Medi\u00e0tica<\/strong>, a les aules de Prim\u00e0ria i Secund\u00e0ria a Catalunya. Tamb\u00e9 volen ser un espai d\u2019encontre de tot el professorat interessat en l\u2019educaci\u00f3 del cinema. El programa inclou experi\u00e8ncies de producci\u00f3 audiovisual escolar, espais de debat, presentacions de materials, projeccions, etc.<\/span><\/p>\n<p><span style=\"font-family: Arial;\"><strong><a href=\"https:\/\/jornades.aulamedia.org\/\" target=\"_blank\" rel=\"noopener\" data-saferedirecturl=\"https:\/\/www.google.com\/url?q=https:\/\/jornades.aulamedia.org\/&amp;source=gmail&amp;ust=1730275714222000&amp;usg=AOvVaw1jj9uQyB7LFzHWBZpNcsAx\">PANOR\u00c0MICA24<\/a><\/strong>\u00a0t\u00e9 un doble objectiu, per una banda, vol mostrar experi\u00e8ncies de producci\u00f3 audiovisual que s\u2019estan realitzant en escoles i instituts de Catalunya i, per l\u2019altra, debatre i reflexionar \u2014des d\u2019una perspectiva pedag\u00f2gica\u2014 com \u00e9s de necessari que els infants i el jovent coneguin el llenguatge audiovisual.<\/span><\/p>\n<p><span style=\"font-family: Arial;\">Tamb\u00e9 donarem a con\u00e8ixer materials que pugui ajudar el professorat a dur aquest llenguatge a l\u2019aula. En aquesta ocasi\u00f3 presentarem el reportatge\u00a0<strong>ACCI\u00d3!<\/strong>, que mostra el treball de totes les persones que participen en una producci\u00f3 audiovisual professional.<\/span><\/p>\n<p><span style=\"font-family: Arial;\"><strong>La inscripci\u00f3 \u00e9s gratu\u00efta, per\u00f2 cal formalitzar-la en aquest\u00a0<a href=\"https:\/\/jornades.aulamedia.org\/inscripcio\/\" target=\"_blank\" rel=\"noopener\" data-saferedirecturl=\"https:\/\/www.google.com\/url?q=https:\/\/jornades.aulamedia.org\/inscripcio\/&amp;source=gmail&amp;ust=1730275714222000&amp;usg=AOvVaw0hTDEP_LYklAcXuu8GMrnc\">FORMULARI<\/a>.<\/strong><\/span><\/p>\n<p><b><span style=\"font-size: large;\"><a href=\"https:\/\/jornades.aulamedia.org\/inscripcio\/\" target=\"_blank\" rel=\"noopener\" data-saferedirecturl=\"https:\/\/www.google.com\/url?q=https:\/\/jornades.aulamedia.org\/inscripcio\/&amp;source=gmail&amp;ust=1730275714222000&amp;usg=AOvVaw0hTDEP_LYklAcXuu8GMrnc\">INSCRIPCI\u00d3 OBERTA<\/a><\/span><\/b><\/p>\n","protected":false},"excerpt":{"rendered":"<p>La revista digital AulaM\u00e8dia organitza a Barcelona \u2014el divendres 22 i el dissabte 23 de novembre de 2024\u2014 les Jornades [&hellip;]<\/p>\n","protected":false},"author":1,"featured_media":0,"comment_status":"closed","ping_status":"closed","sticky":false,"template":"","format":"standard","meta":{"_bbp_topic_count":0,"_bbp_reply_count":0,"_bbp_total_topic_count":0,"_bbp_total_reply_count":0,"_bbp_voice_count":0,"_bbp_anonymous_reply_count":0,"_bbp_topic_count_hidden":0,"_bbp_reply_count_hidden":0,"_bbp_forum_subforum_count":0,"site-sidebar-layout":"default","site-content-layout":"","ast-site-content-layout":"","site-content-style":"default","site-sidebar-style":"default","ast-global-header-display":"","ast-banner-title-visibility":"","ast-main-header-display":"","ast-hfb-above-header-display":"","ast-hfb-below-header-display":"","ast-hfb-mobile-header-display":"","site-post-title":"","ast-breadcrumbs-content":"","ast-featured-img":"","footer-sml-layout":"","theme-transparent-header-meta":"","adv-header-id-meta":"","stick-header-meta":"","header-above-stick-meta":"","header-main-stick-meta":"","header-below-stick-meta":"","astra-migrate-meta-layouts":"default","ast-page-background-enabled":"default","ast-page-background-meta":{"desktop":{"background-color":"var(--ast-global-color-4)","background-image":"","background-repeat":"repeat","background-position":"center center","background-size":"auto","background-attachment":"scroll","background-type":"","background-media":"","overlay-type":"","overlay-color":"","overlay-opacity":"","overlay-gradient":""},"tablet":{"background-color":"","background-image":"","background-repeat":"repeat","background-position":"center center","background-size":"auto","background-attachment":"scroll","background-type":"","background-media":"","overlay-type":"","overlay-color":"","overlay-opacity":"","overlay-gradient":""},"mobile":{"background-color":"","background-image":"","background-repeat":"repeat","background-position":"center center","background-size":"auto","background-attachment":"scroll","background-type":"","background-media":"","overlay-type":"","overlay-color":"","overlay-opacity":"","overlay-gradient":""}},"ast-content-background-meta":{"desktop":{"background-color":"var(--ast-global-color-5)","background-image":"","background-repeat":"repeat","background-position":"center center","background-size":"auto","background-attachment":"scroll","background-type":"","background-media":"","overlay-type":"","overlay-color":"","overlay-opacity":"","overlay-gradient":""},"tablet":{"background-color":"var(--ast-global-color-5)","background-image":"","background-repeat":"repeat","background-position":"center center","background-size":"auto","background-attachment":"scroll","background-type":"","background-media":"","overlay-type":"","overlay-color":"","overlay-opacity":"","overlay-gradient":""},"mobile":{"background-color":"var(--ast-global-color-5)","background-image":"","background-repeat":"repeat","background-position":"center center","background-size":"auto","background-attachment":"scroll","background-type":"","background-media":"","overlay-type":"","overlay-color":"","overlay-opacity":"","overlay-gradient":""}},"footnotes":""},"categories":[1,29],"tags":[],"class_list":["post-12045","post","type-post","status-publish","format-standard","hentry","category-general","category-portada"],"post_mailing_queue_ids":[],"_links":{"self":[{"href":"https:\/\/serveiseducatius.xtec.cat\/osona\/wp-json\/wp\/v2\/posts\/12045","targetHints":{"allow":["GET"]}}],"collection":[{"href":"https:\/\/serveiseducatius.xtec.cat\/osona\/wp-json\/wp\/v2\/posts"}],"about":[{"href":"https:\/\/serveiseducatius.xtec.cat\/osona\/wp-json\/wp\/v2\/types\/post"}],"author":[{"embeddable":true,"href":"https:\/\/serveiseducatius.xtec.cat\/osona\/wp-json\/wp\/v2\/users\/1"}],"replies":[{"embeddable":true,"href":"https:\/\/serveiseducatius.xtec.cat\/osona\/wp-json\/wp\/v2\/comments?post=12045"}],"version-history":[{"count":1,"href":"https:\/\/serveiseducatius.xtec.cat\/osona\/wp-json\/wp\/v2\/posts\/12045\/revisions"}],"predecessor-version":[{"id":12046,"href":"https:\/\/serveiseducatius.xtec.cat\/osona\/wp-json\/wp\/v2\/posts\/12045\/revisions\/12046"}],"wp:attachment":[{"href":"https:\/\/serveiseducatius.xtec.cat\/osona\/wp-json\/wp\/v2\/media?parent=12045"}],"wp:term":[{"taxonomy":"category","embeddable":true,"href":"https:\/\/serveiseducatius.xtec.cat\/osona\/wp-json\/wp\/v2\/categories?post=12045"},{"taxonomy":"post_tag","embeddable":true,"href":"https:\/\/serveiseducatius.xtec.cat\/osona\/wp-json\/wp\/v2\/tags?post=12045"}],"curies":[{"name":"wp","href":"https:\/\/api.w.org\/{rel}","templated":true}]}}