{"id":12024,"date":"2024-10-23T09:00:27","date_gmt":"2024-10-23T07:00:27","guid":{"rendered":"https:\/\/serveiseducatius.xtec.cat\/osona\/?p=12024"},"modified":"2024-10-21T17:28:32","modified_gmt":"2024-10-21T15:28:32","slug":"una-petita-reflexio-sobre-halloween-la-castanyada-i-la-mort-de-daniel-gabarro","status":"publish","type":"post","link":"https:\/\/serveiseducatius.xtec.cat\/osona\/general\/una-petita-reflexio-sobre-halloween-la-castanyada-i-la-mort-de-daniel-gabarro\/","title":{"rendered":"Una petita reflexi\u00f3 sobre Halloween, la castanyada i la mort &#8211; de Daniel Gabarr\u00f3"},"content":{"rendered":"<p>D&#8217;aqu\u00ed a poc temps molts centres celebraran\u00a0<strong>Halloween<\/strong>. No defensar\u00e9 ara la Castanyada&#8230; perqu\u00e8 una castanya i un panellet tenen poques opcions davant una festa plena de disfresses, de sang i de fetge.<\/p>\n<p>Ho entenc. A m\u00e9s, no hi ha pel\u00b7l\u00edcules, ni suport cultural a la\u00a0<strong>pobra castanya<\/strong>\u00a0i l\u2019<strong>oblidada Castanyada<\/strong>.<\/p>\n<p><em>El dia que Port Aventura faci el mes de la Castanyada, aviseu-me!<\/em><\/p>\n<p><strong>La Castanyada i la MORT.<\/strong><\/p>\n<p>La Castanyada estava \u00edntimament unida a la festa de\u00a0<strong>Tots Sants<\/strong>\u00a0i a la\u00a0<strong>MORT<\/strong>.<\/p>\n<p><strong>I aix\u00f2 s\u00ed que em sembla important.<\/strong><\/p>\n<p>Aquestes dates s\u00f3n\u00a0<strong>molt valuoses<\/strong>\u00a0per reflexionar sobre la\u00a0<strong>MORT<\/strong>\u00a0a l\u2019escola.<\/p>\n<p>Molts alumnes\u00a0<strong>no tenen oportunitat<\/strong>\u00a0de reflexionar i integrar aquest tema d\u2019una forma sana, si no \u00e9s a l\u2019escola.<\/p>\n<p><strong>Per aix\u00f2 et suggereixo que no desaprofiteu la data.<\/strong><\/p>\n<p><strong>La realitat real i viva ha d\u2019entrar a l\u2019escola&#8230; i la mort forma part d\u2019aquesta vida.<\/strong><\/p>\n<p><strong>Per qu\u00e8 \u00e9s important parlar de la mort a l\u2019escola?<\/strong><\/p>\n<p>Oblidar aquest tema \u00e9s un\u00a0<strong>error.<\/strong><\/p>\n<p><strong>No abordar la mort a l\u2019escola fa mal al nostre alumnat<\/strong>; perqu\u00e8 els fa ignorants d\u2019un tema amb el qual tots es troben algun cop:<\/p>\n<ul>\n<li>La mort d\u2019un familiar.<\/li>\n<li>La mort d\u2019un pare o una mare.<\/li>\n<li>O, segurament, la mort d\u2019una mascota.<\/li>\n<\/ul>\n<p>A m\u00e9s, a les pel\u00b7l\u00edcules veuen centenars de morts a l\u2019any,\u00a0<strong>sense cap empatia<\/strong>: com si qui mor no tingu\u00e9s tamb\u00e9 uns germans, uns pares, unes mares que el ploraran.<\/p>\n<p><strong>Suggeriments per introduir la mort a l\u2019aula:<br \/>\n<\/strong>Gaudiu de Halloween.<\/p>\n<p><strong>Per\u00f2 feu entrar la mort a l\u2019escola.<\/strong><br \/>\nAqu\u00ed tens algunes idees:<br \/>\nRepresentar\u00a0<strong>obres de teatre, lectures, quadres, can\u00e7ons<\/strong>\u00a0sobre la mort.<br \/>\nParlar i escriure sobre les morts que\u00a0<strong>cada estudiant ha viscut<\/strong>.<br \/>\nAtrevir-nos a fer una\u00a0<strong>obra d\u2019art<\/strong>\u00a0per recordar les persones que estim\u00e0vem i ja no hi s\u00f3n f\u00edsicament.<br \/>\n<strong>Si a tu, docent, et costa parlar de la mort&#8230;<br \/>\n<\/strong>Lamentablement, alguns docents tenen el tema de la mort\u00a0<strong>sense digerir<\/strong>\u00a0i, clar, llavors,\u00a0<strong>no el poden ensenyar<\/strong>.<br \/>\n<strong>No podem ensenyar el que no dominem, oi?<\/strong><br \/>\nSi tens dificultats per abordar el tema de la mort,\u00a0<strong>et suggereixo que les afrontis<\/strong>. Aix\u00ed ser\u00e0s molt m\u00e9s \u00fatil al teu alumnat.<\/p>\n<p><strong>Recursos per fer les paus amb la mort:<br \/>\n<\/strong><\/p>\n<p><strong>Entrevista sobre la mort al cirurgi\u00e0 Manuel Sans<\/strong>\u00a0a TV3:\u00a0<a href=\"https:\/\/4qv5t.r.ag.d.sendibm3.com\/mk\/cl\/f\/sh\/1t6Af4OiGsDg0fWfWizn6sJbNPTe4I\/BkR6SIaT2pqc\">Veure entrevista<\/a><\/p>\n<p><strong>Sis v\u00eddeos breus<\/strong>\u00a0sobre com explicar la mort a infants i adolescents:\u00a0<a href=\"https:\/\/4qv5t.r.ag.d.sendibm3.com\/mk\/cl\/f\/sh\/1t6Af4OiGsE8LNj5v55iH8NQlESNmM\/CiQWe9Un8I1V\">Veure v\u00eddeos<\/a><\/p>\n<p><strong>Documental japon\u00e8s<\/strong>\u00a0sobre un mestre on la mort hi \u00e9s molt present:\u00a0<a href=\"https:\/\/4qv5t.r.ag.d.sendibm3.com\/mk\/cl\/f\/sh\/1t6Af4OiGsEag5vWJRBdRORG93R7UQ\/OB9sW59fSJd_\">Veure documental<\/a><br \/>\n<strong>Els llibres de l\u2019Elisabet K\u00fcbler Ross<\/strong>, psiquiatra especialitzada en la mort. Per iniciar-se, \u00e9s molt \u00fatil el seu llibre:\u00a0<em>La mort, una aurora<\/em>.<\/p>\n<p><strong>Una reflexi\u00f3 final:<br \/>\n<\/strong><strong>Ajudar l\u2019alumnat a tenir una relaci\u00f3 sana amb la vida (i aix\u00f2 inclou la mort) \u00e9s quelcom molt important.<\/strong><\/p>\n<p>L\u2019escola ha de fer entrar la\u00a0<strong>vida<\/strong>\u00a0a les aules, tractar temes\u00a0<strong>reals<\/strong>\u00a0i\u00a0<strong>significatius<\/strong>.<\/p>\n<p>No en dubto pas que la\u00a0<strong>mort<\/strong>\u00a0\u00e9s un d\u2019aquests temes.<\/p>\n<p><strong>Tant de bo, al vostre centre, no nom\u00e9s entri Halloween aquest octubre.<\/strong><\/p>\n<p>Una abra\u00e7ada forta i espero que aquest correu us hagi estat \u00fatil.<\/p>\n","protected":false},"excerpt":{"rendered":"<p>D&#8217;aqu\u00ed a poc temps molts centres celebraran\u00a0Halloween. No defensar\u00e9 ara la Castanyada&#8230; perqu\u00e8 una castanya i un panellet tenen poques [&hellip;]<\/p>\n","protected":false},"author":1,"featured_media":0,"comment_status":"closed","ping_status":"closed","sticky":false,"template":"","format":"standard","meta":{"_bbp_topic_count":0,"_bbp_reply_count":0,"_bbp_total_topic_count":0,"_bbp_total_reply_count":0,"_bbp_voice_count":0,"_bbp_anonymous_reply_count":0,"_bbp_topic_count_hidden":0,"_bbp_reply_count_hidden":0,"_bbp_forum_subforum_count":0,"site-sidebar-layout":"default","site-content-layout":"","ast-site-content-layout":"","site-content-style":"default","site-sidebar-style":"default","ast-global-header-display":"","ast-banner-title-visibility":"","ast-main-header-display":"","ast-hfb-above-header-display":"","ast-hfb-below-header-display":"","ast-hfb-mobile-header-display":"","site-post-title":"","ast-breadcrumbs-content":"","ast-featured-img":"","footer-sml-layout":"","theme-transparent-header-meta":"","adv-header-id-meta":"","stick-header-meta":"","header-above-stick-meta":"","header-main-stick-meta":"","header-below-stick-meta":"","astra-migrate-meta-layouts":"default","ast-page-background-enabled":"default","ast-page-background-meta":{"desktop":{"background-color":"var(--ast-global-color-4)","background-image":"","background-repeat":"repeat","background-position":"center center","background-size":"auto","background-attachment":"scroll","background-type":"","background-media":"","overlay-type":"","overlay-color":"","overlay-opacity":"","overlay-gradient":""},"tablet":{"background-color":"","background-image":"","background-repeat":"repeat","background-position":"center center","background-size":"auto","background-attachment":"scroll","background-type":"","background-media":"","overlay-type":"","overlay-color":"","overlay-opacity":"","overlay-gradient":""},"mobile":{"background-color":"","background-image":"","background-repeat":"repeat","background-position":"center center","background-size":"auto","background-attachment":"scroll","background-type":"","background-media":"","overlay-type":"","overlay-color":"","overlay-opacity":"","overlay-gradient":""}},"ast-content-background-meta":{"desktop":{"background-color":"var(--ast-global-color-5)","background-image":"","background-repeat":"repeat","background-position":"center center","background-size":"auto","background-attachment":"scroll","background-type":"","background-media":"","overlay-type":"","overlay-color":"","overlay-opacity":"","overlay-gradient":""},"tablet":{"background-color":"var(--ast-global-color-5)","background-image":"","background-repeat":"repeat","background-position":"center center","background-size":"auto","background-attachment":"scroll","background-type":"","background-media":"","overlay-type":"","overlay-color":"","overlay-opacity":"","overlay-gradient":""},"mobile":{"background-color":"var(--ast-global-color-5)","background-image":"","background-repeat":"repeat","background-position":"center center","background-size":"auto","background-attachment":"scroll","background-type":"","background-media":"","overlay-type":"","overlay-color":"","overlay-opacity":"","overlay-gradient":""}},"footnotes":""},"categories":[154,1,29],"tags":[],"class_list":["post-12024","post","type-post","status-publish","format-standard","hentry","category-formacio","category-general","category-portada"],"post_mailing_queue_ids":[],"_links":{"self":[{"href":"https:\/\/serveiseducatius.xtec.cat\/osona\/wp-json\/wp\/v2\/posts\/12024","targetHints":{"allow":["GET"]}}],"collection":[{"href":"https:\/\/serveiseducatius.xtec.cat\/osona\/wp-json\/wp\/v2\/posts"}],"about":[{"href":"https:\/\/serveiseducatius.xtec.cat\/osona\/wp-json\/wp\/v2\/types\/post"}],"author":[{"embeddable":true,"href":"https:\/\/serveiseducatius.xtec.cat\/osona\/wp-json\/wp\/v2\/users\/1"}],"replies":[{"embeddable":true,"href":"https:\/\/serveiseducatius.xtec.cat\/osona\/wp-json\/wp\/v2\/comments?post=12024"}],"version-history":[{"count":2,"href":"https:\/\/serveiseducatius.xtec.cat\/osona\/wp-json\/wp\/v2\/posts\/12024\/revisions"}],"predecessor-version":[{"id":12026,"href":"https:\/\/serveiseducatius.xtec.cat\/osona\/wp-json\/wp\/v2\/posts\/12024\/revisions\/12026"}],"wp:attachment":[{"href":"https:\/\/serveiseducatius.xtec.cat\/osona\/wp-json\/wp\/v2\/media?parent=12024"}],"wp:term":[{"taxonomy":"category","embeddable":true,"href":"https:\/\/serveiseducatius.xtec.cat\/osona\/wp-json\/wp\/v2\/categories?post=12024"},{"taxonomy":"post_tag","embeddable":true,"href":"https:\/\/serveiseducatius.xtec.cat\/osona\/wp-json\/wp\/v2\/tags?post=12024"}],"curies":[{"name":"wp","href":"https:\/\/api.w.org\/{rel}","templated":true}]}}