{"id":12000,"date":"2024-09-27T13:17:29","date_gmt":"2024-09-27T11:17:29","guid":{"rendered":"https:\/\/serveiseducatius.xtec.cat\/osona\/?p=12000"},"modified":"2024-09-27T13:17:29","modified_gmt":"2024-09-27T11:17:29","slug":"jornades-per-labordatge-dels-antifeminismes-a-les-aules-en-les-masculinitats-adolescents-cooperativa-la-fera-ferotge","status":"publish","type":"post","link":"https:\/\/serveiseducatius.xtec.cat\/osona\/portada\/jornades-per-labordatge-dels-antifeminismes-a-les-aules-en-les-masculinitats-adolescents-cooperativa-la-fera-ferotge\/","title":{"rendered":"Jornades per l&#8217;abordatge dels Antifeminismes a les aules en les masculinitats adolescents &#8211; Cooperativa &#8220;La Fera Ferotge&#8221;"},"content":{"rendered":"<div id=\"m_-3238648793148157997m_-2385400945917247649signatura\"><span style=\"color: #515151;\">En el marc del projecte Cures arreu, us presentem les<b> Jornades per l&#8217;abordatge dels Antifeminismes a les aules en les masculinitats adolescents.<\/b><\/p>\n<p>Portades a terme per <strong>&#8220;La Fera Ferotge&#8221;<\/strong>, una cooperativa d&#8217;acci\u00f3 social que treballa en la prevenci\u00f3 de viol\u00e8ncies masclistes i lgtbif\u00f2biques en diferents \u00e0mbits educatius des d&#8217;una perspectiva feminista, restaurativa i comunit\u00e0ria.<\/p>\n<p>Aquestes trobades tenen com a objectiu generar un espai de reflexi\u00f3 i di\u00e0leg sobre els reptes que plantegen els antifeminismes a les aules i la construcci\u00f3 de les masculinitats igualit\u00e0ries en persones adolescents. Al llarg de tres sessions, explorarem marcs te\u00f2rics, compartirem experi\u00e8ncies i treballarem en la creaci\u00f3 d&#8217;eines i estrat\u00e8gies que ens permetin abordar aquesta tem\u00e0tica en el context de l&#8217;aula.<\/p>\n<p>1a Jornada \u2013 16 d&#8217;octubre de 18:00 a 20:00<br \/>\nAquesta primera sessi\u00f3, oberta a tothom, comptar\u00e0 amb la pon\u00e8ncia de Gerard Coll-Planas, Soci\u00f2leg, investigador, escriptor i professor catal\u00e0, especialitzat en g\u00e8nere, sociologia de la sexualitat i estudis LGBTI, titulada &#8220;Atrapar la masculinitat en un laberint de miralls&#8221;. Reflexionarem sobre com cadasc\u00fa t\u00e9 una relaci\u00f3 particular amb la masculinitat, sobre les reaccions i resist\u00e8ncies que generen algunes posicions feministes i una invitaci\u00f3 a buscar noves estrat\u00e8gies per a combatre el sexisme.<\/p>\n<p>2a Jornada \u2013 23 d&#8217;octubre de 18:00 a 20:00<br \/>\nAquesta segona sessi\u00f3, va dirigida a les entitats territorials que treballem a les aules amb jovent mitjan\u00e7ant tallers i formacions.<\/p>\n<p>L&#8217;objectiu principal \u00e9s compartir estrat\u00e8gies i eines, fonamentades en l&#8217;expertesa professional per abordar les resist\u00e8ncies al discurs feminista i explorar maneres d&#8217;apropar-nos al jovent.<\/p>\n<p>3a Jornada \u2013 30 d&#8217;octubre de 18:00 a 20:00<br \/>\nSessi\u00f3 destinada al professorat de secund\u00e0ria dels centres de la comarca d&#8217;Osona. L&#8217;objectiu de la jornada \u00e9s oferir eines i estrat\u00e8gies per treballar a l&#8217;aula els discursos antifeministes.<br \/>\n<\/span><\/div>\n<div><span lang=\"CA\">Tamb\u00e9 ser\u00e0 un espai on els\/les docents puguin compartir experi\u00e8ncies i viv\u00e8ncies.<br \/>\n<\/span><span lang=\"CA\"><br \/>\n<\/span><\/div>\n<div><span style=\"color: #515151;\">\u00a0<\/span><\/div>\n<div><span style=\"color: #515151;\">Partint d&#8217;una mirada comunit\u00e0ria, feminista i restaurativa, es vol oferir estrat\u00e8gies i eines perqu\u00e8 el professorat pugui abordar aquestes resist\u00e8ncies. Es contextualitzaran en el moment social actual i en l&#8217;etapa vital que travessa el jovent. Amb l&#8217;objectiu que els instituts siguin espais d&#8217;aprenentatge segurs i inclusius per tothom, on el di\u00e0leg i la comprensi\u00f3 siguin eines per a la transformaci\u00f3 positiva i el benestar de tota la comunitat educativa.<\/p>\n<p>PER LA INSCRIPCI\u00d3 A LA SESSI\u00d3 EXCLUSIVA PER A DOCENTS HAS D&#8217;OMPLIR AQUEST FORMULARI <a href=\"https:\/\/forms.gle\/YMwDTbvvXgburr3J9\" target=\"_blank\" rel=\"noopener\" data-saferedirecturl=\"https:\/\/www.google.com\/url?q=https:\/\/forms.gle\/YMwDTbvvXgburr3J9&amp;source=gmail&amp;ust=1727521890496000&amp;usg=AOvVaw3na18MeeKjfKQkRQ2tcQmW\">https:\/\/forms.gle\/<wbr \/>YMwDTbvvXgburr3J9<\/a><\/p>\n<p>Aquestes jornades volen esdevenir un espai de trobada, intercanvi i aprenentatge col\u00b7lectiu, on professionals i ciutadania puguem abordar els nous reptes que ens presenta el jovent amb l&#8217;objectiu de contribuir a un canvi social transformador i inclusiu. Us esperem per construir conjuntament un futur m\u00e9s igualitari i respectu\u00f3s!<\/span><\/div>\n<div><\/div>\n<div><a href=\"https:\/\/serveiseducatius.xtec.cat\/osona\/wp-content\/uploads\/usu1175\/2024\/09\/abordem-reptes-dels-antifeminismes-per-la-construccio-de-masculinitats-igualitaries-en-persones-adolescents-2-1.pdf\">Abordem reptes dels antifeminismes per la construcci\u00f3 de masculinitats igualit\u00e0ries en persones adolescents<\/a><\/div>\n","protected":false},"excerpt":{"rendered":"<p>En el marc del projecte Cures arreu, us presentem les Jornades per l&#8217;abordatge dels Antifeminismes a les aules en les [&hellip;]<\/p>\n","protected":false},"author":1,"featured_media":0,"comment_status":"closed","ping_status":"closed","sticky":false,"template":"","format":"standard","meta":{"_bbp_topic_count":0,"_bbp_reply_count":0,"_bbp_total_topic_count":0,"_bbp_total_reply_count":0,"_bbp_voice_count":0,"_bbp_anonymous_reply_count":0,"_bbp_topic_count_hidden":0,"_bbp_reply_count_hidden":0,"_bbp_forum_subforum_count":0,"site-sidebar-layout":"default","site-content-layout":"","ast-site-content-layout":"","site-content-style":"default","site-sidebar-style":"default","ast-global-header-display":"","ast-banner-title-visibility":"","ast-main-header-display":"","ast-hfb-above-header-display":"","ast-hfb-below-header-display":"","ast-hfb-mobile-header-display":"","site-post-title":"","ast-breadcrumbs-content":"","ast-featured-img":"","footer-sml-layout":"","theme-transparent-header-meta":"","adv-header-id-meta":"","stick-header-meta":"","header-above-stick-meta":"","header-main-stick-meta":"","header-below-stick-meta":"","astra-migrate-meta-layouts":"default","ast-page-background-enabled":"default","ast-page-background-meta":{"desktop":{"background-color":"var(--ast-global-color-4)","background-image":"","background-repeat":"repeat","background-position":"center center","background-size":"auto","background-attachment":"scroll","background-type":"","background-media":"","overlay-type":"","overlay-color":"","overlay-opacity":"","overlay-gradient":""},"tablet":{"background-color":"","background-image":"","background-repeat":"repeat","background-position":"center center","background-size":"auto","background-attachment":"scroll","background-type":"","background-media":"","overlay-type":"","overlay-color":"","overlay-opacity":"","overlay-gradient":""},"mobile":{"background-color":"","background-image":"","background-repeat":"repeat","background-position":"center center","background-size":"auto","background-attachment":"scroll","background-type":"","background-media":"","overlay-type":"","overlay-color":"","overlay-opacity":"","overlay-gradient":""}},"ast-content-background-meta":{"desktop":{"background-color":"var(--ast-global-color-5)","background-image":"","background-repeat":"repeat","background-position":"center center","background-size":"auto","background-attachment":"scroll","background-type":"","background-media":"","overlay-type":"","overlay-color":"","overlay-opacity":"","overlay-gradient":""},"tablet":{"background-color":"var(--ast-global-color-5)","background-image":"","background-repeat":"repeat","background-position":"center center","background-size":"auto","background-attachment":"scroll","background-type":"","background-media":"","overlay-type":"","overlay-color":"","overlay-opacity":"","overlay-gradient":""},"mobile":{"background-color":"var(--ast-global-color-5)","background-image":"","background-repeat":"repeat","background-position":"center center","background-size":"auto","background-attachment":"scroll","background-type":"","background-media":"","overlay-type":"","overlay-color":"","overlay-opacity":"","overlay-gradient":""}},"footnotes":""},"categories":[29],"tags":[],"class_list":["post-12000","post","type-post","status-publish","format-standard","hentry","category-portada"],"post_mailing_queue_ids":[],"_links":{"self":[{"href":"https:\/\/serveiseducatius.xtec.cat\/osona\/wp-json\/wp\/v2\/posts\/12000","targetHints":{"allow":["GET"]}}],"collection":[{"href":"https:\/\/serveiseducatius.xtec.cat\/osona\/wp-json\/wp\/v2\/posts"}],"about":[{"href":"https:\/\/serveiseducatius.xtec.cat\/osona\/wp-json\/wp\/v2\/types\/post"}],"author":[{"embeddable":true,"href":"https:\/\/serveiseducatius.xtec.cat\/osona\/wp-json\/wp\/v2\/users\/1"}],"replies":[{"embeddable":true,"href":"https:\/\/serveiseducatius.xtec.cat\/osona\/wp-json\/wp\/v2\/comments?post=12000"}],"version-history":[{"count":1,"href":"https:\/\/serveiseducatius.xtec.cat\/osona\/wp-json\/wp\/v2\/posts\/12000\/revisions"}],"predecessor-version":[{"id":12003,"href":"https:\/\/serveiseducatius.xtec.cat\/osona\/wp-json\/wp\/v2\/posts\/12000\/revisions\/12003"}],"wp:attachment":[{"href":"https:\/\/serveiseducatius.xtec.cat\/osona\/wp-json\/wp\/v2\/media?parent=12000"}],"wp:term":[{"taxonomy":"category","embeddable":true,"href":"https:\/\/serveiseducatius.xtec.cat\/osona\/wp-json\/wp\/v2\/categories?post=12000"},{"taxonomy":"post_tag","embeddable":true,"href":"https:\/\/serveiseducatius.xtec.cat\/osona\/wp-json\/wp\/v2\/tags?post=12000"}],"curies":[{"name":"wp","href":"https:\/\/api.w.org\/{rel}","templated":true}]}}