{"id":11990,"date":"2024-09-13T14:19:10","date_gmt":"2024-09-13T12:19:10","guid":{"rendered":"https:\/\/serveiseducatius.xtec.cat\/osona\/?p=11990"},"modified":"2024-09-13T14:19:10","modified_gmt":"2024-09-13T12:19:10","slug":"activitats-del-centre-dinnovacio-i-formacio-en-educacio-de-la-uvic","status":"publish","type":"post","link":"https:\/\/serveiseducatius.xtec.cat\/osona\/general\/activitats-del-centre-dinnovacio-i-formacio-en-educacio-de-la-uvic\/","title":{"rendered":"Activitats del Centre d&#8217;Innovaci\u00f3 i Formaci\u00f3 en Educaci\u00f3 de la UVIC"},"content":{"rendered":"<p>Us fem arribar un seguit d&#8217;activitats que s&#8217;organitzen des del CIFE Uvic que creiem que poden ser del vostre inter\u00e8s.<\/p>\n<p>Dues especialment enfocades a desenvolupar la compet\u00e8ncia liter\u00e0ria i ling\u00fc\u00edstica del nostre alumnat amb les propostes:<\/p>\n<ul>\n<li>Taller d&#8217;Il\u00b7lustraci\u00f3: Pop Up.\n<ul>\n<li>Dissabte 5 d&#8217;octubre de 9:00 a 19:00.<\/li>\n<li>Sant Boi de Llu\u00e7an\u00e8s, estudi d&#8217;en Joan Subirana.<\/li>\n<\/ul>\n<\/li>\n<li>Fomentar la literatura oral: El projecte de la petita biblioteca. Experi\u00e8ncies liter\u00e0ries a trav\u00e9s del moble-taller.\n<ul>\n<li>Dissabte 26 d&#8217;octubre de 9:30 a 13:30.<\/li>\n<li>Vic, Masia Torre dels Frares (UVIC).<\/li>\n<\/ul>\n<\/li>\n<\/ul>\n<p>I una tercera on es proposa una jornada pedag\u00f2gica sobre oficis artesans:<\/p>\n<ul>\n<li>Jornada pedag\u00f2gica: Experi\u00e8ncies d&#8217;introducci\u00f3 dels oficis artesans a l&#8217;aula: de la t\u00e8cnica a la did\u00e0ctica.\n<ul>\n<li>Dissabte 21 de setembre de 9:00 a 14:00<\/li>\n<li>Vic, Sala Merc\u00e8 Torrents (UVIC)<\/li>\n<\/ul>\n<\/li>\n<\/ul>\n<p>Per a m\u00e9s informaci\u00f3 i inscripci\u00f3, podeu consultar els documents que us adjuntem.<\/p>\n<p><a href=\"https:\/\/serveiseducatius.xtec.cat\/osona\/wp-content\/uploads\/usu1175\/2024\/09\/Difusio-Pop-UP.pdf\">Difusi\u00f3 Pop UP<\/a><\/p>\n<p><a href=\"https:\/\/serveiseducatius.xtec.cat\/osona\/wp-content\/uploads\/usu1175\/2024\/09\/La-petita-biblioteca_info.pdf\">La petita biblioteca_info<\/a><\/p>\n<p><a href=\"https:\/\/serveiseducatius.xtec.cat\/osona\/wp-content\/uploads\/usu1175\/2024\/09\/Jornada-Pedagogica-SEVP.pdf\">Jornada Pedag\u00f2gica SEVP<\/a><\/p>\n","protected":false},"excerpt":{"rendered":"<p>Us fem arribar un seguit d&#8217;activitats que s&#8217;organitzen des del CIFE Uvic que creiem que poden ser del vostre inter\u00e8s. [&hellip;]<\/p>\n","protected":false},"author":1,"featured_media":0,"comment_status":"closed","ping_status":"closed","sticky":false,"template":"","format":"standard","meta":{"_bbp_topic_count":0,"_bbp_reply_count":0,"_bbp_total_topic_count":0,"_bbp_total_reply_count":0,"_bbp_voice_count":0,"_bbp_anonymous_reply_count":0,"_bbp_topic_count_hidden":0,"_bbp_reply_count_hidden":0,"_bbp_forum_subforum_count":0,"site-sidebar-layout":"default","site-content-layout":"","ast-site-content-layout":"","site-content-style":"default","site-sidebar-style":"default","ast-global-header-display":"","ast-banner-title-visibility":"","ast-main-header-display":"","ast-hfb-above-header-display":"","ast-hfb-below-header-display":"","ast-hfb-mobile-header-display":"","site-post-title":"","ast-breadcrumbs-content":"","ast-featured-img":"","footer-sml-layout":"","theme-transparent-header-meta":"","adv-header-id-meta":"","stick-header-meta":"","header-above-stick-meta":"","header-main-stick-meta":"","header-below-stick-meta":"","astra-migrate-meta-layouts":"default","ast-page-background-enabled":"default","ast-page-background-meta":{"desktop":{"background-color":"var(--ast-global-color-4)","background-image":"","background-repeat":"repeat","background-position":"center center","background-size":"auto","background-attachment":"scroll","background-type":"","background-media":"","overlay-type":"","overlay-color":"","overlay-opacity":"","overlay-gradient":""},"tablet":{"background-color":"","background-image":"","background-repeat":"repeat","background-position":"center center","background-size":"auto","background-attachment":"scroll","background-type":"","background-media":"","overlay-type":"","overlay-color":"","overlay-opacity":"","overlay-gradient":""},"mobile":{"background-color":"","background-image":"","background-repeat":"repeat","background-position":"center center","background-size":"auto","background-attachment":"scroll","background-type":"","background-media":"","overlay-type":"","overlay-color":"","overlay-opacity":"","overlay-gradient":""}},"ast-content-background-meta":{"desktop":{"background-color":"var(--ast-global-color-5)","background-image":"","background-repeat":"repeat","background-position":"center center","background-size":"auto","background-attachment":"scroll","background-type":"","background-media":"","overlay-type":"","overlay-color":"","overlay-opacity":"","overlay-gradient":""},"tablet":{"background-color":"var(--ast-global-color-5)","background-image":"","background-repeat":"repeat","background-position":"center center","background-size":"auto","background-attachment":"scroll","background-type":"","background-media":"","overlay-type":"","overlay-color":"","overlay-opacity":"","overlay-gradient":""},"mobile":{"background-color":"var(--ast-global-color-5)","background-image":"","background-repeat":"repeat","background-position":"center center","background-size":"auto","background-attachment":"scroll","background-type":"","background-media":"","overlay-type":"","overlay-color":"","overlay-opacity":"","overlay-gradient":""}},"footnotes":""},"categories":[1,29],"tags":[],"class_list":["post-11990","post","type-post","status-publish","format-standard","hentry","category-general","category-portada"],"post_mailing_queue_ids":[],"_links":{"self":[{"href":"https:\/\/serveiseducatius.xtec.cat\/osona\/wp-json\/wp\/v2\/posts\/11990","targetHints":{"allow":["GET"]}}],"collection":[{"href":"https:\/\/serveiseducatius.xtec.cat\/osona\/wp-json\/wp\/v2\/posts"}],"about":[{"href":"https:\/\/serveiseducatius.xtec.cat\/osona\/wp-json\/wp\/v2\/types\/post"}],"author":[{"embeddable":true,"href":"https:\/\/serveiseducatius.xtec.cat\/osona\/wp-json\/wp\/v2\/users\/1"}],"replies":[{"embeddable":true,"href":"https:\/\/serveiseducatius.xtec.cat\/osona\/wp-json\/wp\/v2\/comments?post=11990"}],"version-history":[{"count":1,"href":"https:\/\/serveiseducatius.xtec.cat\/osona\/wp-json\/wp\/v2\/posts\/11990\/revisions"}],"predecessor-version":[{"id":11994,"href":"https:\/\/serveiseducatius.xtec.cat\/osona\/wp-json\/wp\/v2\/posts\/11990\/revisions\/11994"}],"wp:attachment":[{"href":"https:\/\/serveiseducatius.xtec.cat\/osona\/wp-json\/wp\/v2\/media?parent=11990"}],"wp:term":[{"taxonomy":"category","embeddable":true,"href":"https:\/\/serveiseducatius.xtec.cat\/osona\/wp-json\/wp\/v2\/categories?post=11990"},{"taxonomy":"post_tag","embeddable":true,"href":"https:\/\/serveiseducatius.xtec.cat\/osona\/wp-json\/wp\/v2\/tags?post=11990"}],"curies":[{"name":"wp","href":"https:\/\/api.w.org\/{rel}","templated":true}]}}