{"id":11975,"date":"2025-01-10T13:24:14","date_gmt":"2025-01-10T12:24:14","guid":{"rendered":"https:\/\/serveiseducatius.xtec.cat\/osona\/?p=11975"},"modified":"2025-01-14T09:58:53","modified_gmt":"2025-01-14T08:58:53","slug":"pla-de-formacio-de-zona-2024-2025","status":"publish","type":"post","link":"https:\/\/serveiseducatius.xtec.cat\/osona\/general\/pla-de-formacio-de-zona-2024-2025\/","title":{"rendered":"Pla de formaci\u00f3 de zona 2024-2025"},"content":{"rendered":"\n<figure class=\"wp-block-image alignleft\"><a href=\"https:\/\/serveiseducatius.xtec.cat\/osona\/wp-content\/uploads\/usu1175\/2024\/09\/pfz.jpg\"><img loading=\"lazy\" decoding=\"async\" width=\"258\" height=\"195\" src=\"https:\/\/serveiseducatius.xtec.cat\/osona\/wp-content\/uploads\/usu1175\/2024\/09\/pfz.jpg\" alt=\"\" class=\"wp-image-11977\" srcset=\"https:\/\/serveiseducatius.xtec.cat\/osona\/wp-content\/uploads\/usu1175\/2024\/09\/pfz.jpg 258w, https:\/\/serveiseducatius.xtec.cat\/osona\/wp-content\/uploads\/usu1175\/2024\/09\/pfz-200x150.jpg 200w\" sizes=\"auto, (max-width: 258px) 100vw, 258px\" \/><\/a><\/figure>\n\n\n\n<p><strong><a href=\"https:\/\/serveiseducatius.xtec.cat\/osona\/formacio\/activitats\/\" target=\"_blank\" rel=\"noopener\">Acc\u00e9s a les activitats del PFZ d&#8217;Osona<\/a><\/strong><\/p>\n\n\n\n<p><strong><a href=\"https:\/\/xtec.gencat.cat\/ca\/formacio\/info-general\/cercador-activitats\/\" target=\"_blank\" rel=\"noopener\">Cercador d&#8217;activitats<\/a><\/strong><\/p>\n\n\n\n<p><strong>Calendari d&#8217;inscripci\u00f3<\/strong><\/p>\n\n\n\n<p>La inscripci\u00f3 a les activitats de l&#8217;oferta general es realitzar\u00e0 en dos torns, un primer torn al setembre i un segon torn al gener. Al maig s&#8217;obre un altre per\u00edode d&#8217;inscripci\u00f3 per a la formaci\u00f3 d&#8217;estiu.<\/p>\n\n\n\n<figure class=\"wp-block-table\"><table><thead><tr><th>Per\u00edodes d&#8217;inscripci\u00f3<\/th><th>Sol\u00b7licitud de pla\u00e7a<\/th><th>Consulta d\u2019adjudicacions<\/th><th>Inici de les activitats<\/th><\/tr><\/thead><tbody><tr><th>Primer torn<\/th><td>del 6 al 22 de setembre<\/td><td>7 d\u2019octubre<\/td><td>a partir del 14 d&#8217;octubre<\/td><\/tr><tr><th>Segon torn<\/th><td>del 7 al 15 de gener<\/td><td>31 de gener<\/td><td>a partir del 5 de febrer<\/td><\/tr><tr><th>Formaci\u00f3 d&#8217;estiu<\/th><td>del 15 al 29 de maig<\/td><td>17 de juny<\/td><td>a partir de l&#8217;1 de juliol<\/td><\/tr><\/tbody><\/table><\/figure>\n\n\n\n<p><strong>6 al 22 de setembre<\/strong><\/p>\n\n\n\n<p><strong>Sol\u00b7licituds de pla\u00e7a<\/strong><\/p>\n\n\n\n<p>Per sol\u00b7licitar una pla\u00e7a s&#8217;ha de disposar d\u2019usuari i contrasenya XTEC actualitzats. Si s&#8217;ha de sol\u00b7licitar o es tenen problemes amb l\u2019identificador es pot visitar la p\u00e0gina d\u2019<a title=\"atenci\u00f3 a l\u2019usuari\/\u00e0ria\" href=\"https:\/\/xtec.gencat.cat\/ca\/at_usuari\/gestio\/\">Atenci\u00f3 a l\u2019usuari<\/a>. Cal tenir en compte que el mitj\u00e0 preferent de comunicaci\u00f3 \u00e9s el correu XTEC.<\/p>\n\n\n\n<p>En el cas de les formacions en l\u00ednia s\u00edncrones, cal identificar-se amb l\u2019usuari XTEC individual i connectar-se amb un dispositiu amb c\u00e0mera, altaveus\/auriculars i micr\u00f2fon operatius, que s\u2019hauran d\u2019activar a requeriment de la persona formadora.<\/p>\n\n\n\n<p>Les sol\u00b7licituds realitzades es poden consultar, anul\u00b7lar o modificar a la p\u00e0gina&nbsp;<a title=\"les meves activitats\" href=\"https:\/\/xtec.gencat.cat\/ca\/formacio\/la-meva-formacio\/les-meves-activitats\/\">Les meves activitats<\/a>.<\/p>\n\n\n\n<p>La sol\u00b7licitud d\u2019una pla\u00e7a significa acceptar les condicions d\u2019inscripci\u00f3 i tot all\u00f2 que consta a la descripci\u00f3 de l\u2019activitat en refer\u00e8ncia a dates, horaris, objectius, continguts, persones destinat\u00e0ries i requisits d\u2019acreditaci\u00f3.<\/p>\n","protected":false},"excerpt":{"rendered":"<p>Acc\u00e9s a les activitats del PFZ d&#8217;Osona Cercador d&#8217;activitats Calendari d&#8217;inscripci\u00f3 La inscripci\u00f3 a les activitats de l&#8217;oferta general es [&hellip;]<\/p>\n","protected":false},"author":1,"featured_media":11977,"comment_status":"closed","ping_status":"closed","sticky":true,"template":"","format":"standard","meta":{"_bbp_topic_count":0,"_bbp_reply_count":0,"_bbp_total_topic_count":0,"_bbp_total_reply_count":0,"_bbp_voice_count":0,"_bbp_anonymous_reply_count":0,"_bbp_topic_count_hidden":0,"_bbp_reply_count_hidden":0,"_bbp_forum_subforum_count":0,"site-sidebar-layout":"default","site-content-layout":"","ast-site-content-layout":"default","site-content-style":"default","site-sidebar-style":"default","ast-global-header-display":"","ast-banner-title-visibility":"","ast-main-header-display":"","ast-hfb-above-header-display":"","ast-hfb-below-header-display":"","ast-hfb-mobile-header-display":"","site-post-title":"","ast-breadcrumbs-content":"","ast-featured-img":"","footer-sml-layout":"","theme-transparent-header-meta":"","adv-header-id-meta":"","stick-header-meta":"","header-above-stick-meta":"","header-main-stick-meta":"","header-below-stick-meta":"","astra-migrate-meta-layouts":"set","ast-page-background-enabled":"default","ast-page-background-meta":{"desktop":{"background-color":"var(--ast-global-color-4)","background-image":"","background-repeat":"repeat","background-position":"center center","background-size":"auto","background-attachment":"scroll","background-type":"","background-media":"","overlay-type":"","overlay-color":"","overlay-opacity":"","overlay-gradient":""},"tablet":{"background-color":"","background-image":"","background-repeat":"repeat","background-position":"center center","background-size":"auto","background-attachment":"scroll","background-type":"","background-media":"","overlay-type":"","overlay-color":"","overlay-opacity":"","overlay-gradient":""},"mobile":{"background-color":"","background-image":"","background-repeat":"repeat","background-position":"center center","background-size":"auto","background-attachment":"scroll","background-type":"","background-media":"","overlay-type":"","overlay-color":"","overlay-opacity":"","overlay-gradient":""}},"ast-content-background-meta":{"desktop":{"background-color":"var(--ast-global-color-5)","background-image":"","background-repeat":"repeat","background-position":"center center","background-size":"auto","background-attachment":"scroll","background-type":"","background-media":"","overlay-type":"","overlay-color":"","overlay-opacity":"","overlay-gradient":""},"tablet":{"background-color":"var(--ast-global-color-5)","background-image":"","background-repeat":"repeat","background-position":"center center","background-size":"auto","background-attachment":"scroll","background-type":"","background-media":"","overlay-type":"","overlay-color":"","overlay-opacity":"","overlay-gradient":""},"mobile":{"background-color":"var(--ast-global-color-5)","background-image":"","background-repeat":"repeat","background-position":"center center","background-size":"auto","background-attachment":"scroll","background-type":"","background-media":"","overlay-type":"","overlay-color":"","overlay-opacity":"","overlay-gradient":""}},"footnotes":""},"categories":[154,1,153,29],"tags":[],"class_list":["post-11975","post","type-post","status-publish","format-standard","has-post-thumbnail","hentry","category-formacio","category-general","category-pfz","category-portada"],"post_mailing_queue_ids":[],"_links":{"self":[{"href":"https:\/\/serveiseducatius.xtec.cat\/osona\/wp-json\/wp\/v2\/posts\/11975","targetHints":{"allow":["GET"]}}],"collection":[{"href":"https:\/\/serveiseducatius.xtec.cat\/osona\/wp-json\/wp\/v2\/posts"}],"about":[{"href":"https:\/\/serveiseducatius.xtec.cat\/osona\/wp-json\/wp\/v2\/types\/post"}],"author":[{"embeddable":true,"href":"https:\/\/serveiseducatius.xtec.cat\/osona\/wp-json\/wp\/v2\/users\/1"}],"replies":[{"embeddable":true,"href":"https:\/\/serveiseducatius.xtec.cat\/osona\/wp-json\/wp\/v2\/comments?post=11975"}],"version-history":[{"count":4,"href":"https:\/\/serveiseducatius.xtec.cat\/osona\/wp-json\/wp\/v2\/posts\/11975\/revisions"}],"predecessor-version":[{"id":12215,"href":"https:\/\/serveiseducatius.xtec.cat\/osona\/wp-json\/wp\/v2\/posts\/11975\/revisions\/12215"}],"wp:featuredmedia":[{"embeddable":true,"href":"https:\/\/serveiseducatius.xtec.cat\/osona\/wp-json\/wp\/v2\/media\/11977"}],"wp:attachment":[{"href":"https:\/\/serveiseducatius.xtec.cat\/osona\/wp-json\/wp\/v2\/media?parent=11975"}],"wp:term":[{"taxonomy":"category","embeddable":true,"href":"https:\/\/serveiseducatius.xtec.cat\/osona\/wp-json\/wp\/v2\/categories?post=11975"},{"taxonomy":"post_tag","embeddable":true,"href":"https:\/\/serveiseducatius.xtec.cat\/osona\/wp-json\/wp\/v2\/tags?post=11975"}],"curies":[{"name":"wp","href":"https:\/\/api.w.org\/{rel}","templated":true}]}}