{"id":11956,"date":"2024-06-18T10:41:49","date_gmt":"2024-06-18T08:41:49","guid":{"rendered":"https:\/\/serveiseducatius.xtec.cat\/osona\/?p=11956"},"modified":"2024-06-18T10:41:49","modified_gmt":"2024-06-18T08:41:49","slug":"exposicio-a-la-biblioteca-dia-internacional-per-a-leducacio-no-sexista","status":"publish","type":"post","link":"https:\/\/serveiseducatius.xtec.cat\/osona\/portada\/exposicio-a-la-biblioteca-dia-internacional-per-a-leducacio-no-sexista\/","title":{"rendered":"Exposici\u00f3 a la biblioteca: Dia Internacional per a l&#8217;Educaci\u00f3 No Sexista"},"content":{"rendered":"<p>Aquest 21 de juny se celebra el\u00a0<u><a id=\"m_-3790711132812175798m_-2961576140206920666OWAc1d8b2be-8406-2fa2-193b-191a7879a1d8\" href=\"https:\/\/xtec.gencat.cat\/ca\/centres\/celebracions\/2024\/dia-internacional-per-a-leducacio-no-sexista\/\" target=\"_blank\" rel=\"noopener\" data-saferedirecturl=\"https:\/\/www.google.com\/url?q=https:\/\/xtec.gencat.cat\/ca\/centres\/celebracions\/2024\/dia-internacional-per-a-leducacio-no-sexista\/&amp;source=gmail&amp;ust=1718786169527000&amp;usg=AOvVaw2-_SYgzbsAOElc5ZloJ0Ie\">Dia Internacional per a l&#8217;Educaci\u00f3 No Sexista<\/a><\/u> i des de la Biblioteca del Departament d&#8217;Educaci\u00f3 han preparat una mostra de publicacions per recordar que cal avan\u00e7ar en la pr\u00e0ctica coeducativa.<\/p>\n<p>Del 17 al 30 de juny trobareu aquests llibres exposats a la Biblioteca.<\/p>\n<p>Esperem que aquests recursos siguin del vostre inter\u00e8s!<\/p>\n<table id=\"m_-3790711132812175798m_-2961576140206920666x_x_table_0\">\n<tbody>\n<tr>\n<td>\n<div align=\"center\">\n<table>\n<tbody>\n<tr>\n<td>\n<table id=\"m_-3790711132812175798m_-2961576140206920666x_x_table_1\">\n<tbody>\n<tr>\n<td>\n<p align=\"center\"><img loading=\"lazy\" decoding=\"async\" id=\"m_-3790711132812175798m_-2961576140206920666x_x_x_Imatge_x0020_17\" class=\"CToWUd\" src=\"https:\/\/mail.google.com\/mail\/u\/0?ui=2&amp;ik=15db434dc2&amp;attid=0.10&amp;permmsgid=msg-f:1802113392275241914&amp;th=190264950f8a3bba&amp;view=fimg&amp;fur=ip&amp;sz=s0-l75-ft&amp;attbid=ANGjdJ8Jyu0rywvf3iJXsL_PTBufbZhA4N4ikKwb-YIAi-lP-35xNn1zFjcRwUkVSZXhOSIj_2B3ORek4POQOjj6Sq_afvvFQ7sc2hISEbchu8C-I1i9hpjoKKMUH-M&amp;disp=emb&amp;realattid=ii_1902648951b5b16b2a\" width=\"132\" height=\"188\" data-image-whitelisted=\"\" data-bit=\"iit\" \/><br \/>\n<b><a id=\"m_-3790711132812175798m_-2961576140206920666OWA0d60abf4-31b3-a0df-9078-93d716abe887\" title=\"https:\/\/milleniumbeg.cultura.gencat.cat\/search*cat\/?searchtype=i&amp;SORT=D&amp;searcharg=9788499219189&amp;searchscope=70\" href=\"https:\/\/milleniumbeg.cultura.gencat.cat\/search*cat\/?searchtype=i&amp;SORT=D&amp;searcharg=9788499219189&amp;searchscope=70\" target=\"_blank\" rel=\"noopener\" data-saferedirecturl=\"https:\/\/www.google.com\/url?q=https:\/\/milleniumbeg.cultura.gencat.cat\/search*cat\/?searchtype%3Di%26SORT%3DD%26searcharg%3D9788499219189%26searchscope%3D70&amp;source=gmail&amp;ust=1718786169527000&amp;usg=AOvVaw0Ww42LgvfC1A2ZkLGpOeiL\">Coeducaci\u00f3, aposta per la llibertat<\/a><\/b><b><br \/>\n<\/b>Marina Subirats<br \/>\nOctaedro, 2017<\/p>\n<\/td>\n<\/tr>\n<\/tbody>\n<\/table>\n<\/td>\n<\/tr>\n<\/tbody>\n<\/table>\n<\/div>\n<\/td>\n<td>\n<p align=\"center\"><img loading=\"lazy\" decoding=\"async\" id=\"m_-3790711132812175798m_-2961576140206920666x_x_x_Imatge_x0020_18\" class=\"CToWUd\" src=\"https:\/\/mail.google.com\/mail\/u\/0?ui=2&amp;ik=15db434dc2&amp;attid=0.11&amp;permmsgid=msg-f:1802113392275241914&amp;th=190264950f8a3bba&amp;view=fimg&amp;fur=ip&amp;sz=s0-l75-ft&amp;attbid=ANGjdJ_HWD3bLohMXd7ZvW1kOAJF3BtnocOCfmUw9qSYj01-ugNyfxaVPAowOJkymqP6lvAdzXgh1xRYiHVQsKUEP_Rzu6V1bt3EzVsgZSY1W1bn8iqBpJ4jsG3fCXA&amp;disp=emb&amp;realattid=ii_1902648951b772f6cb\" width=\"130\" height=\"188\" data-image-whitelisted=\"\" data-bit=\"iit\" \/><br \/>\n<b><u><a id=\"m_-3790711132812175798m_-2961576140206920666OWA6164b2ce-e044-e622-3077-ec77bcd9d46a\" href=\"https:\/\/milleniumbeg.cultura.gencat.cat\/search~S70*cat\/?searchtype=X&amp;searcharg=9788416828647&amp;searchscope=70&amp;sortdropdown=-&amp;SORT=DZ&amp;extended=0&amp;SUBMIT=Cerca&amp;searchlimits=&amp;searchorigarg=X9788439378211%26SORT%3DDZ\" target=\"_blank\" rel=\"noopener\" data-saferedirecturl=\"https:\/\/www.google.com\/url?q=https:\/\/milleniumbeg.cultura.gencat.cat\/search~S70*cat\/?searchtype%3DX%26searcharg%3D9788416828647%26searchscope%3D70%26sortdropdown%3D-%26SORT%3DDZ%26extended%3D0%26SUBMIT%3DCerca%26searchlimits%3D%26searchorigarg%3DX9788439378211%2526SORT%253DDZ&amp;source=gmail&amp;ust=1718786169527000&amp;usg=AOvVaw2rR6zUHrWUt5BtPz1PXWo7\">El pati de l&#8217;escola en igualtat: guia de diagnosi i d&#8217;intervenci\u00f3 amb perspectiva de g\u00e8nere<\/a><\/u><br \/>\n<\/b>Pol\u00b7len Edicions, 2019<\/p>\n<\/td>\n<td>\n<p align=\"center\"><img loading=\"lazy\" decoding=\"async\" id=\"m_-3790711132812175798m_-2961576140206920666x_x_x_Imatge_x0020_19\" class=\"CToWUd\" src=\"https:\/\/mail.google.com\/mail\/u\/0?ui=2&amp;ik=15db434dc2&amp;attid=0.12&amp;permmsgid=msg-f:1802113392275241914&amp;th=190264950f8a3bba&amp;view=fimg&amp;fur=ip&amp;sz=s0-l75-ft&amp;attbid=ANGjdJ_oFwChSIqL5CLLcLECns7jQyvI4MFVXAx8pMVVbKe63LYyOw0G9MKQdVo39B2-joqqx0vgbB4bn0DWIdEXmbP5pdEb666CScN7gLl7HbX4-RH9fL8xj7OKgE0&amp;disp=emb&amp;realattid=ii_1902648951b9374b6c\" width=\"132\" height=\"188\" data-image-whitelisted=\"\" data-bit=\"iit\" \/><br \/>\n<b><u><a id=\"m_-3790711132812175798m_-2961576140206920666OWA895fd7c2-14cf-fabb-3ad2-97ffb90ef25d\" href=\"https:\/\/milleniumbeg.cultura.gencat.cat\/search~S70*cat\/?searchtype=X&amp;searcharg=9788439378211&amp;searchscope=70&amp;sortdropdown=-&amp;SORT=DZ&amp;extended=0&amp;SUBMIT=Cerca&amp;searchlimits=&amp;searchorigarg=X9788412279641%26SORT%3DDZ\" target=\"_blank\" rel=\"noopener\" data-saferedirecturl=\"https:\/\/www.google.com\/url?q=https:\/\/milleniumbeg.cultura.gencat.cat\/search~S70*cat\/?searchtype%3DX%26searcharg%3D9788439378211%26searchscope%3D70%26sortdropdown%3D-%26SORT%3DDZ%26extended%3D0%26SUBMIT%3DCerca%26searchlimits%3D%26searchorigarg%3DX9788412279641%2526SORT%253DDZ&amp;source=gmail&amp;ust=1718786169527000&amp;usg=AOvVaw34DMDXwwW-dYO3XamfPC73\">Guia de coeducaci\u00f3 per als centres educatius: pautes de reflexi\u00f3 i recursos per a l&#8217;elaboraci\u00f3 d&#8217;un projecte de centre<\/a><\/u><br \/>\n<\/b>Institut Catal\u00e0 de les Dones;\u00a0\u00a0Departament d&#8217;Educaci\u00f3, 2008<\/p>\n<\/td>\n<td>\n<p align=\"center\"><img loading=\"lazy\" decoding=\"async\" id=\"m_-3790711132812175798m_-2961576140206920666x_x_x_Imatge_x0020_20\" class=\"CToWUd\" src=\"https:\/\/mail.google.com\/mail\/u\/0?ui=2&amp;ik=15db434dc2&amp;attid=0.13&amp;permmsgid=msg-f:1802113392275241914&amp;th=190264950f8a3bba&amp;view=fimg&amp;fur=ip&amp;sz=s0-l75-ft&amp;attbid=ANGjdJ_3B0bMxn14ixdYK0jk1g1osFTdLqWZc-mKB6FwduPxw0K8lwnGOWtAYsYeSFSj0vqa7Ig8Mtd-ZO7xYcE3B2Jw2LvwfBN-nvWnQ_DAKsx8JCOzDX2_dTsFtdI&amp;disp=emb&amp;realattid=ii_1902648951bafa3b8d\" width=\"120\" height=\"188\" data-image-whitelisted=\"\" data-bit=\"iit\" \/><br \/>\n<b><u><a id=\"m_-3790711132812175798m_-2961576140206920666OWA4a730ba3-4d1b-816b-89a1-d8cee7172223\" href=\"https:\/\/milleniumbeg.cultura.gencat.cat\/search~S70*cat\/?searchtype=X&amp;searcharg=9788412279641&amp;searchscope=70&amp;sortdropdown=-&amp;SORT=DZ&amp;extended=0&amp;SUBMIT=Cerca&amp;searchlimits=&amp;searchorigarg=X9788497665759%26SORT%3DDZ\" target=\"_blank\" rel=\"noopener\" data-saferedirecturl=\"https:\/\/www.google.com\/url?q=https:\/\/milleniumbeg.cultura.gencat.cat\/search~S70*cat\/?searchtype%3DX%26searcharg%3D9788412279641%26searchscope%3D70%26sortdropdown%3D-%26SORT%3DDZ%26extended%3D0%26SUBMIT%3DCerca%26searchlimits%3D%26searchorigarg%3DX9788497665759%2526SORT%253DDZ&amp;source=gmail&amp;ust=1718786169527000&amp;usg=AOvVaw39mWpbhtB_2JCjnVSG-N5N\">Educaci\u00f3 feminista<\/a><\/u><br \/>\n<\/b>Mirta Lojo Su\u00e1rez (coord.)<br \/>\nRosa Sensat, 2022<\/p>\n<\/td>\n<\/tr>\n<tr>\n<td>\n<p align=\"center\"><img loading=\"lazy\" decoding=\"async\" id=\"m_-3790711132812175798m_-2961576140206920666x_x_x_Imatge_x0020_21\" class=\"CToWUd\" src=\"https:\/\/mail.google.com\/mail\/u\/0?ui=2&amp;ik=15db434dc2&amp;attid=0.14&amp;permmsgid=msg-f:1802113392275241914&amp;th=190264950f8a3bba&amp;view=fimg&amp;fur=ip&amp;sz=s0-l75-ft&amp;attbid=ANGjdJ8bK9HiUK2gNHk1lNKhXL3FDTbOAePI9wb3mn6uVsth8Uty-NeVvc2npe7haTpGrqsy3MwskhEhRKfzLQtGcJ6gL0No4ZRAs2_XGvcYMRq6bkrHWvF6qNvfJlc&amp;disp=emb&amp;realattid=ii_1902648951b1f3aa07e\" width=\"122\" height=\"188\" data-image-whitelisted=\"\" data-bit=\"iit\" \/><br \/>\n<b><u><a id=\"m_-3790711132812175798m_-2961576140206920666OWAaf45f472-7687-1c07-ad04-ff6bde0fef52\" href=\"https:\/\/milleniumbeg.cultura.gencat.cat\/search~S70*cat\/?searchtype=X&amp;searcharg=9788497665759&amp;searchscope=70&amp;sortdropdown=-&amp;SORT=DZ&amp;extended=0&amp;SUBMIT=Cerca&amp;searchlimits=&amp;searchorigarg=X9788478272372%26SORT%3DDZ\" target=\"_blank\" rel=\"noopener\" data-saferedirecturl=\"https:\/\/www.google.com\/url?q=https:\/\/milleniumbeg.cultura.gencat.cat\/search~S70*cat\/?searchtype%3DX%26searcharg%3D9788497665759%26searchscope%3D70%26sortdropdown%3D-%26SORT%3DDZ%26extended%3D0%26SUBMIT%3DCerca%26searchlimits%3D%26searchorigarg%3DX9788478272372%2526SORT%253DDZ&amp;source=gmail&amp;ust=1718786169527000&amp;usg=AOvVaw0hWl66BfyjxcpI5WtF_i7f\">Ni princeses ni pirates: per educar nenes i nens en llibertat<\/a><\/u><br \/>\n<\/b>N\u00faria Solsona<br \/>\nEumo, 2016<\/p>\n<\/td>\n<td>\n<p align=\"center\"><img loading=\"lazy\" decoding=\"async\" id=\"m_-3790711132812175798m_-2961576140206920666x_x_x_Imatge_x0020_22\" class=\"CToWUd\" src=\"https:\/\/mail.google.com\/mail\/u\/0?ui=2&amp;ik=15db434dc2&amp;attid=0.15&amp;permmsgid=msg-f:1802113392275241914&amp;th=190264950f8a3bba&amp;view=fimg&amp;fur=ip&amp;sz=s0-l75-ft&amp;attbid=ANGjdJ9BDuxaUq3_7KtySc0H6qKttwJ1oNigrzDFgnDukoyeHhs0ual94jf-dd-3QYxB2X3ZkivcEjgICPYb95g-1r8qbZi3Xa6isB2yNI9T6b1GPB6WKKpkw7iqvT8&amp;disp=emb&amp;realattid=ii_1902648951b20fd909f\" width=\"135\" height=\"188\" data-image-whitelisted=\"\" data-bit=\"iit\" \/><br \/>\n<b><u><a id=\"m_-3790711132812175798m_-2961576140206920666OWAf02ed08f-734b-f447-b2c0-f8c2c7bf951d\" href=\"https:\/\/milleniumbeg.cultura.gencat.cat\/search~S70*cat\/?searchtype=X&amp;searcharg=9788478272372&amp;searchscope=70&amp;sortdropdown=-&amp;SORT=DZ&amp;extended=0&amp;SUBMIT=Cerca&amp;searchlimits=&amp;searchorigarg=X9788471129338%26SORT%3DDZ\" target=\"_blank\" rel=\"noopener\" data-saferedirecturl=\"https:\/\/www.google.com\/url?q=https:\/\/milleniumbeg.cultura.gencat.cat\/search~S70*cat\/?searchtype%3DX%26searcharg%3D9788478272372%26searchscope%3D70%26sortdropdown%3D-%26SORT%3DDZ%26extended%3D0%26SUBMIT%3DCerca%26searchlimits%3D%26searchorigarg%3DX9788471129338%2526SORT%253DDZ&amp;source=gmail&amp;ust=1718786169527000&amp;usg=AOvVaw1FvjIFCnvzmVgqj-pgxy3E\">El har\u00e9n pedag\u00f3gico: perspectiva de g\u00e9nero en la organizaci\u00f3n escolar<\/a><\/u><br \/>\n<\/b>Gra\u00f3, 2000<\/p>\n<\/td>\n<td>\n<p align=\"center\"><img loading=\"lazy\" decoding=\"async\" id=\"m_-3790711132812175798m_-2961576140206920666x_x_x_Imatge_x0020_23\" class=\"CToWUd\" src=\"https:\/\/mail.google.com\/mail\/u\/0?ui=2&amp;ik=15db434dc2&amp;attid=0.16&amp;permmsgid=msg-f:1802113392275241914&amp;th=190264950f8a3bba&amp;view=fimg&amp;fur=ip&amp;sz=s0-l75-ft&amp;attbid=ANGjdJ-BUsxvfvgcyH35uXAMS1op4oCuCiFIw9yK6CLTdbvbZl4E3UfL_uuCIX7WwAtRrgn7VzYGzCWmoa1SwyBHZIZbmqsTsDwQ0hvV_XvJmfBXe4iLG6gNMDvZr9M&amp;disp=emb&amp;realattid=ii_1902648951b22c080b10\" width=\"134\" height=\"188\" data-image-whitelisted=\"\" data-bit=\"iit\" \/><br \/>\n<b><u><a id=\"m_-3790711132812175798m_-2961576140206920666OWA6b004ee3-795f-0afb-0adf-7d8d182b4b76\" href=\"https:\/\/milleniumbeg.cultura.gencat.cat\/search~S70*cat\/?searchtype=X&amp;searcharg=9788471129338&amp;searchscope=70&amp;sortdropdown=-&amp;SORT=DZ&amp;extended=0&amp;SUBMIT=Cerca&amp;searchlimits=&amp;searchorigarg=X9788471129246%26SORT%3DDZ\" target=\"_blank\" rel=\"noopener\" data-saferedirecturl=\"https:\/\/www.google.com\/url?q=https:\/\/milleniumbeg.cultura.gencat.cat\/search~S70*cat\/?searchtype%3DX%26searcharg%3D9788471129338%26searchscope%3D70%26sortdropdown%3D-%26SORT%3DDZ%26extended%3D0%26SUBMIT%3DCerca%26searchlimits%3D%26searchorigarg%3DX9788471129246%2526SORT%253DDZ&amp;source=gmail&amp;ust=1718786169527000&amp;usg=AOvVaw33MEH-AqKEzrFc4Gb7pBkT\">G\u00e9nero en la educaci\u00f3n: pedagog\u00eda y responsabilidad feministas en tiempos de crisis pol\u00edtica<\/a><\/u><br \/>\n<\/b>Morata, 2019<\/p>\n<\/td>\n<td>\n<p align=\"center\"><img loading=\"lazy\" decoding=\"async\" id=\"m_-3790711132812175798m_-2961576140206920666x_x_x_Imatge_x0020_24\" class=\"CToWUd\" src=\"https:\/\/mail.google.com\/mail\/u\/0?ui=2&amp;ik=15db434dc2&amp;attid=0.17&amp;permmsgid=msg-f:1802113392275241914&amp;th=190264950f8a3bba&amp;view=fimg&amp;fur=ip&amp;sz=s0-l75-ft&amp;attbid=ANGjdJ-gUETuxu8x-kq2SFAC6rjqkUcrFgkxPnq0NSF0KGsTbpUGfP8rWwj4kDkeT7rdKiLTHwuuZ4msK3rbuz9Yc1Ba5kba865SMsrqmuH2aOUwD874Wpna6PKGHlw&amp;disp=emb&amp;realattid=ii_1902648951b2484d5511\" width=\"129\" height=\"188\" data-image-whitelisted=\"\" data-bit=\"iit\" \/><br \/>\n<b><u><a id=\"m_-3790711132812175798m_-2961576140206920666OWA4d33c5b0-657a-8ded-c2af-df187c2b8f61\" href=\"https:\/\/milleniumbeg.cultura.gencat.cat\/search~S70*cat\/?searchtype=X&amp;searcharg=9788471129246&amp;searchscope=70&amp;sortdropdown=-&amp;SORT=DZ&amp;extended=0&amp;SUBMIT=Cerca&amp;searchlimits=&amp;searchorigarg=X9788478274260%26SORT%3DDZ\" target=\"_blank\" rel=\"noopener\" data-saferedirecturl=\"https:\/\/www.google.com\/url?q=https:\/\/milleniumbeg.cultura.gencat.cat\/search~S70*cat\/?searchtype%3DX%26searcharg%3D9788471129246%26searchscope%3D70%26sortdropdown%3D-%26SORT%3DDZ%26extended%3D0%26SUBMIT%3DCerca%26searchlimits%3D%26searchorigarg%3DX9788478274260%2526SORT%253DDZ&amp;source=gmail&amp;ust=1718786169527000&amp;usg=AOvVaw1ZzbiggY4Zpm5xoycpfGgE\">G\u00e9nero y coeducaci\u00f3n<\/a><\/u><br \/>\n<\/b>Carmen Heredero<br \/>\nMorata, 2019<\/p>\n<\/td>\n<\/tr>\n<tr>\n<td>\n<p align=\"center\"><img loading=\"lazy\" decoding=\"async\" id=\"m_-3790711132812175798m_-2961576140206920666x_x_x_Imatge_x0020_25\" class=\"CToWUd\" src=\"https:\/\/mail.google.com\/mail\/u\/0?ui=2&amp;ik=15db434dc2&amp;attid=0.18&amp;permmsgid=msg-f:1802113392275241914&amp;th=190264950f8a3bba&amp;view=fimg&amp;fur=ip&amp;sz=s0-l75-ft&amp;attbid=ANGjdJ-ZM6MOJ3UhajPjmpWcelZKzKiMUYcDyPK3xIXDVO5iOue0QWTNpCAVMWPg3a6CUoOfPz5sZ_1sMzoIcmpwa2vJM9o_6LBzsmfKEH6sK3GC5SinQe-yKK59ZTI&amp;disp=emb&amp;realattid=ii_1902648951b2647c5712\" width=\"130\" height=\"188\" data-image-whitelisted=\"\" data-bit=\"iit\" \/><br \/>\n<b><u><a id=\"m_-3790711132812175798m_-2961576140206920666OWAc88acce6-9493-cbdf-c318-58647fe18289\" href=\"https:\/\/milleniumbeg.cultura.gencat.cat\/search~S70*cat\/?searchtype=X&amp;searcharg=9788478274260&amp;searchscope=70&amp;sortdropdown=-&amp;SORT=DZ&amp;extended=0&amp;SUBMIT=Cerca&amp;searchlimits=&amp;searchorigarg=X9788490459232%26SORT%3DDZ\" target=\"_blank\" rel=\"noopener\" data-saferedirecturl=\"https:\/\/www.google.com\/url?q=https:\/\/milleniumbeg.cultura.gencat.cat\/search~S70*cat\/?searchtype%3DX%26searcharg%3D9788478274260%26searchscope%3D70%26sortdropdown%3D-%26SORT%3DDZ%26extended%3D0%26SUBMIT%3DCerca%26searchlimits%3D%26searchorigarg%3DX9788490459232%2526SORT%253DDZ&amp;source=gmail&amp;ust=1718786169527000&amp;usg=AOvVaw0lE9s4qF8K6kwo5fE2H4fE\">Triunfantes perdedoras: la vida de las ni\u00f1as en la escuela<\/a><\/u><br \/>\n<\/b>Gloria Arenas<br \/>\nGra\u00f3, 2006<\/p>\n<\/td>\n<td>\n<p align=\"center\"><img loading=\"lazy\" decoding=\"async\" id=\"m_-3790711132812175798m_-2961576140206920666x_x_x_Imatge_x0020_26\" class=\"CToWUd\" src=\"https:\/\/mail.google.com\/mail\/u\/0?ui=2&amp;ik=15db434dc2&amp;attid=0.19&amp;permmsgid=msg-f:1802113392275241914&amp;th=190264950f8a3bba&amp;view=fimg&amp;fur=ip&amp;sz=s0-l75-ft&amp;attbid=ANGjdJ9zfDhOrlOAqEv_1XbIAaZ7dnR2IbQ_zUg_eMBKfdKb0SE07Qu2C2DeWq366IVzkjc5e24ka3cpaStx4b4jhcOJOKfaW5Lq9PqHZlmekpjLZgTfYqxw_FC-Nnw&amp;disp=emb&amp;realattid=ii_1902648951b3a898ee13\" width=\"132\" height=\"188\" data-image-whitelisted=\"\" data-bit=\"iit\" \/><br \/>\n<b><u><a id=\"m_-3790711132812175798m_-2961576140206920666OWAb8725149-b085-05e9-444c-5ab0460cbc42\" href=\"https:\/\/milleniumbeg.cultura.gencat.cat\/search~S70*cat\/?searchtype=X&amp;searcharg=9788490459232&amp;searchscope=70&amp;sortdropdown=-&amp;SORT=DZ&amp;extended=0&amp;SUBMIT=Cerca&amp;searchlimits=&amp;searchorigarg=X9789877710311%26SORT%3DDZ\" target=\"_blank\" rel=\"noopener\" data-saferedirecturl=\"https:\/\/www.google.com\/url?q=https:\/\/milleniumbeg.cultura.gencat.cat\/search~S70*cat\/?searchtype%3DX%26searcharg%3D9788490459232%26searchscope%3D70%26sortdropdown%3D-%26SORT%3DDZ%26extended%3D0%26SUBMIT%3DCerca%26searchlimits%3D%26searchorigarg%3DX9789877710311%2526SORT%253DDZ&amp;source=gmail&amp;ust=1718786169528000&amp;usg=AOvVaw2rDM5DeP16hrkRnJMFc05S\">El derecho a la educaci\u00f3n: estrategias patriarcales contra la genealog\u00eda femenina<\/a><\/u><br \/>\n<\/b>Laura Nu\u00f1o<br \/>\nComares, 2019<\/p>\n<\/td>\n<td>\n<p align=\"center\"><img loading=\"lazy\" decoding=\"async\" id=\"m_-3790711132812175798m_-2961576140206920666x_x_x_Imatge_x0020_27\" class=\"CToWUd\" src=\"https:\/\/mail.google.com\/mail\/u\/0?ui=2&amp;ik=15db434dc2&amp;attid=0.20&amp;permmsgid=msg-f:1802113392275241914&amp;th=190264950f8a3bba&amp;view=fimg&amp;fur=ip&amp;sz=s0-l75-ft&amp;attbid=ANGjdJ9B00R45w6Uo74w4tAumLGNCuiqt5Xv8DnSC07_edeXXjj1ab5XH6oWhSdF4oAE7mI5-VY5tA3OU4kCVNsV2mloILdMzQTT5wdJwlbHBiP-bRlgkaqjzVCeSa8&amp;disp=emb&amp;realattid=ii_1902648951b3c4c7f014\" width=\"136\" height=\"188\" data-image-whitelisted=\"\" data-bit=\"iit\" \/><b><br \/>\n<u><a id=\"m_-3790711132812175798m_-2961576140206920666OWAfd5af1f1-8c33-2649-b6e4-7c17c33823a8\" href=\"https:\/\/milleniumbeg.cultura.gencat.cat\/search~S70*cat\/?searchtype=X&amp;searcharg=9789877710311&amp;searchscope=70&amp;sortdropdown=-&amp;SORT=DZ&amp;extended=0&amp;SUBMIT=Cerca&amp;searchlimits=&amp;searchorigarg=X9788494909160%26SORT%3DDZ\" target=\"_blank\" rel=\"noopener\" data-saferedirecturl=\"https:\/\/www.google.com\/url?q=https:\/\/milleniumbeg.cultura.gencat.cat\/search~S70*cat\/?searchtype%3DX%26searcharg%3D9789877710311%26searchscope%3D70%26sortdropdown%3D-%26SORT%3DDZ%26extended%3D0%26SUBMIT%3DCerca%26searchlimits%3D%26searchorigarg%3DX9788494909160%2526SORT%253DDZ&amp;source=gmail&amp;ust=1718786169528000&amp;usg=AOvVaw0DP5sQimsh8qdhqZLJLOpZ\">Contra el sexismo: textos y pr\u00e1cticas por la igualdad para la escuela y el aula<\/a><\/u><br \/>\n<\/b>Miguel \u00c1ngel Santos<br \/>\nHomo Sapiens, 2019<\/p>\n<\/td>\n<td>\n<p align=\"center\"><img loading=\"lazy\" decoding=\"async\" id=\"m_-3790711132812175798m_-2961576140206920666x_x_x_Imatge_x0020_28\" class=\"CToWUd\" src=\"https:\/\/mail.google.com\/mail\/u\/0?ui=2&amp;ik=15db434dc2&amp;attid=0.21&amp;permmsgid=msg-f:1802113392275241914&amp;th=190264950f8a3bba&amp;view=fimg&amp;fur=ip&amp;sz=s0-l75-ft&amp;attbid=ANGjdJ-5OMETU06VEBMREb6AdSwkJOsv57Z0siWg8QPjU1yAUCSc3I8sprd9XFAKw9nDWIRpAscb5ghfY5_WtQD1rb8iRgKqLtcxmoyIJBTdnIvZzU3vgG6x0Y_7fn0&amp;disp=emb&amp;realattid=ii_1902648951b3e0e0aa15\" width=\"132\" height=\"188\" data-image-whitelisted=\"\" data-bit=\"iit\" \/><br \/>\n<b><u><a id=\"m_-3790711132812175798m_-2961576140206920666OWAe94b6e79-be10-27bf-8d2c-8c21d7ccca42\" href=\"https:\/\/milleniumbeg.cultura.gencat.cat\/search~S70*cat\/?searchtype=X&amp;searcharg=9788494909160&amp;searchscope=70&amp;sortdropdown=-&amp;SORT=DZ&amp;extended=0&amp;SUBMIT=Cerca&amp;searchlimits=&amp;searchorigarg=X9788497666886%26SORT%3DDZ\" target=\"_blank\" rel=\"noopener\" data-saferedirecturl=\"https:\/\/www.google.com\/url?q=https:\/\/milleniumbeg.cultura.gencat.cat\/search~S70*cat\/?searchtype%3DX%26searcharg%3D9788494909160%26searchscope%3D70%26sortdropdown%3D-%26SORT%3DDZ%26extended%3D0%26SUBMIT%3DCerca%26searchlimits%3D%26searchorigarg%3DX9788497666886%2526SORT%253DDZ&amp;source=gmail&amp;ust=1718786169528000&amp;usg=AOvVaw2Uy5MEdtFsp45bZzqRN1c3\">\u00bfPor qu\u00e9 la igualdad de g\u00e9neros es buena para todos?<\/a><\/u><br \/>\n<\/b>Michael Kimmel<br \/>\nMapas Colectivos, 2018<\/p>\n<\/td>\n<\/tr>\n<tr>\n<td>\n<p align=\"center\"><img loading=\"lazy\" decoding=\"async\" id=\"m_-3790711132812175798m_-2961576140206920666x_x_x_Imatge_x0020_29\" class=\"CToWUd\" src=\"https:\/\/mail.google.com\/mail\/u\/0?ui=2&amp;ik=15db434dc2&amp;attid=0.22&amp;permmsgid=msg-f:1802113392275241914&amp;th=190264950f8a3bba&amp;view=fimg&amp;fur=ip&amp;sz=s0-l75-ft&amp;attbid=ANGjdJ_7xWTmSWAh5a0dxGluqyGzbbxSim2zrHkLvRZgdiqXq84DcDGhcDurVlZe9WX65Av6-SZWDtuaFO-nr4fx3N7ttzNIYZ8sHkb7sbyQS8cv_bgLxcA3NZqICbA&amp;disp=emb&amp;realattid=ii_1902648951b3fd0fac16\" width=\"124\" height=\"190\" data-image-whitelisted=\"\" data-bit=\"iit\" \/><br \/>\n<b><u><a id=\"m_-3790711132812175798m_-2961576140206920666OWAa446a85f-cf80-59ad-bd99-2ab8131c3c78\" href=\"https:\/\/milleniumbeg.cultura.gencat.cat\/search~S70*cat\/?searchtype=X&amp;searcharg=9788497666886&amp;searchscope=70&amp;sortdropdown=-&amp;SORT=DZ&amp;extended=0&amp;SUBMIT=Cerca&amp;searchlimits=&amp;searchorigarg=X9788499210469%26SORT%3DDZ\" target=\"_blank\" rel=\"noopener\" data-saferedirecturl=\"https:\/\/www.google.com\/url?q=https:\/\/milleniumbeg.cultura.gencat.cat\/search~S70*cat\/?searchtype%3DX%26searcharg%3D9788497666886%26searchscope%3D70%26sortdropdown%3D-%26SORT%3DDZ%26extended%3D0%26SUBMIT%3DCerca%26searchlimits%3D%26searchorigarg%3DX9788499210469%2526SORT%253DDZ&amp;source=gmail&amp;ust=1718786169528000&amp;usg=AOvVaw2QV2VTEXZJqC-oxKxyoY3Q\">Dones, educaci\u00f3 i treball<\/a><\/u><br \/>\n<\/b>Leonor Serrano<br \/>\nEumo Editorial; UVic, 2019<\/p>\n<\/td>\n<td>\n<p align=\"center\"><img loading=\"lazy\" decoding=\"async\" id=\"m_-3790711132812175798m_-2961576140206920666x_x_x_Imatge_x0020_30\" class=\"CToWUd\" src=\"https:\/\/mail.google.com\/mail\/u\/0?ui=2&amp;ik=15db434dc2&amp;attid=0.23&amp;permmsgid=msg-f:1802113392275241914&amp;th=190264950f8a3bba&amp;view=fimg&amp;fur=ip&amp;sz=s0-l75-ft&amp;attbid=ANGjdJ_esMEuLWuijUbU2dLtl70bmjVoMqvPwz-W8ToC7sLzQ8s6Yquj-fMr7QgXFgTItp581DEwfSDjDlst8KTaoVNiUpKDQrrw8ZLl9yLaijZi_-Aw1nUSWjDXV0w&amp;disp=emb&amp;realattid=ii_1902648951b4193eae17\" width=\"121\" height=\"188\" data-image-whitelisted=\"\" data-bit=\"iit\" \/><br \/>\n<b><u><a id=\"m_-3790711132812175798m_-2961576140206920666OWAe9a7067d-d0ec-d39f-b0c2-cc26b2fec1cf\" href=\"https:\/\/milleniumbeg.cultura.gencat.cat\/search~S70*cat\/?searchtype=X&amp;searcharg=9788499210469&amp;searchscope=70&amp;sortdropdown=-&amp;SORT=DZ&amp;extended=0&amp;SUBMIT=Cerca&amp;searchlimits=&amp;searchorigarg=X9788484648338%26SORT%3DDZ\" target=\"_blank\" rel=\"noopener\" data-saferedirecturl=\"https:\/\/www.google.com\/url?q=https:\/\/milleniumbeg.cultura.gencat.cat\/search~S70*cat\/?searchtype%3DX%26searcharg%3D9788499210469%26searchscope%3D70%26sortdropdown%3D-%26SORT%3DDZ%26extended%3D0%26SUBMIT%3DCerca%26searchlimits%3D%26searchorigarg%3DX9788484648338%2526SORT%253DDZ&amp;source=gmail&amp;ust=1718786169528000&amp;usg=AOvVaw0JFk3yblwSSOg7In9bl3oN\">Sabers femenins a l&#8217;Europa moderna<\/a><\/u><br \/>\n<\/b>Julia Cabaleiro\u00a0(coord.)<br \/>\nOctaedro, 2009<\/p>\n<\/td>\n<td>\n<p align=\"center\"><img loading=\"lazy\" decoding=\"async\" id=\"m_-3790711132812175798m_-2961576140206920666x_x_x_Imatge_x0020_31\" class=\"CToWUd\" src=\"https:\/\/mail.google.com\/mail\/u\/0?ui=2&amp;ik=15db434dc2&amp;attid=0.24&amp;permmsgid=msg-f:1802113392275241914&amp;th=190264950f8a3bba&amp;view=fimg&amp;fur=ip&amp;sz=s0-l75-ft&amp;attbid=ANGjdJ_2MyBSoqe8ptZEhUNvN0sit98DMqNRXUwDYZsIwNFMiG5ieQRdfNzMPZarNVtDQHGC6I-vkzv4FaZWgo3tdKwgFunu-QB-ZxggCeI2fCegy_LIA8X0TzgVfFI&amp;disp=emb&amp;realattid=ii_1902648951b55d718d18\" width=\"147\" height=\"188\" data-image-whitelisted=\"\" data-bit=\"iit\" \/><br \/>\n<b><u><a id=\"m_-3790711132812175798m_-2961576140206920666OWAd1bc3938-0c1e-46db-23e4-dfcb510ba6b3\" href=\"https:\/\/milleniumbeg.cultura.gencat.cat\/search~S70*cat\/?searchtype=X&amp;searcharg=9788484648338&amp;searchscope=70&amp;sortdropdown=-&amp;SORT=DZ&amp;extended=0&amp;SUBMIT=Cerca&amp;searchlimits=&amp;searchorigarg=X9788484648895%26SORT%3DD\" target=\"_blank\" rel=\"noopener\" data-saferedirecturl=\"https:\/\/www.google.com\/url?q=https:\/\/milleniumbeg.cultura.gencat.cat\/search~S70*cat\/?searchtype%3DX%26searcharg%3D9788484648338%26searchscope%3D70%26sortdropdown%3D-%26SORT%3DDZ%26extended%3D0%26SUBMIT%3DCerca%26searchlimits%3D%26searchorigarg%3DX9788484648895%2526SORT%253DD&amp;source=gmail&amp;ust=1718786169528000&amp;usg=AOvVaw3J-BoUN91A6Or5EnHWl1l7\">La hist\u00f2ria dels bonobos amb ulleres<\/a><\/u><br \/>\n<\/b>Adela Turin, Nella Bosnia<br \/>\nKalandraka, cop. 2014<\/p>\n<p align=\"center\">\n<\/td>\n<td>\n<p align=\"center\"><img loading=\"lazy\" decoding=\"async\" id=\"m_-3790711132812175798m_-2961576140206920666x_x_x_Imatge_x0020_32\" class=\"CToWUd\" src=\"https:\/\/mail.google.com\/mail\/u\/0?ui=2&amp;ik=15db434dc2&amp;attid=0.25&amp;permmsgid=msg-f:1802113392275241914&amp;th=190264950f8a3bba&amp;view=fimg&amp;fur=ip&amp;sz=s0-l75-ft&amp;attbid=ANGjdJ_l3xvmMDf54o7o0GxVGfbkz-5zGRH-x7ZrpWUt-NkxS45voqdBdmAd2p-guLFuw7iDNzx9vSdz7pDtbTLJugUvH1QGem0SLXcAG_jd-qEhUCgKy0vy5Id7kLQ&amp;disp=emb&amp;realattid=ii_1902648951b579a08f19\" width=\"148\" height=\"188\" data-image-whitelisted=\"\" data-bit=\"iit\" \/><br \/>\n<b><u><a id=\"m_-3790711132812175798m_-2961576140206920666OWA87f16e8e-95d7-c9dc-634f-ba661da4ae87\" href=\"https:\/\/milleniumbeg.cultura.gencat.cat\/search*cat\/?searchtype=X&amp;SORT=D&amp;searcharg=9788484648895&amp;searchscope=70\" target=\"_blank\" rel=\"noopener\" data-saferedirecturl=\"https:\/\/www.google.com\/url?q=https:\/\/milleniumbeg.cultura.gencat.cat\/search*cat\/?searchtype%3DX%26SORT%3DD%26searcharg%3D9788484648895%26searchscope%3D70&amp;source=gmail&amp;ust=1718786169528000&amp;usg=AOvVaw2o-W7n-heVIFZtRHyS4Yy4\">Una cat\u00e0strofe afortunada<\/a><\/u><br \/>\n<\/b>Adela Turin, Nella Bosnia<br \/>\nKalandraka, cop. 2014<\/p>\n<\/td>\n<\/tr>\n<\/tbody>\n<\/table>\n<p>&nbsp;<\/p>\n","protected":false},"excerpt":{"rendered":"<p>Aquest 21 de juny se celebra el\u00a0Dia Internacional per a l&#8217;Educaci\u00f3 No Sexista i des de la Biblioteca del Departament [&hellip;]<\/p>\n","protected":false},"author":1,"featured_media":0,"comment_status":"closed","ping_status":"closed","sticky":false,"template":"","format":"standard","meta":{"_bbp_topic_count":0,"_bbp_reply_count":0,"_bbp_total_topic_count":0,"_bbp_total_reply_count":0,"_bbp_voice_count":0,"_bbp_anonymous_reply_count":0,"_bbp_topic_count_hidden":0,"_bbp_reply_count_hidden":0,"_bbp_forum_subforum_count":0,"site-sidebar-layout":"default","site-content-layout":"","ast-site-content-layout":"","site-content-style":"default","site-sidebar-style":"default","ast-global-header-display":"","ast-banner-title-visibility":"","ast-main-header-display":"","ast-hfb-above-header-display":"","ast-hfb-below-header-display":"","ast-hfb-mobile-header-display":"","site-post-title":"","ast-breadcrumbs-content":"","ast-featured-img":"","footer-sml-layout":"","theme-transparent-header-meta":"","adv-header-id-meta":"","stick-header-meta":"","header-above-stick-meta":"","header-main-stick-meta":"","header-below-stick-meta":"","astra-migrate-meta-layouts":"default","ast-page-background-enabled":"default","ast-page-background-meta":{"desktop":{"background-color":"var(--ast-global-color-4)","background-image":"","background-repeat":"repeat","background-position":"center center","background-size":"auto","background-attachment":"scroll","background-type":"","background-media":"","overlay-type":"","overlay-color":"","overlay-opacity":"","overlay-gradient":""},"tablet":{"background-color":"","background-image":"","background-repeat":"repeat","background-position":"center center","background-size":"auto","background-attachment":"scroll","background-type":"","background-media":"","overlay-type":"","overlay-color":"","overlay-opacity":"","overlay-gradient":""},"mobile":{"background-color":"","background-image":"","background-repeat":"repeat","background-position":"center center","background-size":"auto","background-attachment":"scroll","background-type":"","background-media":"","overlay-type":"","overlay-color":"","overlay-opacity":"","overlay-gradient":""}},"ast-content-background-meta":{"desktop":{"background-color":"var(--ast-global-color-5)","background-image":"","background-repeat":"repeat","background-position":"center center","background-size":"auto","background-attachment":"scroll","background-type":"","background-media":"","overlay-type":"","overlay-color":"","overlay-opacity":"","overlay-gradient":""},"tablet":{"background-color":"var(--ast-global-color-5)","background-image":"","background-repeat":"repeat","background-position":"center center","background-size":"auto","background-attachment":"scroll","background-type":"","background-media":"","overlay-type":"","overlay-color":"","overlay-opacity":"","overlay-gradient":""},"mobile":{"background-color":"var(--ast-global-color-5)","background-image":"","background-repeat":"repeat","background-position":"center center","background-size":"auto","background-attachment":"scroll","background-type":"","background-media":"","overlay-type":"","overlay-color":"","overlay-opacity":"","overlay-gradient":""}},"footnotes":""},"categories":[29],"tags":[],"class_list":["post-11956","post","type-post","status-publish","format-standard","hentry","category-portada"],"post_mailing_queue_ids":[],"_links":{"self":[{"href":"https:\/\/serveiseducatius.xtec.cat\/osona\/wp-json\/wp\/v2\/posts\/11956","targetHints":{"allow":["GET"]}}],"collection":[{"href":"https:\/\/serveiseducatius.xtec.cat\/osona\/wp-json\/wp\/v2\/posts"}],"about":[{"href":"https:\/\/serveiseducatius.xtec.cat\/osona\/wp-json\/wp\/v2\/types\/post"}],"author":[{"embeddable":true,"href":"https:\/\/serveiseducatius.xtec.cat\/osona\/wp-json\/wp\/v2\/users\/1"}],"replies":[{"embeddable":true,"href":"https:\/\/serveiseducatius.xtec.cat\/osona\/wp-json\/wp\/v2\/comments?post=11956"}],"version-history":[{"count":1,"href":"https:\/\/serveiseducatius.xtec.cat\/osona\/wp-json\/wp\/v2\/posts\/11956\/revisions"}],"predecessor-version":[{"id":11957,"href":"https:\/\/serveiseducatius.xtec.cat\/osona\/wp-json\/wp\/v2\/posts\/11956\/revisions\/11957"}],"wp:attachment":[{"href":"https:\/\/serveiseducatius.xtec.cat\/osona\/wp-json\/wp\/v2\/media?parent=11956"}],"wp:term":[{"taxonomy":"category","embeddable":true,"href":"https:\/\/serveiseducatius.xtec.cat\/osona\/wp-json\/wp\/v2\/categories?post=11956"},{"taxonomy":"post_tag","embeddable":true,"href":"https:\/\/serveiseducatius.xtec.cat\/osona\/wp-json\/wp\/v2\/tags?post=11956"}],"curies":[{"name":"wp","href":"https:\/\/api.w.org\/{rel}","templated":true}]}}