{"id":11932,"date":"2024-05-14T12:58:07","date_gmt":"2024-05-14T10:58:07","guid":{"rendered":"https:\/\/serveiseducatius.xtec.cat\/osona\/?p=11932"},"modified":"2024-05-14T12:59:04","modified_gmt":"2024-05-14T10:59:04","slug":"els-ulls-de-la-historia-portem-el-patrimoni-a-laula-amb-una-mirada-immersiva","status":"publish","type":"post","link":"https:\/\/serveiseducatius.xtec.cat\/osona\/general\/els-ulls-de-la-historia-portem-el-patrimoni-a-laula-amb-una-mirada-immersiva\/","title":{"rendered":"Els ulls de la hist\u00f2ria. Portem el patrimoni a l&#8217;aula amb una mirada immersiva"},"content":{"rendered":"<div class=\"imatge_amb_peu col-sm-6\"><img loading=\"lazy\" decoding=\"async\" class=\"widthResponsive\" src=\"https:\/\/xtec.gencat.cat\/web\/.content\/portadesseccions\/02-centres\/activitatsagenda\/imatges\/Agenda-els-ulls-de-la-historia.png_1637373458.png\" alt=\"Els ulls de la hist\u00f2ria. Una mirada immersiva sobre el patrimoni catal\u00e0\" width=\"410\" height=\"275\" \/><\/div>\n<div class=\"basic_text_peq m-15m link-dotted\" data-crawling=\"principal-description\">\n<p>&#8220;Els Ulls de la Hist\u00f2ria&#8221; \u00e9s el projecte de l&#8217;Ag\u00e8ncia Catalana del Patrimoni Cultural que t\u00e9 com a finalitat donar a con\u00e8ixer la hist\u00f2ria de Catalunya, a partir dels seus indrets i monuments patrimonials. Es vol assegurar que\u00a0\u00a0tothom pugui accedir al patrimoni i amb aquesta voluntat, es crea una experi\u00e8ncia did\u00e0ctica itinerant, per primer cicle de secund\u00e0ria.<\/p>\n<p>Per con\u00e8ixer millor aquest projecte els docents dels centres de secund\u00e0ria interessats podeu assistir a la jornada de presentaci\u00f3 del 13 de juny. En aquest <a href=\"https:\/\/docs.google.com\/document\/d\/17Ew77duPcg2nURaY10-TK-QlojfqSPdg_ubXzCNx43I\/edit?usp=sharing\">enlla\u00e7<\/a> trobareu m\u00e9s informaci\u00f3.<\/p>\n<\/div>\n","protected":false},"excerpt":{"rendered":"<p>&#8220;Els Ulls de la Hist\u00f2ria&#8221; \u00e9s el projecte de l&#8217;Ag\u00e8ncia Catalana del Patrimoni Cultural que t\u00e9 com a finalitat donar [&hellip;]<\/p>\n","protected":false},"author":1,"featured_media":0,"comment_status":"closed","ping_status":"closed","sticky":false,"template":"","format":"standard","meta":{"_bbp_topic_count":0,"_bbp_reply_count":0,"_bbp_total_topic_count":0,"_bbp_total_reply_count":0,"_bbp_voice_count":0,"_bbp_anonymous_reply_count":0,"_bbp_topic_count_hidden":0,"_bbp_reply_count_hidden":0,"_bbp_forum_subforum_count":0,"site-sidebar-layout":"default","site-content-layout":"","ast-site-content-layout":"","site-content-style":"default","site-sidebar-style":"default","ast-global-header-display":"","ast-banner-title-visibility":"","ast-main-header-display":"","ast-hfb-above-header-display":"","ast-hfb-below-header-display":"","ast-hfb-mobile-header-display":"","site-post-title":"","ast-breadcrumbs-content":"","ast-featured-img":"","footer-sml-layout":"","theme-transparent-header-meta":"","adv-header-id-meta":"","stick-header-meta":"","header-above-stick-meta":"","header-main-stick-meta":"","header-below-stick-meta":"","astra-migrate-meta-layouts":"default","ast-page-background-enabled":"default","ast-page-background-meta":{"desktop":{"background-color":"var(--ast-global-color-4)","background-image":"","background-repeat":"repeat","background-position":"center center","background-size":"auto","background-attachment":"scroll","background-type":"","background-media":"","overlay-type":"","overlay-color":"","overlay-opacity":"","overlay-gradient":""},"tablet":{"background-color":"","background-image":"","background-repeat":"repeat","background-position":"center center","background-size":"auto","background-attachment":"scroll","background-type":"","background-media":"","overlay-type":"","overlay-color":"","overlay-opacity":"","overlay-gradient":""},"mobile":{"background-color":"","background-image":"","background-repeat":"repeat","background-position":"center center","background-size":"auto","background-attachment":"scroll","background-type":"","background-media":"","overlay-type":"","overlay-color":"","overlay-opacity":"","overlay-gradient":""}},"ast-content-background-meta":{"desktop":{"background-color":"var(--ast-global-color-5)","background-image":"","background-repeat":"repeat","background-position":"center center","background-size":"auto","background-attachment":"scroll","background-type":"","background-media":"","overlay-type":"","overlay-color":"","overlay-opacity":"","overlay-gradient":""},"tablet":{"background-color":"var(--ast-global-color-5)","background-image":"","background-repeat":"repeat","background-position":"center center","background-size":"auto","background-attachment":"scroll","background-type":"","background-media":"","overlay-type":"","overlay-color":"","overlay-opacity":"","overlay-gradient":""},"mobile":{"background-color":"var(--ast-global-color-5)","background-image":"","background-repeat":"repeat","background-position":"center center","background-size":"auto","background-attachment":"scroll","background-type":"","background-media":"","overlay-type":"","overlay-color":"","overlay-opacity":"","overlay-gradient":""}},"footnotes":""},"categories":[1,235,29],"tags":[],"class_list":["post-11932","post","type-post","status-publish","format-standard","hentry","category-general","category-formacio_ins","category-portada"],"post_mailing_queue_ids":[],"_links":{"self":[{"href":"https:\/\/serveiseducatius.xtec.cat\/osona\/wp-json\/wp\/v2\/posts\/11932","targetHints":{"allow":["GET"]}}],"collection":[{"href":"https:\/\/serveiseducatius.xtec.cat\/osona\/wp-json\/wp\/v2\/posts"}],"about":[{"href":"https:\/\/serveiseducatius.xtec.cat\/osona\/wp-json\/wp\/v2\/types\/post"}],"author":[{"embeddable":true,"href":"https:\/\/serveiseducatius.xtec.cat\/osona\/wp-json\/wp\/v2\/users\/1"}],"replies":[{"embeddable":true,"href":"https:\/\/serveiseducatius.xtec.cat\/osona\/wp-json\/wp\/v2\/comments?post=11932"}],"version-history":[{"count":2,"href":"https:\/\/serveiseducatius.xtec.cat\/osona\/wp-json\/wp\/v2\/posts\/11932\/revisions"}],"predecessor-version":[{"id":11934,"href":"https:\/\/serveiseducatius.xtec.cat\/osona\/wp-json\/wp\/v2\/posts\/11932\/revisions\/11934"}],"wp:attachment":[{"href":"https:\/\/serveiseducatius.xtec.cat\/osona\/wp-json\/wp\/v2\/media?parent=11932"}],"wp:term":[{"taxonomy":"category","embeddable":true,"href":"https:\/\/serveiseducatius.xtec.cat\/osona\/wp-json\/wp\/v2\/categories?post=11932"},{"taxonomy":"post_tag","embeddable":true,"href":"https:\/\/serveiseducatius.xtec.cat\/osona\/wp-json\/wp\/v2\/tags?post=11932"}],"curies":[{"name":"wp","href":"https:\/\/api.w.org\/{rel}","templated":true}]}}