{"id":11921,"date":"2024-03-20T14:55:41","date_gmt":"2024-03-20T13:55:41","guid":{"rendered":"https:\/\/serveiseducatius.xtec.cat\/osona\/?p=11921"},"modified":"2024-03-20T14:55:41","modified_gmt":"2024-03-20T13:55:41","slug":"activitat-de-cinema-i-debat-per-lalumnat-de-4t-deso-i-batxillerat","status":"publish","type":"post","link":"https:\/\/serveiseducatius.xtec.cat\/osona\/portada\/activitat-de-cinema-i-debat-per-lalumnat-de-4t-deso-i-batxillerat\/","title":{"rendered":"Activitat de cinema i debat per l&#8217;alumnat de 4t d&#8217;ESO i Batxillerat"},"content":{"rendered":"<p style=\"text-align: center;\"><strong>Voleu assistir a una activitat de cinema i debat amb els vostres alumnes?<\/strong><\/p>\n<p><strong>Cinef\u00f2rum amb el documental &#8220;Make People Better&#8221;, basat en el primer cas d&#8217;alteraci\u00f3 gen\u00e8tica d&#8217;embrions<\/strong><\/p>\n<p>El 2018, el cient\u00edfic xin\u00e8s Dr. He Jiankui va creuar una l\u00ednia sense marxa enrere en l&#8217;evoluci\u00f3 humana, en\u00a0<strong>alterar l&#8217;estructura gen\u00e8tica d&#8217;uns embrions<\/strong>\u00a0per produir els primers beb\u00e8s amb genomes editats. Aquest\u00a0<strong>controvertit experiment\u00a0<\/strong>va provocar un clam internacional i les r\u00e0pides mesures de les autoritats xineses per fer desapar\u00e8ixer no nom\u00e9s el Dr. He, sin\u00f3 tamb\u00e9 les bessones els gens dels quals havia editat.<\/p>\n<p>Aquest documental\u00a0ens convida a\u00a0<strong>reflexionar sobre q\u00fcestions \u00e8tiques derivades del desenvolupament cient\u00edfic<\/strong>: \u00e9s \u00e8tic fer tot el que sigui cient\u00edficament possible?, hem de posar l\u00edmits a l&#8217;edici\u00f3 gen\u00e8tica?, \u00e9s desitjable el transhumanisme?, s&#8217;hauria de permetre la recerca gen\u00e8tica amb humans?<\/p>\n<p>Es tracta d&#8217;una activitat de cinef\u00f2rum organitzada per la C\u00e0tedra de Bio\u00e8tica de la UVIC-UCC i l&#8217;Americana Film Fest dirigida a alumnes de 4t d&#8217;ESO i Batxillerat.<\/p>\n<p><a href=\"https:\/\/www.email-index.com\/click.php?L=U892UDb05Wgb5ymIHokAeRQw&amp;J=oTCvYzxmqCdIHrlRLugT7g&amp;C=cVsXhXPPNQv4q9x892p1GNlw&amp;F=HKFRcCbcnmxmc4f43DJP5g\" target=\"_blank\" rel=\"noopener\" data-saferedirecturl=\"https:\/\/www.google.com\/url?q=https:\/\/www.email-index.com\/click.php?L%3DU892UDb05Wgb5ymIHokAeRQw%26J%3DoTCvYzxmqCdIHrlRLugT7g%26C%3DcVsXhXPPNQv4q9x892p1GNlw%26F%3DHKFRcCbcnmxmc4f43DJP5g&amp;source=gmail&amp;ust=1711014973131000&amp;usg=AOvVaw30fIpwQ_AB4nD0iOzk8TQS\"><strong>Tr\u00e0iler del documental<\/strong><\/a><\/p>\n<p>Per m\u00e9s informaci\u00f3 podeu contactar amb\u00a0<a href=\"mailto:fundacio.grifols@grifols.com?subject=Make%20People%20Better%20-%20Vic\" target=\"_blank\" rel=\"noopener\">fundacio.grifols@grifols.<wbr \/>com<\/a><\/p>\n<div class=\"gmail_default\">\ud83d\udcc6\u00a0 Dia: dimecres 17 d&#8217;abril<\/div>\n<div><\/div>\n<div class=\"gmail_default\">\ud83d\udd51\u00a0 Hora: 10:00h<\/div>\n<div><\/div>\n<div class=\"gmail_default\">\ud83c\udfe0\u00a0 Lloc: Cineclub de Vic. Pg. de la Generalitat, 46. Vic<\/div>\n<div><\/div>\n<div><\/div>\n<div>\n<table style=\"width: 31.2162%; height: 61px;\" border=\"0\" width=\"100%\" cellspacing=\"0\" cellpadding=\"0\" align=\"center\">\n<tbody>\n<tr style=\"height: 61px;\">\n<td style=\"height: 61px;\">\n<table align=\"center\" bgcolor=\" #1a4386\">\n<tbody>\n<tr>\n<td><strong><a href=\"https:\/\/www.email-index.com\/click.php?L=Oow763RX5j892zcQE0XiPwQl6A&amp;J=oTCvYzxmqCdIHrlRLugT7g&amp;C=cVsXhXPPNQv4q9x892p1GNlw&amp;F=HKFRcCbcnmxmc4f43DJP5g\" target=\"_blank\" rel=\"noopener\" data-saferedirecturl=\"https:\/\/www.google.com\/url?q=https:\/\/www.email-index.com\/click.php?L%3DOow763RX5j892zcQE0XiPwQl6A%26J%3DoTCvYzxmqCdIHrlRLugT7g%26C%3DcVsXhXPPNQv4q9x892p1GNlw%26F%3DHKFRcCbcnmxmc4f43DJP5g&amp;source=gmail&amp;ust=1711014973131000&amp;usg=AOvVaw0CjSPj04jLTiEbTL_Myv_i\">Inscripcions al cinef\u00f2rum<\/a><\/strong><\/td>\n<\/tr>\n<\/tbody>\n<\/table>\n<\/td>\n<\/tr>\n<\/tbody>\n<\/table>\n<\/div>\n<div><\/div>\n<div><\/div>\n","protected":false},"excerpt":{"rendered":"<p>Voleu assistir a una activitat de cinema i debat amb els vostres alumnes? Cinef\u00f2rum amb el documental &#8220;Make People Better&#8221;, [&hellip;]<\/p>\n","protected":false},"author":1,"featured_media":0,"comment_status":"closed","ping_status":"closed","sticky":false,"template":"","format":"standard","meta":{"_bbp_topic_count":0,"_bbp_reply_count":0,"_bbp_total_topic_count":0,"_bbp_total_reply_count":0,"_bbp_voice_count":0,"_bbp_anonymous_reply_count":0,"_bbp_topic_count_hidden":0,"_bbp_reply_count_hidden":0,"_bbp_forum_subforum_count":0,"site-sidebar-layout":"default","site-content-layout":"","ast-site-content-layout":"","site-content-style":"default","site-sidebar-style":"default","ast-global-header-display":"","ast-banner-title-visibility":"","ast-main-header-display":"","ast-hfb-above-header-display":"","ast-hfb-below-header-display":"","ast-hfb-mobile-header-display":"","site-post-title":"","ast-breadcrumbs-content":"","ast-featured-img":"","footer-sml-layout":"","theme-transparent-header-meta":"","adv-header-id-meta":"","stick-header-meta":"","header-above-stick-meta":"","header-main-stick-meta":"","header-below-stick-meta":"","astra-migrate-meta-layouts":"default","ast-page-background-enabled":"default","ast-page-background-meta":{"desktop":{"background-color":"var(--ast-global-color-4)","background-image":"","background-repeat":"repeat","background-position":"center center","background-size":"auto","background-attachment":"scroll","background-type":"","background-media":"","overlay-type":"","overlay-color":"","overlay-opacity":"","overlay-gradient":""},"tablet":{"background-color":"","background-image":"","background-repeat":"repeat","background-position":"center center","background-size":"auto","background-attachment":"scroll","background-type":"","background-media":"","overlay-type":"","overlay-color":"","overlay-opacity":"","overlay-gradient":""},"mobile":{"background-color":"","background-image":"","background-repeat":"repeat","background-position":"center center","background-size":"auto","background-attachment":"scroll","background-type":"","background-media":"","overlay-type":"","overlay-color":"","overlay-opacity":"","overlay-gradient":""}},"ast-content-background-meta":{"desktop":{"background-color":"var(--ast-global-color-5)","background-image":"","background-repeat":"repeat","background-position":"center center","background-size":"auto","background-attachment":"scroll","background-type":"","background-media":"","overlay-type":"","overlay-color":"","overlay-opacity":"","overlay-gradient":""},"tablet":{"background-color":"var(--ast-global-color-5)","background-image":"","background-repeat":"repeat","background-position":"center center","background-size":"auto","background-attachment":"scroll","background-type":"","background-media":"","overlay-type":"","overlay-color":"","overlay-opacity":"","overlay-gradient":""},"mobile":{"background-color":"var(--ast-global-color-5)","background-image":"","background-repeat":"repeat","background-position":"center center","background-size":"auto","background-attachment":"scroll","background-type":"","background-media":"","overlay-type":"","overlay-color":"","overlay-opacity":"","overlay-gradient":""}},"footnotes":""},"categories":[251,66,235,29],"tags":[],"class_list":["post-11921","post","type-post","status-publish","format-standard","hentry","category-dinamica-educativa-sant-vicenc-dels-horts","category-dinamitzacio","category-formacio_ins","category-portada"],"post_mailing_queue_ids":[],"_links":{"self":[{"href":"https:\/\/serveiseducatius.xtec.cat\/osona\/wp-json\/wp\/v2\/posts\/11921","targetHints":{"allow":["GET"]}}],"collection":[{"href":"https:\/\/serveiseducatius.xtec.cat\/osona\/wp-json\/wp\/v2\/posts"}],"about":[{"href":"https:\/\/serveiseducatius.xtec.cat\/osona\/wp-json\/wp\/v2\/types\/post"}],"author":[{"embeddable":true,"href":"https:\/\/serveiseducatius.xtec.cat\/osona\/wp-json\/wp\/v2\/users\/1"}],"replies":[{"embeddable":true,"href":"https:\/\/serveiseducatius.xtec.cat\/osona\/wp-json\/wp\/v2\/comments?post=11921"}],"version-history":[{"count":2,"href":"https:\/\/serveiseducatius.xtec.cat\/osona\/wp-json\/wp\/v2\/posts\/11921\/revisions"}],"predecessor-version":[{"id":11923,"href":"https:\/\/serveiseducatius.xtec.cat\/osona\/wp-json\/wp\/v2\/posts\/11921\/revisions\/11923"}],"wp:attachment":[{"href":"https:\/\/serveiseducatius.xtec.cat\/osona\/wp-json\/wp\/v2\/media?parent=11921"}],"wp:term":[{"taxonomy":"category","embeddable":true,"href":"https:\/\/serveiseducatius.xtec.cat\/osona\/wp-json\/wp\/v2\/categories?post=11921"},{"taxonomy":"post_tag","embeddable":true,"href":"https:\/\/serveiseducatius.xtec.cat\/osona\/wp-json\/wp\/v2\/tags?post=11921"}],"curies":[{"name":"wp","href":"https:\/\/api.w.org\/{rel}","templated":true}]}}