{"id":11889,"date":"2024-02-26T10:27:35","date_gmt":"2024-02-26T09:27:35","guid":{"rendered":"https:\/\/serveiseducatius.xtec.cat\/osona\/?p=11889"},"modified":"2024-02-26T10:27:35","modified_gmt":"2024-02-26T09:27:35","slug":"%f0%9f%93%a2-ponencia-cap-a-una-educacio-digital-o-analogica","status":"publish","type":"post","link":"https:\/\/serveiseducatius.xtec.cat\/osona\/general\/%f0%9f%93%a2-ponencia-cap-a-una-educacio-digital-o-analogica\/","title":{"rendered":"\ud83d\udce2 Pon\u00e8ncia:  Cap a una educaci\u00f3 digital? O anal\u00f2gica?"},"content":{"rendered":"<p><a href=\"https:\/\/serveiseducatius.xtec.cat\/osona\/wp-content\/uploads\/usu1175\/2024\/02\/Captura-2.png\"><img loading=\"lazy\" decoding=\"async\" class=\"size-full wp-image-11890 aligncenter\" src=\"https:\/\/serveiseducatius.xtec.cat\/osona\/wp-content\/uploads\/usu1175\/2024\/02\/Captura-2.png\" alt=\"\" width=\"825\" height=\"281\" srcset=\"https:\/\/serveiseducatius.xtec.cat\/osona\/wp-content\/uploads\/usu1175\/2024\/02\/Captura-2.png 825w, https:\/\/serveiseducatius.xtec.cat\/osona\/wp-content\/uploads\/usu1175\/2024\/02\/Captura-2-300x102.png 300w, https:\/\/serveiseducatius.xtec.cat\/osona\/wp-content\/uploads\/usu1175\/2024\/02\/Captura-2-768x262.png 768w\" sizes=\"auto, (max-width: 825px) 100vw, 825px\" \/><\/a><\/p>\n<p style=\"text-align: left;\">Abordarem la complexa relaci\u00f3 entre educaci\u00f3 i tecnologia, destacant la necessitat d&#8217;un lideratge pedag\u00f2gic i \u00e8tic en el context sociotecnol\u00f2gic actual. Ens centrarem en tres principals reptes: comprendre el context socio-tecnol\u00f2gic, identificar reptes tecnol\u00f2gics espec\u00edfics (pantalles, IA, desinformaci\u00f3, &#8230;) que necessiten especial atenci\u00f3 i proporcionar pistes per a un lideratge pedag\u00f2gic efica\u00e7 a l&#8217;escola, a l&#8217;aula i a casa. Es discutir\u00e0 la tensi\u00f3 entre marcs mentals anal\u00f2gics i digitals, la import\u00e0ncia de l\u2019adaptabilitat i la flexibilitat mental i l\u2019impacte de la intel\u00b7lig\u00e8ncia artificial en l\u2019educaci\u00f3, subratllant la urg\u00e8ncia de desenvolupar habilitats digitals cr\u00edtiques i la necessitat d\u2019equilibri entre la tecnologia i els m\u00e8todes pedag\u00f2gics que estiguin a l&#8217;al\u00e7ada de les circumst\u00e0ncies actuals.<\/p>\n<p>Ponent: <strong>Miquel \u00c0ngel Prats, mestre i psicopedagog.<\/strong><\/p>\n<p>\ud83d\udcc6 7 de mar\u00e7<\/p>\n<p>\ud83d\udd51\u00a0 19:00h<\/p>\n<p>\ud83c\udfe0 Casino de Vic<\/p>\n<p>&nbsp;<\/p>\n","protected":false},"excerpt":{"rendered":"<p>Abordarem la complexa relaci\u00f3 entre educaci\u00f3 i tecnologia, destacant la necessitat d&#8217;un lideratge pedag\u00f2gic i \u00e8tic en el context sociotecnol\u00f2gic [&hellip;]<\/p>\n","protected":false},"author":1,"featured_media":11890,"comment_status":"closed","ping_status":"closed","sticky":false,"template":"","format":"standard","meta":{"_bbp_topic_count":0,"_bbp_reply_count":0,"_bbp_total_topic_count":0,"_bbp_total_reply_count":0,"_bbp_voice_count":0,"_bbp_anonymous_reply_count":0,"_bbp_topic_count_hidden":0,"_bbp_reply_count_hidden":0,"_bbp_forum_subforum_count":0,"site-sidebar-layout":"default","site-content-layout":"","ast-site-content-layout":"","site-content-style":"default","site-sidebar-style":"default","ast-global-header-display":"","ast-banner-title-visibility":"","ast-main-header-display":"","ast-hfb-above-header-display":"","ast-hfb-below-header-display":"","ast-hfb-mobile-header-display":"","site-post-title":"","ast-breadcrumbs-content":"","ast-featured-img":"","footer-sml-layout":"","theme-transparent-header-meta":"","adv-header-id-meta":"","stick-header-meta":"","header-above-stick-meta":"","header-main-stick-meta":"","header-below-stick-meta":"","astra-migrate-meta-layouts":"default","ast-page-background-enabled":"default","ast-page-background-meta":{"desktop":{"background-color":"var(--ast-global-color-4)","background-image":"","background-repeat":"repeat","background-position":"center center","background-size":"auto","background-attachment":"scroll","background-type":"","background-media":"","overlay-type":"","overlay-color":"","overlay-opacity":"","overlay-gradient":""},"tablet":{"background-color":"","background-image":"","background-repeat":"repeat","background-position":"center center","background-size":"auto","background-attachment":"scroll","background-type":"","background-media":"","overlay-type":"","overlay-color":"","overlay-opacity":"","overlay-gradient":""},"mobile":{"background-color":"","background-image":"","background-repeat":"repeat","background-position":"center center","background-size":"auto","background-attachment":"scroll","background-type":"","background-media":"","overlay-type":"","overlay-color":"","overlay-opacity":"","overlay-gradient":""}},"ast-content-background-meta":{"desktop":{"background-color":"var(--ast-global-color-5)","background-image":"","background-repeat":"repeat","background-position":"center center","background-size":"auto","background-attachment":"scroll","background-type":"","background-media":"","overlay-type":"","overlay-color":"","overlay-opacity":"","overlay-gradient":""},"tablet":{"background-color":"var(--ast-global-color-5)","background-image":"","background-repeat":"repeat","background-position":"center center","background-size":"auto","background-attachment":"scroll","background-type":"","background-media":"","overlay-type":"","overlay-color":"","overlay-opacity":"","overlay-gradient":""},"mobile":{"background-color":"var(--ast-global-color-5)","background-image":"","background-repeat":"repeat","background-position":"center center","background-size":"auto","background-attachment":"scroll","background-type":"","background-media":"","overlay-type":"","overlay-color":"","overlay-opacity":"","overlay-gradient":""}},"footnotes":""},"categories":[65,1,235,29,78],"tags":[],"class_list":["post-11889","post","type-post","status-publish","format-standard","has-post-thumbnail","hentry","category-crp","category-general","category-formacio_ins","category-portada","category-tac"],"post_mailing_queue_ids":[],"_links":{"self":[{"href":"https:\/\/serveiseducatius.xtec.cat\/osona\/wp-json\/wp\/v2\/posts\/11889","targetHints":{"allow":["GET"]}}],"collection":[{"href":"https:\/\/serveiseducatius.xtec.cat\/osona\/wp-json\/wp\/v2\/posts"}],"about":[{"href":"https:\/\/serveiseducatius.xtec.cat\/osona\/wp-json\/wp\/v2\/types\/post"}],"author":[{"embeddable":true,"href":"https:\/\/serveiseducatius.xtec.cat\/osona\/wp-json\/wp\/v2\/users\/1"}],"replies":[{"embeddable":true,"href":"https:\/\/serveiseducatius.xtec.cat\/osona\/wp-json\/wp\/v2\/comments?post=11889"}],"version-history":[{"count":2,"href":"https:\/\/serveiseducatius.xtec.cat\/osona\/wp-json\/wp\/v2\/posts\/11889\/revisions"}],"predecessor-version":[{"id":11892,"href":"https:\/\/serveiseducatius.xtec.cat\/osona\/wp-json\/wp\/v2\/posts\/11889\/revisions\/11892"}],"wp:featuredmedia":[{"embeddable":true,"href":"https:\/\/serveiseducatius.xtec.cat\/osona\/wp-json\/wp\/v2\/media\/11890"}],"wp:attachment":[{"href":"https:\/\/serveiseducatius.xtec.cat\/osona\/wp-json\/wp\/v2\/media?parent=11889"}],"wp:term":[{"taxonomy":"category","embeddable":true,"href":"https:\/\/serveiseducatius.xtec.cat\/osona\/wp-json\/wp\/v2\/categories?post=11889"},{"taxonomy":"post_tag","embeddable":true,"href":"https:\/\/serveiseducatius.xtec.cat\/osona\/wp-json\/wp\/v2\/tags?post=11889"}],"curies":[{"name":"wp","href":"https:\/\/api.w.org\/{rel}","templated":true}]}}