{"id":11870,"date":"2024-02-07T10:52:23","date_gmt":"2024-02-07T09:52:23","guid":{"rendered":"https:\/\/serveiseducatius.xtec.cat\/osona\/?p=11870"},"modified":"2024-02-07T10:55:55","modified_gmt":"2024-02-07T09:55:55","slug":"revistes-del-mes-de-gener","status":"publish","type":"post","link":"https:\/\/serveiseducatius.xtec.cat\/osona\/general\/revistes-del-mes-de-gener\/","title":{"rendered":"Revistes del mes de gener"},"content":{"rendered":"<p>Ja teniu aqu\u00ed les revistes rebudes a la Biblioteca del Departament d\u2019Educaci\u00f3.<\/p>\n<p><u><\/u><u><\/u>S\u00f3n totes accessibles en l\u00ednia, algunes gratu\u00eftes i d&#8217;altres que requereixen <a id=\"m_-7568479849608424980m_2108970769323421281OWA5002c498-88a1-3d9a-5dae-a5013e71471d\" title=\"https:\/\/espai.educacio.gencat.cat\/Recursos\/Biblioteca\/Biblioteca-virtual\/Revistes-electroniques\/Pagines\/default.aspx\" href=\"https:\/\/espai.educacio.gencat.cat\/Recursos\/Biblioteca\/Biblioteca-virtual\/Revistes-electroniques\/Pagines\/default.aspx\" target=\"_blank\" rel=\"noopener\" data-saferedirecturl=\"https:\/\/www.google.com\/url?q=https:\/\/espai.educacio.gencat.cat\/Recursos\/Biblioteca\/Biblioteca-virtual\/Revistes-electroniques\/Pagines\/default.aspx&amp;source=gmail&amp;ust=1707384625514000&amp;usg=AOvVaw2m5393SlFi0yVvitMhny4E\">claus d&#8217;acc\u00e9s<\/a>.<u><\/u><u><\/u><\/p>\n<table border=\"0\" width=\"0\" cellspacing=\"0\" cellpadding=\"0\">\n<tbody>\n<tr>\n<td width=\"183\"><img loading=\"lazy\" decoding=\"async\" id=\"m_-7568479849608424980m_2108970769323421281x_Imatge_x0020_1\" class=\"CToWUd\" src=\"https:\/\/mail.google.com\/mail\/u\/0?ui=2&amp;ik=15db434dc2&amp;attid=0.10&amp;permmsgid=msg-f:1790150560658406037&amp;th=18d7e4734682ba95&amp;view=fimg&amp;fur=ip&amp;sz=s0-l75-ft&amp;attbid=ANGjdJ-eFNv4dMSP8aCXYniXIw6ae4SUf0mPf24sZkogkrQMORNuZ-XDuw3oz99h1A5UVfrHa-YXs7nlDLjtGWf2HwsQBRhx75ndkSUqGSfudtYQZMKVKIp8lWShT20&amp;disp=emb&amp;realattid=ii_18d7e446a41f1fd8ab8a\" width=\"126\" height=\"66\" border=\"0\" data-image-whitelisted=\"\" data-bit=\"iit\" \/><u><\/u><u><\/u><\/td>\n<td width=\"582\"><a id=\"m_-7568479849608424980m_2108970769323421281OWAcfb0b668-996f-3f50-f6a8-9f35f015c719\" href=\"https:\/\/www.grao.cat\/revistes\/competencia-digital-docente-reto-clave-para-un-uso-critico-de-la-tecnologia-en-la-escuela-73748\" target=\"_blank\" rel=\"noopener\" data-saferedirecturl=\"https:\/\/www.google.com\/url?q=https:\/\/www.grao.cat\/revistes\/competencia-digital-docente-reto-clave-para-un-uso-critico-de-la-tecnologia-en-la-escuela-73748&amp;source=gmail&amp;ust=1707384625514000&amp;usg=AOvVaw3K2JKbfF9xutgU2blR0ZIj\">Competencia digital docente: reto clave para un uso cr\u00edtico de la tecnolog\u00eda en la escuela<\/a><br \/>\nAula de secundaria, 54, nov.-des. 2023<u><\/u><u><\/u><\/td>\n<\/tr>\n<tr>\n<td width=\"183\"><img loading=\"lazy\" decoding=\"async\" id=\"m_-7568479849608424980m_2108970769323421281x_Imatge_x0020_2\" class=\"CToWUd\" src=\"https:\/\/mail.google.com\/mail\/u\/0?ui=2&amp;ik=15db434dc2&amp;attid=0.11&amp;permmsgid=msg-f:1790150560658406037&amp;th=18d7e4734682ba95&amp;view=fimg&amp;fur=ip&amp;sz=s0-l75-ft&amp;attbid=ANGjdJ8LENzsP64hk5MmzC3dxmRpOFhRMPgATo9CpWedWfr8VD3iW8KHjMd3DTutGvfSZlut3nneNw5swPjmFpwoEBq8i5-fHT5O5KZkZaTNcQyQA2J9oru-q_FUzhg&amp;disp=emb&amp;realattid=ii_18d7e446a4164a4c771b\" width=\"112\" height=\"74\" border=\"0\" data-image-whitelisted=\"\" data-bit=\"iit\" \/><u><\/u><u><\/u><\/td>\n<td width=\"582\"><a id=\"m_-7568479849608424980m_2108970769323421281OWAc9c241c4-6c87-91c0-7497-6f84d6f83e1a\" href=\"https:\/\/recyt.fecyt.es\/index.php\/BORDON\/issue\/view\/4493\" target=\"_blank\" rel=\"noopener\" data-saferedirecturl=\"https:\/\/www.google.com\/url?q=https:\/\/recyt.fecyt.es\/index.php\/BORDON\/issue\/view\/4493&amp;source=gmail&amp;ust=1707384625514000&amp;usg=AOvVaw3-1lnemaA0cYms0kqBBBJh\">Competencia digital, TPACK y \u00e9tica tecnol\u00f3gica<\/a><br \/>\nBord\u00f3n, 75(4), 2023<u><\/u><u><\/u><\/td>\n<\/tr>\n<tr>\n<td width=\"183\"><img loading=\"lazy\" decoding=\"async\" id=\"m_-7568479849608424980m_2108970769323421281x_Imatge_x0020_3\" class=\"CToWUd\" src=\"https:\/\/mail.google.com\/mail\/u\/0?ui=2&amp;ik=15db434dc2&amp;attid=0.12&amp;permmsgid=msg-f:1790150560658406037&amp;th=18d7e4734682ba95&amp;view=fimg&amp;fur=ip&amp;sz=s0-l75-ft&amp;attbid=ANGjdJ8XJCZaa0LrSOz0Uzq5XQeeujS0YY8_MMjSMgXWE3ZptYlUrTiKZCp4zrcDot0yg7ErJMxdig92YfWU1jOEFUEqZ-llMmcagNg-8riFmkjMzoSNAkl6FTtAvLw&amp;disp=emb&amp;realattid=ii_18d7e446a413915e1cc\" width=\"122\" height=\"51\" border=\"0\" data-image-whitelisted=\"\" data-bit=\"iit\" \/><u><\/u><u><\/u><\/td>\n<td width=\"582\"><a id=\"m_-7568479849608424980m_2108970769323421281OWA997ae255-ab22-2660-babd-974df0a301bf\" href=\"https:\/\/dialnet.unirioja.es\/ejemplar\/648132\" target=\"_blank\" rel=\"noopener\" data-saferedirecturl=\"https:\/\/www.google.com\/url?q=https:\/\/dialnet.unirioja.es\/ejemplar\/648132&amp;source=gmail&amp;ust=1707384625514000&amp;usg=AOvVaw0inRlXWgrDfz9ZvDianQY-\">La IA ante el espejo de la educaci\u00f3n<\/a><br \/>\nCuadernos de Pedagog\u00eda, 549, gen. 2024<u><\/u><u><\/u><\/td>\n<\/tr>\n<tr>\n<td width=\"183\"><img loading=\"lazy\" decoding=\"async\" id=\"m_-7568479849608424980m_2108970769323421281x_Imatge_x0020_4\" class=\"CToWUd\" src=\"https:\/\/mail.google.com\/mail\/u\/0?ui=2&amp;ik=15db434dc2&amp;attid=0.13&amp;permmsgid=msg-f:1790150560658406037&amp;th=18d7e4734682ba95&amp;view=fimg&amp;fur=ip&amp;sz=s0-l75-ft&amp;attbid=ANGjdJ9s6iaY2BWU8jqBN_Y3ZBwFUaE2CfWjI5YS66aTM5vgsn5jYbugMaxo50puRr5v4_xIDyHOEmECTHk1465I3ZOmgXLXIsNLk2e-cCt4s4jbeeTfectRdiUh_3A&amp;disp=emb&amp;realattid=ii_18d7e446a41dfea870bd\" width=\"128\" height=\"60\" border=\"0\" data-image-whitelisted=\"\" data-bit=\"iit\" \/><u><\/u><u><\/u><\/td>\n<td width=\"582\"><a id=\"m_-7568479849608424980m_2108970769323421281OWAddabd6b8-39ee-875a-74c1-0683f0a89178\" href=\"https:\/\/www.revistaclij.com\/product\/clij-317-enero-febrero-2024-edicion-papel\/\" target=\"_blank\" rel=\"noopener\" data-saferedirecturl=\"https:\/\/www.google.com\/url?q=https:\/\/www.revistaclij.com\/product\/clij-317-enero-febrero-2024-edicion-papel\/&amp;source=gmail&amp;ust=1707384625514000&amp;usg=AOvVaw0EZnU6FqJyxrCcolqZ_DBz\">La diversidad funcional en la literatura infantil<\/a><br \/>\nCLIJ, 317, gen.feb. 2024<u><\/u><u><\/u><\/td>\n<\/tr>\n<tr>\n<td width=\"183\"><img loading=\"lazy\" decoding=\"async\" id=\"m_-7568479849608424980m_2108970769323421281x_Imatge_x0020_5\" class=\"CToWUd\" src=\"https:\/\/mail.google.com\/mail\/u\/0?ui=2&amp;ik=15db434dc2&amp;attid=0.14&amp;permmsgid=msg-f:1790150560658406037&amp;th=18d7e4734682ba95&amp;view=fimg&amp;fur=ip&amp;sz=s0-l75-ft&amp;attbid=ANGjdJ_fFtXO7rm0PdPxliFkQUa-wjPG73daMJ5oh7S7x7oN7kTIvaLXUyqpzPtzj70qrW9jqGIpHR4r2PlLJqxlNKRd1Sv9MyRLXKdCumAIrcabMfOpPAS15PcCVeM&amp;disp=emb&amp;realattid=ii_18d7e446a41ae1121b8e\" width=\"145\" height=\"52\" border=\"0\" data-image-whitelisted=\"\" data-bit=\"iit\" \/><u><\/u><u><\/u><\/td>\n<td width=\"582\"><a id=\"m_-7568479849608424980m_2108970769323421281OWAa056696d-93be-641e-0ead-ca655b9ea50a\" href=\"https:\/\/ensciencias.uab.cat\/issue\/view\/v41-n3\" target=\"_blank\" rel=\"noopener\" data-saferedirecturl=\"https:\/\/www.google.com\/url?q=https:\/\/ensciencias.uab.cat\/issue\/view\/v41-n3&amp;source=gmail&amp;ust=1707384625514000&amp;usg=AOvVaw11KWNegyfGlEziokkWYFC_\">Un instrumento para evaluar la comprensi\u00f3n de tablas estad\u00edsticas en educaci\u00f3n secundaria<\/a><u><\/u><u><\/u><\/p>\n<p>Ense\u00f1anza de las ciencias, 41(3), des.2023<u><\/u><u><\/u><\/td>\n<\/tr>\n<tr>\n<td width=\"183\"><img loading=\"lazy\" decoding=\"async\" id=\"m_-7568479849608424980m_2108970769323421281x_Imatge_x0020_6\" class=\"CToWUd\" src=\"https:\/\/mail.google.com\/mail\/u\/0?ui=2&amp;ik=15db434dc2&amp;attid=0.15&amp;permmsgid=msg-f:1790150560658406037&amp;th=18d7e4734682ba95&amp;view=fimg&amp;fur=ip&amp;sz=s0-l75-ft&amp;attbid=ANGjdJ_IecWJHz2RPiHHXAUWwA0vT69N6mCxRN7xqrfCsyqPCejt7SL0NffC7Qe7xYL--Bu4k0sSJym3NVod6ENDgaHYAylDhDfO0KjozCLrhfIefYkVwZWGmT28gqM&amp;disp=emb&amp;realattid=ii_18d7e446a413243d76bf\" width=\"154\" height=\"54\" border=\"0\" data-image-whitelisted=\"\" data-bit=\"iit\" \/><u><\/u><u><\/u><\/td>\n<td width=\"582\"><a id=\"m_-7568479849608424980m_2108970769323421281OWAb340b097-64ab-262c-ad44-ddade720f472\" href=\"https:\/\/graffica.info\/tienda\/revista-graffica-32-business-design\/\" target=\"_blank\" rel=\"noopener\" data-saferedirecturl=\"https:\/\/www.google.com\/url?q=https:\/\/graffica.info\/tienda\/revista-graffica-32-business-design\/&amp;source=gmail&amp;ust=1707384625514000&amp;usg=AOvVaw2EhES92rhZiXw85eUUSOeb\">Business design<\/a><u><\/u><u><\/u><\/p>\n<p>Gr\u00e0ffica, 32, des. 2023<u><\/u><u><\/u><\/td>\n<\/tr>\n<tr>\n<td width=\"183\"><img loading=\"lazy\" decoding=\"async\" id=\"m_-7568479849608424980m_2108970769323421281x_Imatge_x0020_7\" class=\"CToWUd\" src=\"https:\/\/mail.google.com\/mail\/u\/0?ui=2&amp;ik=15db434dc2&amp;attid=0.16&amp;permmsgid=msg-f:1790150560658406037&amp;th=18d7e4734682ba95&amp;view=fimg&amp;fur=ip&amp;sz=s0-l75-ft&amp;attbid=ANGjdJ_q-0_uj_xUK90BbvB87hjnQCKYJhBl6dRUAZoMxa19IOJrPtsnWq1GmY4ictrZ_Kum2mAkXlgh4hWg1tDtBlYbNWtTHKxZMUMk5Y2HPTOMP-_XmuTEQ_JsZT8&amp;disp=emb&amp;realattid=ii_18d7e446a417ffd5ce310\" width=\"147\" height=\"59\" border=\"0\" data-image-whitelisted=\"\" data-bit=\"iit\" \/><u><\/u><u><\/u><\/td>\n<td width=\"582\"><a id=\"m_-7568479849608424980m_2108970769323421281OWA497a4e0e-5aca-10da-caa2-7d2c298dc30e\" href=\"https:\/\/www.grao.cat\/revistes\/revista-guix-506-de-desembre-2023-73772\" target=\"_blank\" rel=\"noopener\" data-saferedirecturl=\"https:\/\/www.google.com\/url?q=https:\/\/www.grao.cat\/revistes\/revista-guix-506-de-desembre-2023-73772&amp;source=gmail&amp;ust=1707384625514000&amp;usg=AOvVaw1BZOyc6_2UUJuGjzGLPRQT\">Lectura i comprensi\u00f3 lectora<\/a><u><\/u><u><\/u><\/p>\n<p>Guix, 506, des. 2023<u><\/u><u><\/u><\/td>\n<\/tr>\n<tr>\n<td width=\"183\">\u00a0<img loading=\"lazy\" decoding=\"async\" id=\"m_-7568479849608424980m_2108970769323421281x_Imatge_x0020_8\" class=\"CToWUd\" src=\"https:\/\/mail.google.com\/mail\/u\/0?ui=2&amp;ik=15db434dc2&amp;attid=0.17&amp;permmsgid=msg-f:1790150560658406037&amp;th=18d7e4734682ba95&amp;view=fimg&amp;fur=ip&amp;sz=s0-l75-ft&amp;attbid=ANGjdJ8vterFMoNploq_pFZTyzDYJEHqe3-V3-k-HrVwdVECXpMk_i2S-Ye9yaLV87Kl_QI3JrrqBaZW_8isCIyRj12QJoNj5J3RhppWufinEdAO-DFh_cef_B5AUEM&amp;disp=emb&amp;realattid=ii_18d7e446a41914e9ddf11\" width=\"155\" height=\"35\" border=\"0\" data-image-whitelisted=\"\" data-bit=\"iit\" \/><u><\/u><u><\/u><\/td>\n<td width=\"582\">\u00a0\u00a0<u><\/u><u><\/u><\/p>\n<p><a id=\"m_-7568479849608424980m_2108970769323421281OWA962a7093-d688-19c9-fb2b-37ae5e2438ca\" href=\"https:\/\/www.rosasensat.org\/revista\/infancia-256\/\" target=\"_blank\" rel=\"noopener\" data-saferedirecturl=\"https:\/\/www.google.com\/url?q=https:\/\/www.rosasensat.org\/revista\/infancia-256\/&amp;source=gmail&amp;ust=1707384625514000&amp;usg=AOvVaw0h6O7kmgztpTMbN_VmjxqH\">Literatura i curr\u00edculum, una pinzellada<\/a><u><\/u><u><\/u><\/p>\n<p>Inf\u00e0ncia, 256, gen.-feb. 2024<u><\/u><u><\/u><\/td>\n<\/tr>\n<tr>\n<td width=\"183\"><img loading=\"lazy\" decoding=\"async\" id=\"m_-7568479849608424980m_2108970769323421281x_Imatge_x0020_9\" class=\"CToWUd\" src=\"https:\/\/mail.google.com\/mail\/u\/0?ui=2&amp;ik=15db434dc2&amp;attid=0.18&amp;permmsgid=msg-f:1790150560658406037&amp;th=18d7e4734682ba95&amp;view=fimg&amp;fur=ip&amp;sz=s0-l75-ft&amp;attbid=ANGjdJ8rpgynDkI0hBfQ_-4HBDd0yt535TM0Mgb8jyghJ0Zmg6NcRA9Mx-1z9pTf0yEP6KwDHmaznWclY_xK8VyTvKiF8eFt15Qt1c1b7eX9Dr_lpOH9NOxte3-C8cY&amp;disp=emb&amp;realattid=ii_18d7e446a41c7fe3f1312\" width=\"123\" height=\"56\" border=\"0\" data-image-whitelisted=\"\" data-bit=\"iit\" \/><u><\/u><u><\/u><\/td>\n<td width=\"582\"><a id=\"m_-7568479849608424980m_2108970769323421281OWA50342253-7372-66b1-a408-03593a442e4b\" href=\"https:\/\/revistas.uma.es\/index.php\/revistaISL\/issue\/view\/1092\" target=\"_blank\" rel=\"noopener\" data-saferedirecturl=\"https:\/\/www.google.com\/url?q=https:\/\/revistas.uma.es\/index.php\/revistaISL\/issue\/view\/1092&amp;source=gmail&amp;ust=1707384625514000&amp;usg=AOvVaw33H-_Jp3ewfZa3KIqE_br-\">Preferencias literarias e influencias de g\u00e9nero en los h\u00e1bitos lectores del alumnado de 5.\u00ba Y 6.\u00ba de Educaci\u00f3n Primaria<\/a><br \/>\nInvestigaciones Sobre Lectura, 18(2), 2023<u><\/u><u><\/u><\/td>\n<\/tr>\n<tr>\n<td width=\"183\"><img loading=\"lazy\" decoding=\"async\" id=\"m_-7568479849608424980m_2108970769323421281x_Imatge_x0020_10\" class=\"CToWUd\" src=\"https:\/\/mail.google.com\/mail\/u\/0?ui=2&amp;ik=15db434dc2&amp;attid=0.19&amp;permmsgid=msg-f:1790150560658406037&amp;th=18d7e4734682ba95&amp;view=fimg&amp;fur=ip&amp;sz=s0-l75-ft&amp;attbid=ANGjdJ_d1Vw2nCU8kou1Ci05l4fYXUsgc18qJlEbxH2exkC8ljO2UshZpHs5dH2exZxkcx058v_VHVze-TdJCrb6xR-vqAJrdbBJTRvZVqNbc3k9H-8In9oE7h5eXNA&amp;disp=emb&amp;realattid=ii_18d7e446a415ab60fdc13\" width=\"144\" height=\"60\" border=\"0\" data-image-whitelisted=\"\" data-bit=\"iit\" \/><u><\/u><u><\/u><\/td>\n<td width=\"582\"><a id=\"m_-7568479849608424980m_2108970769323421281OWAb9d9ab54-ca0a-3320-71ba-0133b8930b41\" href=\"https:\/\/metode.cat\/revista\/storytelling\" target=\"_blank\" rel=\"noopener\" data-saferedirecturl=\"https:\/\/www.google.com\/url?q=https:\/\/metode.cat\/revista\/storytelling&amp;source=gmail&amp;ust=1707384625514000&amp;usg=AOvVaw0WlEP3AYgfCz6kN-cEmt51\">#Storytelling. La ci\u00e8ncia a trav\u00e9s d&#8217;hist\u00f2ries<\/a><br \/>\nM\u00e8tode, 119, hivern 2023<u><\/u><u><\/u><\/td>\n<\/tr>\n<tr>\n<td width=\"183\"><img loading=\"lazy\" decoding=\"async\" id=\"m_-7568479849608424980m_2108970769323421281x_Imatge_x0020_11\" class=\"CToWUd\" src=\"https:\/\/mail.google.com\/mail\/u\/0?ui=2&amp;ik=15db434dc2&amp;attid=0.20&amp;permmsgid=msg-f:1790150560658406037&amp;th=18d7e4734682ba95&amp;view=fimg&amp;fur=ip&amp;sz=s0-l75-ft&amp;attbid=ANGjdJ8RsSifPBW_W2NHZriFkfySWplGSZx8r2VD4N3iLt-k4Q0iuO8TKo7qKnHJxzPYu2HjOqShw66hTdDWo4ONh7URHRSlTGW4xfnkCPzcFVLm4Wk9EPxLbNVRq3U&amp;disp=emb&amp;realattid=ii_18d7e446a41c46259ea14\" width=\"166\" height=\"33\" border=\"0\" data-image-whitelisted=\"\" data-bit=\"iit\" \/><u><\/u><u><\/u><\/td>\n<td width=\"582\"><a id=\"m_-7568479849608424980m_2108970769323421281OWA4f718c57-9507-6bf3-8160-ea5de69a150a\" href=\"https:\/\/www.rosasensat.org\/revista\/perspectiva-422-estimar-la-lectura\/\" target=\"_blank\" rel=\"noopener\" data-saferedirecturl=\"https:\/\/www.google.com\/url?q=https:\/\/www.rosasensat.org\/revista\/perspectiva-422-estimar-la-lectura\/&amp;source=gmail&amp;ust=1707384625514000&amp;usg=AOvVaw2_3M-68hXLvNEPW7b2mBdC\">Estimar la lectura<\/a><br \/>\nPerspectiva escolar, 422, gen.-abr. 2024<u><\/u><u><\/u><\/td>\n<\/tr>\n<tr>\n<td width=\"183\"><img loading=\"lazy\" decoding=\"async\" id=\"m_-7568479849608424980m_2108970769323421281x_Imatge_x0020_12\" class=\"CToWUd\" src=\"https:\/\/mail.google.com\/mail\/u\/0?ui=2&amp;ik=15db434dc2&amp;attid=0.21&amp;permmsgid=msg-f:1790150560658406037&amp;th=18d7e4734682ba95&amp;view=fimg&amp;fur=ip&amp;sz=s0-l75-ft&amp;attbid=ANGjdJ9ynlFdmMmKT0X0vf0-RJAOJpWz2Wjd8WebeAhERiCxp8M8PQlXgMk2cylf0K2F2SlWw-DYLsLwRSqYz23A3MNjRMPzlhrP25DtrydUMxugh8lAqLQrSqZRdt8&amp;disp=emb&amp;realattid=ii_18d7e446a41cbad560e15\" width=\"124\" height=\"65\" border=\"0\" data-image-whitelisted=\"\" data-bit=\"iit\" \/><u><\/u><u><\/u><\/td>\n<td width=\"582\"><a id=\"m_-7568479849608424980m_2108970769323421281OWA4aa496ea-78dc-f09c-f5c2-38c49bc9c517\" href=\"https:\/\/drive.google.com\/file\/d\/1VNC29FF7Xj1E0OswjvC8V9Rwi48CLAXt\/view\" target=\"_blank\" rel=\"noopener\" data-saferedirecturl=\"https:\/\/www.google.com\/url?q=https:\/\/drive.google.com\/file\/d\/1VNC29FF7Xj1E0OswjvC8V9Rwi48CLAXt\/view&amp;source=gmail&amp;ust=1707384625514000&amp;usg=AOvVaw16whsJcITO4dI2zriW6k6O\">L&#8217;educaci\u00f3 sexual<\/a><u><\/u><u><\/u><\/p>\n<p>Tra\u00e7, 81, des. 2023<u><\/u><u><\/u><\/td>\n<\/tr>\n<tr>\n<td width=\"183\"><img loading=\"lazy\" decoding=\"async\" id=\"m_-7568479849608424980m_2108970769323421281x_Imatge_x0020_13\" class=\"CToWUd\" src=\"https:\/\/mail.google.com\/mail\/u\/0?ui=2&amp;ik=15db434dc2&amp;attid=0.22&amp;permmsgid=msg-f:1790150560658406037&amp;th=18d7e4734682ba95&amp;view=fimg&amp;fur=ip&amp;sz=s0-l75-ft&amp;attbid=ANGjdJ9u6UhS33wJFN0VJolzYvL_CS5nUj3fEoPo0MOPlmYjOzlKAM74m8NJ2kbxO4denBcEOwO8is7N3HP56BUggyY51nRmomyPxwxSngrN0C1_2N9Wt1jDqQBAN2w&amp;disp=emb&amp;realattid=ii_18d7e446a41e7ce779d16\" width=\"147\" height=\"64\" border=\"0\" data-image-whitelisted=\"\" data-bit=\"iit\" \/><u><\/u><u><\/u><\/td>\n<td width=\"582\"><a id=\"m_-7568479849608424980m_2108970769323421281OWA9bb0cf0e-d02e-07f8-cc3e-a7e3dec19a8b\" href=\"https:\/\/www.grao.cat\/revistes\/revista-viure-en-familia-102-de-gener-2024-77748?contenido=388734\" target=\"_blank\" rel=\"noopener\" data-saferedirecturl=\"https:\/\/www.google.com\/url?q=https:\/\/www.grao.cat\/revistes\/revista-viure-en-familia-102-de-gener-2024-77748?contenido%3D388734&amp;source=gmail&amp;ust=1707384625515000&amp;usg=AOvVaw040Cw38VE3jrjwlgEdKy5O\">El primer fill \u2013 Una mirada a la preadolesc\u00e8ncia \u2013 Deslletament respectu\u00f3s \u2013 Anar a veure ocells<\/a><u><\/u><u><\/u><\/p>\n<p>Viure en fam\u00edlia, 102, gen. 2024<u><\/u><u><\/u><\/td>\n<\/tr>\n<\/tbody>\n<\/table>\n<p>Si voleu consultar totes les revistes de la Biblioteca del Departament d&#8217;Educaci\u00f3 podeu fer-ho a la p\u00e0gina de <a id=\"m_-7568479849608424980m_2108970769323421281OWA5040d272-35b2-bad4-9939-947dc76f2270\" title=\"L'URL original: https:\/\/espai.educacio.gencat.cat\/Recursos\/Biblioteca\/Biblioteca-virtual\/Revistes-electroniques\/Pagines\/default.aspx. Feu clic o premeu si confieu en aquest enlla\u00e7.\" href=\"https:\/\/espai.educacio.gencat.cat\/Recursos\/Biblioteca\/Biblioteca-virtual\/Revistes-electroniques\/Pagines\/default.aspx\" target=\"_blank\" rel=\"noopener\" data-saferedirecturl=\"https:\/\/www.google.com\/url?q=https:\/\/espai.educacio.gencat.cat\/Recursos\/Biblioteca\/Biblioteca-virtual\/Revistes-electroniques\/Pagines\/default.aspx&amp;source=gmail&amp;ust=1707384625515000&amp;usg=AOvVaw0nzor6BQ1xt0WIXghLOdZN\">Revistes electr\u00f2niques<\/a>\u00a0de la Intranet.<u><\/u><u><\/u><\/p>\n<p>&nbsp;<\/p>\n<p>&nbsp;<\/p>\n<p>&nbsp;<\/p>\n","protected":false},"excerpt":{"rendered":"<p>Ja teniu aqu\u00ed les revistes rebudes a la Biblioteca del Departament d\u2019Educaci\u00f3. S\u00f3n totes accessibles en l\u00ednia, algunes gratu\u00eftes i [&hellip;]<\/p>\n","protected":false},"author":1,"featured_media":0,"comment_status":"closed","ping_status":"closed","sticky":false,"template":"","format":"standard","meta":{"_bbp_topic_count":0,"_bbp_reply_count":0,"_bbp_total_topic_count":0,"_bbp_total_reply_count":0,"_bbp_voice_count":0,"_bbp_anonymous_reply_count":0,"_bbp_topic_count_hidden":0,"_bbp_reply_count_hidden":0,"_bbp_forum_subforum_count":0,"site-sidebar-layout":"default","site-content-layout":"","ast-site-content-layout":"","site-content-style":"default","site-sidebar-style":"default","ast-global-header-display":"","ast-banner-title-visibility":"","ast-main-header-display":"","ast-hfb-above-header-display":"","ast-hfb-below-header-display":"","ast-hfb-mobile-header-display":"","site-post-title":"","ast-breadcrumbs-content":"","ast-featured-img":"","footer-sml-layout":"","theme-transparent-header-meta":"","adv-header-id-meta":"","stick-header-meta":"","header-above-stick-meta":"","header-main-stick-meta":"","header-below-stick-meta":"","astra-migrate-meta-layouts":"default","ast-page-background-enabled":"default","ast-page-background-meta":{"desktop":{"background-color":"var(--ast-global-color-4)","background-image":"","background-repeat":"repeat","background-position":"center center","background-size":"auto","background-attachment":"scroll","background-type":"","background-media":"","overlay-type":"","overlay-color":"","overlay-opacity":"","overlay-gradient":""},"tablet":{"background-color":"","background-image":"","background-repeat":"repeat","background-position":"center center","background-size":"auto","background-attachment":"scroll","background-type":"","background-media":"","overlay-type":"","overlay-color":"","overlay-opacity":"","overlay-gradient":""},"mobile":{"background-color":"","background-image":"","background-repeat":"repeat","background-position":"center center","background-size":"auto","background-attachment":"scroll","background-type":"","background-media":"","overlay-type":"","overlay-color":"","overlay-opacity":"","overlay-gradient":""}},"ast-content-background-meta":{"desktop":{"background-color":"var(--ast-global-color-5)","background-image":"","background-repeat":"repeat","background-position":"center center","background-size":"auto","background-attachment":"scroll","background-type":"","background-media":"","overlay-type":"","overlay-color":"","overlay-opacity":"","overlay-gradient":""},"tablet":{"background-color":"var(--ast-global-color-5)","background-image":"","background-repeat":"repeat","background-position":"center center","background-size":"auto","background-attachment":"scroll","background-type":"","background-media":"","overlay-type":"","overlay-color":"","overlay-opacity":"","overlay-gradient":""},"mobile":{"background-color":"var(--ast-global-color-5)","background-image":"","background-repeat":"repeat","background-position":"center center","background-size":"auto","background-attachment":"scroll","background-type":"","background-media":"","overlay-type":"","overlay-color":"","overlay-opacity":"","overlay-gradient":""}},"footnotes":""},"categories":[65,1,29,472],"tags":[],"class_list":["post-11870","post","type-post","status-publish","format-standard","hentry","category-crp","category-general","category-portada","category-revistes"],"post_mailing_queue_ids":[],"_links":{"self":[{"href":"https:\/\/serveiseducatius.xtec.cat\/osona\/wp-json\/wp\/v2\/posts\/11870","targetHints":{"allow":["GET"]}}],"collection":[{"href":"https:\/\/serveiseducatius.xtec.cat\/osona\/wp-json\/wp\/v2\/posts"}],"about":[{"href":"https:\/\/serveiseducatius.xtec.cat\/osona\/wp-json\/wp\/v2\/types\/post"}],"author":[{"embeddable":true,"href":"https:\/\/serveiseducatius.xtec.cat\/osona\/wp-json\/wp\/v2\/users\/1"}],"replies":[{"embeddable":true,"href":"https:\/\/serveiseducatius.xtec.cat\/osona\/wp-json\/wp\/v2\/comments?post=11870"}],"version-history":[{"count":2,"href":"https:\/\/serveiseducatius.xtec.cat\/osona\/wp-json\/wp\/v2\/posts\/11870\/revisions"}],"predecessor-version":[{"id":11873,"href":"https:\/\/serveiseducatius.xtec.cat\/osona\/wp-json\/wp\/v2\/posts\/11870\/revisions\/11873"}],"wp:attachment":[{"href":"https:\/\/serveiseducatius.xtec.cat\/osona\/wp-json\/wp\/v2\/media?parent=11870"}],"wp:term":[{"taxonomy":"category","embeddable":true,"href":"https:\/\/serveiseducatius.xtec.cat\/osona\/wp-json\/wp\/v2\/categories?post=11870"},{"taxonomy":"post_tag","embeddable":true,"href":"https:\/\/serveiseducatius.xtec.cat\/osona\/wp-json\/wp\/v2\/tags?post=11870"}],"curies":[{"name":"wp","href":"https:\/\/api.w.org\/{rel}","templated":true}]}}