{"id":11379,"date":"2022-11-30T10:53:05","date_gmt":"2022-11-30T09:53:05","guid":{"rendered":"https:\/\/serveiseducatius.xtec.cat\/osona\/?p=11379"},"modified":"2022-11-30T11:08:34","modified_gmt":"2022-11-30T10:08:34","slug":"16a-edicio-del-concurs-educatiu-joves-i-mobilitat","status":"publish","type":"post","link":"https:\/\/serveiseducatius.xtec.cat\/osona\/general\/16a-edicio-del-concurs-educatiu-joves-i-mobilitat\/","title":{"rendered":"16a EDICI\u00d3 DEL CONCURS EDUCATIU JOVES I MOBILITAT"},"content":{"rendered":"<h3>16a EDICI\u00d3 DEL CONCURS EDUCATIU JOVES I MOBILITAT<\/h3>\n<h4><a href=\"https:\/\/serveiseducatius.xtec.cat\/osona\/wp-content\/uploads\/usu1175\/2022\/11\/JovesMobilitat.png\"><img loading=\"lazy\" decoding=\"async\" class=\"size-medium wp-image-11381 alignnone\" src=\"https:\/\/serveiseducatius.xtec.cat\/osona\/wp-content\/uploads\/usu1175\/2022\/11\/JovesMobilitat-300x92.png\" alt=\"\" width=\"300\" height=\"92\" srcset=\"https:\/\/serveiseducatius.xtec.cat\/osona\/wp-content\/uploads\/usu1175\/2022\/11\/JovesMobilitat-300x92.png 300w, https:\/\/serveiseducatius.xtec.cat\/osona\/wp-content\/uploads\/usu1175\/2022\/11\/JovesMobilitat.png 640w\" sizes=\"auto, (max-width: 300px) 100vw, 300px\" \/><\/a><\/h4>\n<h4><\/h4>\n<h4>\u201cLes bicicletes, els joves i les noves mobilitats\u201d<\/h4>\n<p style=\"text-align: justify;\">Aquesta \u00e9s la tem\u00e0tica de la 16a edici\u00f3 del concurs educatiu \u201c<strong>Joves i Mobilitat<\/strong>\u201d que el <em>RACC<\/em> i el <em>Servei Catal\u00e0 de Tr\u00e0nsit<\/em> convoquen per aquest curs escolar. Una tem\u00e0tica que t\u00e9 l\u2019objectiu de posar en valor el fet d\u2019anar en bicicleta i la seva projecci\u00f3 com a mitj\u00e0 de transport sostenible i saludable. L\u2019\u00fas de la bicicleta ha augmentat exponencialment en els darrers anys, per\u00f2 encara no \u00e9s un mitj\u00e0 massiu i cal integrar-lo amb seguretat per al conjunt dels usuaris. Per aix\u00f2, el concurs vol promoure la reflexi\u00f3 entre els joves perqu\u00e8 reflexionin sobre la millor manera de fer un lloc a la bicicleta en la mobilitat quotidiana.<br \/>\nEl concurs est\u00e0 adre\u00e7at a alumnes de Secund\u00e0ria, Batxillerat i Cicles Formatius de Grau Mitj\u00e0, aix\u00ed com nois i noies de 12 a 18 anys que s\u00f3n membres de casals de joves o centres de lleure catalans.<br \/>\nEs pot participar de forma individual o en grups de fins a 4 components i tutoritzats pels seus centres educatius, casals o clubs, podran presentar els seus treballs en <strong>tres categories<\/strong>: Anunci gr\u00e0fic, V\u00eddeo per a Instagram i Projecte de millora de la seguretat vi\u00e0ria.<br \/>\n<strong>La presentaci\u00f3 de treballs es pot fer ja<\/strong> mitjan\u00e7ant un tutor o monitor a trav\u00e9s de la web <a href=\"http:\/\/www.jovesimobilitat.cat\" target=\"_blank\" rel=\"noopener\">www.jovesimobilitat.cat<\/a> <span style=\"color: #ff0000;\"><strong>abans del 16 d\u2019abril de 2023<\/strong><\/span>.<\/p>\n<p style=\"text-align: justify;\">A part de les millors propostes a les tres categories del concurs, tamb\u00e9 es premiar\u00e0 a la classe\/grup que participi amb m\u00e9s treballs i al professor\/monitor que hagi inscrit major nombre de participants. I un any m\u00e9s el concurs premiar\u00e0 tamb\u00e9 el Millor Projecte Educatiu en Mobilitat Segura en reconeixement a les activitats que realitzen els centres regularment durant el curs escolar.<br \/>\nEl concurs Joves i Mobilitat, que compta tamb\u00e9 amb la col\u00b7laboraci\u00f3 del Departament d\u2019Educaci\u00f3 i diferents patrocinadors, t\u00e9 com a objectiu promoure actituds i valors de mobilitat segura, sostenible i responsable entre els adolescents catalans.<br \/>\nPer tal de treballar-ho a les aules o a casa, \u201cJoves i Mobilitat\u201d aporta diferents recursos informatius sobre la tem\u00e0tica d\u2019enguany i propostes did\u00e0ctiques sobre mobilitat, seguretat vi\u00e0ria i conviv\u00e8ncia.<\/p>\n<h4><a href=\"https:\/\/serveiseducatius.xtec.cat\/osona\/wp-content\/uploads\/usu1175\/2022\/11\/Joves-i-Mobilitat-16a-edicio.jpg\"><img loading=\"lazy\" decoding=\"async\" class=\"aligncenter wp-image-11380\" src=\"https:\/\/serveiseducatius.xtec.cat\/osona\/wp-content\/uploads\/usu1175\/2022\/11\/Joves-i-Mobilitat-16a-edicio.jpg\" alt=\"\" width=\"888\" height=\"635\" srcset=\"https:\/\/serveiseducatius.xtec.cat\/osona\/wp-content\/uploads\/usu1175\/2022\/11\/Joves-i-Mobilitat-16a-edicio.jpg 1968w, https:\/\/serveiseducatius.xtec.cat\/osona\/wp-content\/uploads\/usu1175\/2022\/11\/Joves-i-Mobilitat-16a-edicio-300x214.jpg 300w, https:\/\/serveiseducatius.xtec.cat\/osona\/wp-content\/uploads\/usu1175\/2022\/11\/Joves-i-Mobilitat-16a-edicio-1024x732.jpg 1024w, https:\/\/serveiseducatius.xtec.cat\/osona\/wp-content\/uploads\/usu1175\/2022\/11\/Joves-i-Mobilitat-16a-edicio-768x549.jpg 768w, https:\/\/serveiseducatius.xtec.cat\/osona\/wp-content\/uploads\/usu1175\/2022\/11\/Joves-i-Mobilitat-16a-edicio-1536x1098.jpg 1536w\" sizes=\"auto, (max-width: 888px) 100vw, 888px\" \/><\/a><\/h4>\n<p>&nbsp;<\/p>\n","protected":false},"excerpt":{"rendered":"<p>\u201cLes bicicletes, els joves i les noves mobilitats\u201d<\/p>\n<p>Aquesta \u00e9s la tem\u00e0tica de la 16a edici\u00f3 del concurs educatiu \u201cJoves i Mobilitat\u201d que el RACC i el Servei Catal\u00e0 de Tr\u00e0nsit convoquen per aquest curs escolar. Una tem\u00e0tica que t\u00e9 l\u2019objectiu de posar en valor el fet d\u2019anar en bicicleta i la seva projecci\u00f3 com a mitj\u00e0 de transport sostenible i saludable. L\u2019\u00fas de la bicicleta ha augmentat exponencialment en els darrers anys, per\u00f2 encara no \u00e9s un mitj\u00e0 massiu i cal integrar-lo amb seguretat per al conjunt dels usuaris. Per aix\u00f2, el concurs vol promoure la reflexi\u00f3 entre els joves perqu\u00e8 reflexionin sobre la millor manera de fer un lloc a la bicicleta en la mobilitat quotidiana.<\/p>\n","protected":false},"author":1,"featured_media":11381,"comment_status":"closed","ping_status":"closed","sticky":false,"template":"","format":"standard","meta":{"_bbp_topic_count":0,"_bbp_reply_count":0,"_bbp_total_topic_count":0,"_bbp_total_reply_count":0,"_bbp_voice_count":0,"_bbp_anonymous_reply_count":0,"_bbp_topic_count_hidden":0,"_bbp_reply_count_hidden":0,"_bbp_forum_subforum_count":0,"site-sidebar-layout":"default","site-content-layout":"","ast-site-content-layout":"","site-content-style":"default","site-sidebar-style":"default","ast-global-header-display":"","ast-banner-title-visibility":"","ast-main-header-display":"","ast-hfb-above-header-display":"","ast-hfb-below-header-display":"","ast-hfb-mobile-header-display":"","site-post-title":"","ast-breadcrumbs-content":"","ast-featured-img":"","footer-sml-layout":"","theme-transparent-header-meta":"","adv-header-id-meta":"","stick-header-meta":"","header-above-stick-meta":"","header-main-stick-meta":"","header-below-stick-meta":"","astra-migrate-meta-layouts":"default","ast-page-background-enabled":"default","ast-page-background-meta":{"desktop":{"background-color":"var(--ast-global-color-4)","background-image":"","background-repeat":"repeat","background-position":"center center","background-size":"auto","background-attachment":"scroll","background-type":"","background-media":"","overlay-type":"","overlay-color":"","overlay-opacity":"","overlay-gradient":""},"tablet":{"background-color":"","background-image":"","background-repeat":"repeat","background-position":"center center","background-size":"auto","background-attachment":"scroll","background-type":"","background-media":"","overlay-type":"","overlay-color":"","overlay-opacity":"","overlay-gradient":""},"mobile":{"background-color":"","background-image":"","background-repeat":"repeat","background-position":"center center","background-size":"auto","background-attachment":"scroll","background-type":"","background-media":"","overlay-type":"","overlay-color":"","overlay-opacity":"","overlay-gradient":""}},"ast-content-background-meta":{"desktop":{"background-color":"var(--ast-global-color-5)","background-image":"","background-repeat":"repeat","background-position":"center center","background-size":"auto","background-attachment":"scroll","background-type":"","background-media":"","overlay-type":"","overlay-color":"","overlay-opacity":"","overlay-gradient":""},"tablet":{"background-color":"var(--ast-global-color-5)","background-image":"","background-repeat":"repeat","background-position":"center center","background-size":"auto","background-attachment":"scroll","background-type":"","background-media":"","overlay-type":"","overlay-color":"","overlay-opacity":"","overlay-gradient":""},"mobile":{"background-color":"var(--ast-global-color-5)","background-image":"","background-repeat":"repeat","background-position":"center center","background-size":"auto","background-attachment":"scroll","background-type":"","background-media":"","overlay-type":"","overlay-color":"","overlay-opacity":"","overlay-gradient":""}},"footnotes":""},"categories":[1,235,29],"tags":[316,567,474],"class_list":["post-11379","post","type-post","status-publish","format-standard","has-post-thumbnail","hentry","category-general","category-formacio_ins","category-portada","tag-concurs","tag-educacio-viaria","tag-mobilitat"],"post_mailing_queue_ids":[],"_links":{"self":[{"href":"https:\/\/serveiseducatius.xtec.cat\/osona\/wp-json\/wp\/v2\/posts\/11379","targetHints":{"allow":["GET"]}}],"collection":[{"href":"https:\/\/serveiseducatius.xtec.cat\/osona\/wp-json\/wp\/v2\/posts"}],"about":[{"href":"https:\/\/serveiseducatius.xtec.cat\/osona\/wp-json\/wp\/v2\/types\/post"}],"author":[{"embeddable":true,"href":"https:\/\/serveiseducatius.xtec.cat\/osona\/wp-json\/wp\/v2\/users\/1"}],"replies":[{"embeddable":true,"href":"https:\/\/serveiseducatius.xtec.cat\/osona\/wp-json\/wp\/v2\/comments?post=11379"}],"version-history":[{"count":4,"href":"https:\/\/serveiseducatius.xtec.cat\/osona\/wp-json\/wp\/v2\/posts\/11379\/revisions"}],"predecessor-version":[{"id":11387,"href":"https:\/\/serveiseducatius.xtec.cat\/osona\/wp-json\/wp\/v2\/posts\/11379\/revisions\/11387"}],"wp:featuredmedia":[{"embeddable":true,"href":"https:\/\/serveiseducatius.xtec.cat\/osona\/wp-json\/wp\/v2\/media\/11381"}],"wp:attachment":[{"href":"https:\/\/serveiseducatius.xtec.cat\/osona\/wp-json\/wp\/v2\/media?parent=11379"}],"wp:term":[{"taxonomy":"category","embeddable":true,"href":"https:\/\/serveiseducatius.xtec.cat\/osona\/wp-json\/wp\/v2\/categories?post=11379"},{"taxonomy":"post_tag","embeddable":true,"href":"https:\/\/serveiseducatius.xtec.cat\/osona\/wp-json\/wp\/v2\/tags?post=11379"}],"curies":[{"name":"wp","href":"https:\/\/api.w.org\/{rel}","templated":true}]}}