{"id":11340,"date":"2022-10-11T15:54:03","date_gmt":"2022-10-11T13:54:03","guid":{"rendered":"https:\/\/serveiseducatius.xtec.cat\/osona\/?p=11340"},"modified":"2022-10-11T15:54:03","modified_gmt":"2022-10-11T13:54:03","slug":"setmana-bio-2022-taller-dinamitzat-del-camp-a-la-cuina-laventura-de-la-produccio-ecologica","status":"publish","type":"post","link":"https:\/\/serveiseducatius.xtec.cat\/osona\/general\/setmana-bio-2022-taller-dinamitzat-del-camp-a-la-cuina-laventura-de-la-produccio-ecologica\/","title":{"rendered":"Setmana Bio 2022. Taller dinamitzat &#8220;Del camp a la cuina. L&#8217;aventura de la producci\u00f3 ecol\u00f2gica&#8221;"},"content":{"rendered":"<p><a href=\"https:\/\/setmanabio.cat\/\"><img loading=\"lazy\" decoding=\"async\" class=\"alignleft size-medium wp-image-11344\" src=\"https:\/\/serveiseducatius.xtec.cat\/osona\/wp-content\/uploads\/usu1175\/2022\/10\/image006-300x108.jpg\" alt=\"\" width=\"300\" height=\"108\" srcset=\"https:\/\/serveiseducatius.xtec.cat\/osona\/wp-content\/uploads\/usu1175\/2022\/10\/image006-300x108.jpg 300w, https:\/\/serveiseducatius.xtec.cat\/osona\/wp-content\/uploads\/usu1175\/2022\/10\/image006.jpg 533w\" sizes=\"auto, (max-width: 300px) 100vw, 300px\" \/><\/a><\/p>\n<p>L\u2019edici\u00f3 d\u2019enguany de la Setmana Bio s\u2019han fet uns tallers dinamitzats sobre l\u2019<a href=\"http:\/\/album.setmanabio.cat\/\" data-saferedirecturl=\"https:\/\/www.google.com\/url?q=http:\/\/album.setmanabio.cat\/&amp;source=gmail&amp;ust=1665579752647000&amp;usg=AOvVaw1oI6wvWEFq3DhUmHN-gJMd\">\u00e0lbum interactiu<\/a>: \u201cDel camp a la cuina. L\u2019aventura de la producci\u00f3 ecol\u00f2gica\u201d.<\/p>\n<p style=\"font-weight: 400;\">\u00c9s el primer any que es fa aquest tipus de dinamitzaci\u00f3, ha estat una prova pilot i s\u2019ha destinat pressupost per a fer 20 tallers d\u2019aquests tipus a tot Catalunya.\u00a0 De forma general s\u2019ha previst que els tallers acullin un grup-classe d&#8217;uns 25 alumnes, de prim\u00e0ria (6 a 12 anys) i tinguin una durada d\u20191h-1h20\u2019. La dinamitzaci\u00f3 i organitzaci\u00f3 dels tallers anir\u00e0 a c\u00e0rrec de l\u2019entitat\u00a0<a href=\"https:\/\/meleducacioambiental.cat\/\" data-saferedirecturl=\"https:\/\/www.google.com\/url?q=https:\/\/meleducacioambiental.cat\/&amp;source=gmail&amp;ust=1665579752647000&amp;usg=AOvVaw3--RDAanN-bsQlyvk_bSrN\">MEL educaci\u00f3 ambiental<\/a>.<\/p>\n<p style=\"font-weight: 400;\">Si voleu saber m\u00e9s informaci\u00f3 sobre la resta d\u2019activitats, podeu fer una ullada a les\u00a0<a href=\"https:\/\/setmanabio.cat\/\" data-saferedirecturl=\"https:\/\/www.google.com\/url?q=https:\/\/setmanabio.cat\/&amp;source=gmail&amp;ust=1665579752647000&amp;usg=AOvVaw0wrLcS_DrpMnXznUui8KL3\">activitats escolars<\/a>\u00a0que hi ha actualment inscrites.<\/p>\n<p style=\"font-weight: 400;\">Fins al dia <a href=\"https:\/\/setmanabio.cat\/\"><strong><u>14 d\u2019octubre<\/u><\/strong><\/a>\u00a0es poden fer noves inscripcions.<\/p>\n","protected":false},"excerpt":{"rendered":"<p>L\u2019edici\u00f3 d\u2019enguany de la Setmana Bio s\u2019han fet uns tallers dinamitzats sobre l\u2019\u00e0lbum interactiu: \u201cDel camp a la cuina. L\u2019aventura [&hellip;]<\/p>\n","protected":false},"author":1,"featured_media":11344,"comment_status":"closed","ping_status":"closed","sticky":false,"template":"","format":"standard","meta":{"_bbp_topic_count":0,"_bbp_reply_count":0,"_bbp_total_topic_count":0,"_bbp_total_reply_count":0,"_bbp_voice_count":0,"_bbp_anonymous_reply_count":0,"_bbp_topic_count_hidden":0,"_bbp_reply_count_hidden":0,"_bbp_forum_subforum_count":0,"site-sidebar-layout":"default","site-content-layout":"","ast-site-content-layout":"","site-content-style":"default","site-sidebar-style":"default","ast-global-header-display":"","ast-banner-title-visibility":"","ast-main-header-display":"","ast-hfb-above-header-display":"","ast-hfb-below-header-display":"","ast-hfb-mobile-header-display":"","site-post-title":"","ast-breadcrumbs-content":"","ast-featured-img":"","footer-sml-layout":"","theme-transparent-header-meta":"","adv-header-id-meta":"","stick-header-meta":"","header-above-stick-meta":"","header-main-stick-meta":"","header-below-stick-meta":"","astra-migrate-meta-layouts":"default","ast-page-background-enabled":"default","ast-page-background-meta":{"desktop":{"background-color":"var(--ast-global-color-4)","background-image":"","background-repeat":"repeat","background-position":"center center","background-size":"auto","background-attachment":"scroll","background-type":"","background-media":"","overlay-type":"","overlay-color":"","overlay-opacity":"","overlay-gradient":""},"tablet":{"background-color":"","background-image":"","background-repeat":"repeat","background-position":"center center","background-size":"auto","background-attachment":"scroll","background-type":"","background-media":"","overlay-type":"","overlay-color":"","overlay-opacity":"","overlay-gradient":""},"mobile":{"background-color":"","background-image":"","background-repeat":"repeat","background-position":"center center","background-size":"auto","background-attachment":"scroll","background-type":"","background-media":"","overlay-type":"","overlay-color":"","overlay-opacity":"","overlay-gradient":""}},"ast-content-background-meta":{"desktop":{"background-color":"var(--ast-global-color-5)","background-image":"","background-repeat":"repeat","background-position":"center center","background-size":"auto","background-attachment":"scroll","background-type":"","background-media":"","overlay-type":"","overlay-color":"","overlay-opacity":"","overlay-gradient":""},"tablet":{"background-color":"var(--ast-global-color-5)","background-image":"","background-repeat":"repeat","background-position":"center center","background-size":"auto","background-attachment":"scroll","background-type":"","background-media":"","overlay-type":"","overlay-color":"","overlay-opacity":"","overlay-gradient":""},"mobile":{"background-color":"var(--ast-global-color-5)","background-image":"","background-repeat":"repeat","background-position":"center center","background-size":"auto","background-attachment":"scroll","background-type":"","background-media":"","overlay-type":"","overlay-color":"","overlay-opacity":"","overlay-gradient":""}},"footnotes":""},"categories":[65,364,265,1,235,29,76,333],"tags":[349,490],"class_list":["post-11340","post","type-post","status-publish","format-standard","has-post-thumbnail","hentry","category-crp","category-edamb","category-escoles-verdes-2","category-general","category-formacio_ins","category-portada","category-recursos","category-recursos-del-territori","tag-medi","tag-setmana-bio"],"post_mailing_queue_ids":[],"_links":{"self":[{"href":"https:\/\/serveiseducatius.xtec.cat\/osona\/wp-json\/wp\/v2\/posts\/11340","targetHints":{"allow":["GET"]}}],"collection":[{"href":"https:\/\/serveiseducatius.xtec.cat\/osona\/wp-json\/wp\/v2\/posts"}],"about":[{"href":"https:\/\/serveiseducatius.xtec.cat\/osona\/wp-json\/wp\/v2\/types\/post"}],"author":[{"embeddable":true,"href":"https:\/\/serveiseducatius.xtec.cat\/osona\/wp-json\/wp\/v2\/users\/1"}],"replies":[{"embeddable":true,"href":"https:\/\/serveiseducatius.xtec.cat\/osona\/wp-json\/wp\/v2\/comments?post=11340"}],"version-history":[{"count":3,"href":"https:\/\/serveiseducatius.xtec.cat\/osona\/wp-json\/wp\/v2\/posts\/11340\/revisions"}],"predecessor-version":[{"id":11348,"href":"https:\/\/serveiseducatius.xtec.cat\/osona\/wp-json\/wp\/v2\/posts\/11340\/revisions\/11348"}],"wp:featuredmedia":[{"embeddable":true,"href":"https:\/\/serveiseducatius.xtec.cat\/osona\/wp-json\/wp\/v2\/media\/11344"}],"wp:attachment":[{"href":"https:\/\/serveiseducatius.xtec.cat\/osona\/wp-json\/wp\/v2\/media?parent=11340"}],"wp:term":[{"taxonomy":"category","embeddable":true,"href":"https:\/\/serveiseducatius.xtec.cat\/osona\/wp-json\/wp\/v2\/categories?post=11340"},{"taxonomy":"post_tag","embeddable":true,"href":"https:\/\/serveiseducatius.xtec.cat\/osona\/wp-json\/wp\/v2\/tags?post=11340"}],"curies":[{"name":"wp","href":"https:\/\/api.w.org\/{rel}","templated":true}]}}