{"id":11138,"date":"2022-06-07T10:31:29","date_gmt":"2022-06-07T08:31:29","guid":{"rendered":"https:\/\/serveiseducatius.xtec.cat\/osona\/?p=11138"},"modified":"2022-06-07T10:31:29","modified_gmt":"2022-06-07T08:31:29","slug":"biblioteca-virtual-dpt-educacio-maig-22","status":"publish","type":"post","link":"https:\/\/serveiseducatius.xtec.cat\/osona\/general\/biblioteca-virtual-dpt-educacio-maig-22\/","title":{"rendered":"Biblioteca virtual Dpt. Educaci\u00f3 &#8211; Maig 22."},"content":{"rendered":"<div><b>Maig 2022<\/b><\/div>\n<div dir=\"ltr\">\n<div dir=\"ltr\">\n<div lang=\"CA\">\n<div>\n<p>&nbsp;<\/p>\n<div>\n<p><a href=\"https:\/\/serveiseducatius.xtec.cat\/osona\/wp-content\/uploads\/usu1175\/2022\/06\/biblioteca-virtual.jpg\"><img loading=\"lazy\" decoding=\"async\" class=\"aligncenter size-full wp-image-11154\" src=\"https:\/\/serveiseducatius.xtec.cat\/osona\/wp-content\/uploads\/usu1175\/2022\/06\/biblioteca-virtual.jpg\" alt=\"\" width=\"295\" height=\"163\" \/><\/a><\/p>\n<p>&nbsp;<\/p>\n<p>Benvolgudes i benvolguts lectors,<\/p>\n<p>&nbsp;<\/p>\n<p><span id=\"m_5727434519402695676x_x_\ud83c\udfaf\"><img decoding=\"async\" class=\"an1\" src=\"https:\/\/fonts.gstatic.com\/s\/e\/notoemoji\/14.0\/1f3af\/72.png\" alt=\"\ud83c\udfaf\" data-emoji=\"\ud83c\udfaf\" aria-label=\"\ud83c\udfaf\" \/><\/span>\u00a0Ja teniu aqu\u00ed les revistes rebudes a la <span class=\"il\">Biblioteca<\/span> del Departament d\u2019Educaci\u00f3.<\/p>\n<p>&nbsp;<\/p>\n<p><span id=\"m_5727434519402695676x_x_\ud83c\udf10\"><img decoding=\"async\" class=\"an1\" src=\"https:\/\/fonts.gstatic.com\/s\/e\/notoemoji\/14.0\/1f310\/72.png\" alt=\"\ud83c\udf10\" data-emoji=\"\ud83c\udf10\" aria-label=\"\ud83c\udf10\" \/><\/span>\u00a0S\u00f3n totes accessibles en l\u00ednia, algunes gratu\u00eftes i d&#8217;altres que requereixen <a title=\"https:\/\/espai.educacio.gencat.cat\/Recursos\/Biblioteca\/Biblioteca-virtual\/Revistes-electroniques\/Pagines\/default.aspx\" href=\"https:\/\/eur03.safelinks.protection.outlook.com\/?url=https%3A%2F%2Fespai.educacio.gencat.cat%2FRecursos%2FBiblioteca%2FBiblioteca-virtual%2FRevistes-electroniques%2FPagines%2Fdefault.aspx&amp;data=05%7C01%7Cbiblioteca.educacio%40gencat.cat%7C75d288ad7c234cb8bfb908da3eee8a61%7C3b9427dcd30e43bc8c06ff7253676fec%7C1%7C0%7C637891491480677589%7CUnknown%7CTWFpbGZsb3d8eyJWIjoiMC4wLjAwMDAiLCJQIjoiV2luMzIiLCJBTiI6Ik1haWwiLCJXVCI6Mn0%3D%7C3000%7C%7C%7C&amp;sdata=4qPkXKXKBThkOq2%2F07RSEuuXB9tOszwqjVaFV0Dc6IA%3D&amp;reserved=0\" target=\"_blank\" rel=\"noopener\" data-saferedirecturl=\"https:\/\/www.google.com\/url?q=https:\/\/eur03.safelinks.protection.outlook.com\/?url%3Dhttps%253A%252F%252Fespai.educacio.gencat.cat%252FRecursos%252FBiblioteca%252FBiblioteca-virtual%252FRevistes-electroniques%252FPagines%252Fdefault.aspx%26data%3D05%257C01%257Cbiblioteca.educacio%2540gencat.cat%257C75d288ad7c234cb8bfb908da3eee8a61%257C3b9427dcd30e43bc8c06ff7253676fec%257C1%257C0%257C637891491480677589%257CUnknown%257CTWFpbGZsb3d8eyJWIjoiMC4wLjAwMDAiLCJQIjoiV2luMzIiLCJBTiI6Ik1haWwiLCJXVCI6Mn0%253D%257C3000%257C%257C%257C%26sdata%3D4qPkXKXKBThkOq2%252F07RSEuuXB9tOszwqjVaFV0Dc6IA%253D%26reserved%3D0&amp;source=gmail&amp;ust=1654672493565000&amp;usg=AOvVaw3JauoffbXXD3msmTZKpslS\">claus d&#8217;acc\u00e9s<\/a>.<\/p>\n<p>&nbsp;<\/p>\n<p>&nbsp;<\/p>\n<table id=\"m_5727434519402695676x_x_x_x_x_x_x_tableSelected0\" style=\"width: 62.8385%; height: 1364px;\" border=\"0\" width=\"0\" cellspacing=\"0\" cellpadding=\"0\">\n<tbody>\n<tr style=\"height: 109px;\">\n<td style=\"height: 109px;\" width=\"167\"><a href=\"https:\/\/serveiseducatius.xtec.cat\/osona\/wp-content\/uploads\/usu1175\/2022\/06\/aula-de-secundaria.jpg\"><img loading=\"lazy\" decoding=\"async\" class=\"aligncenter size-medium wp-image-11146\" src=\"https:\/\/serveiseducatius.xtec.cat\/osona\/wp-content\/uploads\/usu1175\/2022\/06\/aula-de-secundaria-300x156.jpg\" alt=\"\" width=\"300\" height=\"156\" srcset=\"https:\/\/serveiseducatius.xtec.cat\/osona\/wp-content\/uploads\/usu1175\/2022\/06\/aula-de-secundaria-300x156.jpg 300w, https:\/\/serveiseducatius.xtec.cat\/osona\/wp-content\/uploads\/usu1175\/2022\/06\/aula-de-secundaria-1024x533.jpg 1024w, https:\/\/serveiseducatius.xtec.cat\/osona\/wp-content\/uploads\/usu1175\/2022\/06\/aula-de-secundaria-768x400.jpg 768w, https:\/\/serveiseducatius.xtec.cat\/osona\/wp-content\/uploads\/usu1175\/2022\/06\/aula-de-secundaria.jpg 1334w\" sizes=\"auto, (max-width: 300px) 100vw, 300px\" \/><\/a><\/td>\n<td style=\"height: 109px;\" width=\"702\"><a title=\"https:\/\/cat.grao.com\/ca\/producte\/revista-aula-sec-046-mayo-22-lomloe-y-modernizacion-del-curriculo-de-secundaria-as046\" href=\"https:\/\/eur03.safelinks.protection.outlook.com\/?url=https%3A%2F%2Fcat.grao.com%2Fca%2Fproducte%2Frevista-aula-sec-046-mayo-22-lomloe-y-modernizacion-del-curriculo-de-secundaria-as046&amp;data=05%7C01%7Cbiblioteca.educacio%40gencat.cat%7C75d288ad7c234cb8bfb908da3eee8a61%7C3b9427dcd30e43bc8c06ff7253676fec%7C1%7C0%7C637891491480677589%7CUnknown%7CTWFpbGZsb3d8eyJWIjoiMC4wLjAwMDAiLCJQIjoiV2luMzIiLCJBTiI6Ik1haWwiLCJXVCI6Mn0%3D%7C3000%7C%7C%7C&amp;sdata=TVi2BCWObSw1WCRqAv%2FU8T%2F98bXdZp3dqbESgrLfjuk%3D&amp;reserved=0\" target=\"_blank\" rel=\"noopener\" data-saferedirecturl=\"https:\/\/www.google.com\/url?q=https:\/\/eur03.safelinks.protection.outlook.com\/?url%3Dhttps%253A%252F%252Fcat.grao.com%252Fca%252Fproducte%252Frevista-aula-sec-046-mayo-22-lomloe-y-modernizacion-del-curriculo-de-secundaria-as046%26data%3D05%257C01%257Cbiblioteca.educacio%2540gencat.cat%257C75d288ad7c234cb8bfb908da3eee8a61%257C3b9427dcd30e43bc8c06ff7253676fec%257C1%257C0%257C637891491480677589%257CUnknown%257CTWFpbGZsb3d8eyJWIjoiMC4wLjAwMDAiLCJQIjoiV2luMzIiLCJBTiI6Ik1haWwiLCJXVCI6Mn0%253D%257C3000%257C%257C%257C%26sdata%3DTVi2BCWObSw1WCRqAv%252FU8T%252F98bXdZp3dqbESgrLfjuk%253D%26reserved%3D0&amp;source=gmail&amp;ust=1654672493565000&amp;usg=AOvVaw2Jx-3ZUJxMVmJR-rnyZXgg\">LOMLOE y modernizaci\u00f3n del curr\u00edculo de secundaria<\/a><br \/>\nAula de secundaria, 46, mai-jun. 2022<\/td>\n<\/tr>\n<tr style=\"height: 105px;\">\n<td style=\"height: 105px;\" width=\"167\">\n<div>\n<div>\n<p><a href=\"https:\/\/serveiseducatius.xtec.cat\/osona\/wp-content\/uploads\/usu1175\/2022\/06\/image001.jpg\"><img loading=\"lazy\" decoding=\"async\" class=\"aligncenter size-medium wp-image-11147\" src=\"https:\/\/serveiseducatius.xtec.cat\/osona\/wp-content\/uploads\/usu1175\/2022\/06\/image001.jpg\" alt=\"\" width=\"102\" height=\"48\" \/><\/a><\/p>\n<\/div>\n<\/div>\n<\/td>\n<td style=\"height: 105px;\" width=\"702\">\n<div>\n<p><a title=\"https:\/\/www.revistaclij.com\/tienda2\/revista\/clij-307-digital-mayo-junio-2022\/\" href=\"https:\/\/eur03.safelinks.protection.outlook.com\/?url=https%3A%2F%2Fwww.revistaclij.com%2Ftienda2%2Frevista%2Fclij-307-digital-mayo-junio-2022%2F&amp;data=05%7C01%7Cbiblioteca.educacio%40gencat.cat%7C75d288ad7c234cb8bfb908da3eee8a61%7C3b9427dcd30e43bc8c06ff7253676fec%7C1%7C0%7C637891491480833828%7CUnknown%7CTWFpbGZsb3d8eyJWIjoiMC4wLjAwMDAiLCJQIjoiV2luMzIiLCJBTiI6Ik1haWwiLCJXVCI6Mn0%3D%7C3000%7C%7C%7C&amp;sdata=oI294o8MYRLHZLGEV8vFc2Y2Qz3U0JiJ43rv1uupJ8A%3D&amp;reserved=0\" target=\"_blank\" rel=\"noopener\" data-saferedirecturl=\"https:\/\/www.google.com\/url?q=https:\/\/eur03.safelinks.protection.outlook.com\/?url%3Dhttps%253A%252F%252Fwww.revistaclij.com%252Ftienda2%252Frevista%252Fclij-307-digital-mayo-junio-2022%252F%26data%3D05%257C01%257Cbiblioteca.educacio%2540gencat.cat%257C75d288ad7c234cb8bfb908da3eee8a61%257C3b9427dcd30e43bc8c06ff7253676fec%257C1%257C0%257C637891491480833828%257CUnknown%257CTWFpbGZsb3d8eyJWIjoiMC4wLjAwMDAiLCJQIjoiV2luMzIiLCJBTiI6Ik1haWwiLCJXVCI6Mn0%253D%257C3000%257C%257C%257C%26sdata%3DoI294o8MYRLHZLGEV8vFc2Y2Qz3U0JiJ43rv1uupJ8A%253D%26reserved%3D0&amp;source=gmail&amp;ust=1654672493565000&amp;usg=AOvVaw3Nz6pUmEELBx-sLnWi5m47\">Los 100 mejores libros del a\u00f1o<\/a><\/p>\n<\/div>\n<div>\n<p>CLIJ, 307, mai.-jun. 2022<\/p>\n<\/div>\n<\/td>\n<\/tr>\n<tr style=\"height: 100px;\">\n<td style=\"height: 100px;\" width=\"167\">\n<div>\n<p><a href=\"https:\/\/serveiseducatius.xtec.cat\/osona\/wp-content\/uploads\/usu1175\/2022\/06\/image002.jpg\"><img loading=\"lazy\" decoding=\"async\" class=\"aligncenter size-medium wp-image-11148\" src=\"https:\/\/serveiseducatius.xtec.cat\/osona\/wp-content\/uploads\/usu1175\/2022\/06\/image002.jpg\" alt=\"\" width=\"102\" height=\"43\" \/><\/a><\/p>\n<\/div>\n<\/td>\n<td style=\"height: 100px;\" width=\"702\">\n<div>\n<p><a title=\"https:\/\/www.cuadernosdepedagogia.com\/Content\/Inicio.aspx\" href=\"https:\/\/eur03.safelinks.protection.outlook.com\/?url=https%3A%2F%2Fwww.cuadernosdepedagogia.com%2FContent%2FInicio.aspx&amp;data=05%7C01%7Cbiblioteca.educacio%40gencat.cat%7C75d288ad7c234cb8bfb908da3eee8a61%7C3b9427dcd30e43bc8c06ff7253676fec%7C1%7C0%7C637891491480833828%7CUnknown%7CTWFpbGZsb3d8eyJWIjoiMC4wLjAwMDAiLCJQIjoiV2luMzIiLCJBTiI6Ik1haWwiLCJXVCI6Mn0%3D%7C3000%7C%7C%7C&amp;sdata=KbBad3ISA0VAOyIJ%2Begzzmze01AWJslyf3PQvWub4b8%3D&amp;reserved=0\" target=\"_blank\" rel=\"noopener\" data-saferedirecturl=\"https:\/\/www.google.com\/url?q=https:\/\/eur03.safelinks.protection.outlook.com\/?url%3Dhttps%253A%252F%252Fwww.cuadernosdepedagogia.com%252FContent%252FInicio.aspx%26data%3D05%257C01%257Cbiblioteca.educacio%2540gencat.cat%257C75d288ad7c234cb8bfb908da3eee8a61%257C3b9427dcd30e43bc8c06ff7253676fec%257C1%257C0%257C637891491480833828%257CUnknown%257CTWFpbGZsb3d8eyJWIjoiMC4wLjAwMDAiLCJQIjoiV2luMzIiLCJBTiI6Ik1haWwiLCJXVCI6Mn0%253D%257C3000%257C%257C%257C%26sdata%3DKbBad3ISA0VAOyIJ%252Begzzmze01AWJslyf3PQvWub4b8%253D%26reserved%3D0&amp;source=gmail&amp;ust=1654672493565000&amp;usg=AOvVaw1LQypZO9s5nZd74_QPBPLh\">La belleza de las matem\u00e1ticas<\/a><\/p>\n<\/div>\n<p>Cuadernos de pedagog\u00eda, 531, mai. 2022<\/td>\n<\/tr>\n<tr style=\"height: 105px;\">\n<td style=\"height: 105px;\" width=\"167\">\n<div>\n<p><a href=\"https:\/\/serveiseducatius.xtec.cat\/osona\/wp-content\/uploads\/usu1175\/2022\/06\/image003.jpg\"><img loading=\"lazy\" decoding=\"async\" class=\"aligncenter size-medium wp-image-11150\" src=\"https:\/\/serveiseducatius.xtec.cat\/osona\/wp-content\/uploads\/usu1175\/2022\/06\/image003.jpg\" alt=\"\" width=\"106\" height=\"48\" \/><\/a><\/p>\n<\/div>\n<\/td>\n<td style=\"height: 105px;\" width=\"702\"><a title=\"https:\/\/revistas.uma.es\/index.php\/revistaISL\/issue\/view\/901\" href=\"https:\/\/eur03.safelinks.protection.outlook.com\/?url=https%3A%2F%2Frevistas.uma.es%2Findex.php%2FrevistaISL%2Fissue%2Fview%2F901&amp;data=05%7C01%7Cbiblioteca.educacio%40gencat.cat%7C75d288ad7c234cb8bfb908da3eee8a61%7C3b9427dcd30e43bc8c06ff7253676fec%7C1%7C0%7C637891491480833828%7CUnknown%7CTWFpbGZsb3d8eyJWIjoiMC4wLjAwMDAiLCJQIjoiV2luMzIiLCJBTiI6Ik1haWwiLCJXVCI6Mn0%3D%7C3000%7C%7C%7C&amp;sdata=ANr0FZtNretyh89VX5zG530e79vjXYh43GPLejUWjzI%3D&amp;reserved=0\" target=\"_blank\" rel=\"noopener\" data-saferedirecturl=\"https:\/\/www.google.com\/url?q=https:\/\/eur03.safelinks.protection.outlook.com\/?url%3Dhttps%253A%252F%252Frevistas.uma.es%252Findex.php%252FrevistaISL%252Fissue%252Fview%252F901%26data%3D05%257C01%257Cbiblioteca.educacio%2540gencat.cat%257C75d288ad7c234cb8bfb908da3eee8a61%257C3b9427dcd30e43bc8c06ff7253676fec%257C1%257C0%257C637891491480833828%257CUnknown%257CTWFpbGZsb3d8eyJWIjoiMC4wLjAwMDAiLCJQIjoiV2luMzIiLCJBTiI6Ik1haWwiLCJXVCI6Mn0%253D%257C3000%257C%257C%257C%26sdata%3DANr0FZtNretyh89VX5zG530e79vjXYh43GPLejUWjzI%253D%26reserved%3D0&amp;source=gmail&amp;ust=1654672493565000&amp;usg=AOvVaw1usP3BHKzC_53f9wEJ-tCJ\">El pensamiento cr\u00edtico aplicado a &#8220;El Lazarillo de Tormes&#8221; a trav\u00e9s del debate en 3\u00ba de la ESO<\/a><\/p>\n<p>Investigaciones sobre lectura, 16, 2021<\/td>\n<\/tr>\n<tr style=\"height: 101px;\">\n<td style=\"height: 101px;\" width=\"167\">\n<div>\n<p><a href=\"https:\/\/serveiseducatius.xtec.cat\/osona\/wp-content\/uploads\/usu1175\/2022\/06\/image004.png\"><img loading=\"lazy\" decoding=\"async\" class=\"aligncenter size-medium wp-image-11151\" src=\"https:\/\/serveiseducatius.xtec.cat\/osona\/wp-content\/uploads\/usu1175\/2022\/06\/image004.png\" alt=\"\" width=\"119\" height=\"44\" \/><\/a><\/p>\n<\/div>\n<\/td>\n<td style=\"height: 101px;\" width=\"702\">\n<div>\n<div>\n<p><a title=\"https:\/\/cat.grao.com\/ca\/producte\/revista-forum-57-gener-22-la-formacio-professional-fo057\" href=\"https:\/\/eur03.safelinks.protection.outlook.com\/?url=https%3A%2F%2Fcat.grao.com%2Fca%2Fproducte%2Frevista-forum-57-gener-22-la-formacio-professional-fo057&amp;data=05%7C01%7Cbiblioteca.educacio%40gencat.cat%7C75d288ad7c234cb8bfb908da3eee8a61%7C3b9427dcd30e43bc8c06ff7253676fec%7C1%7C0%7C637891491480833828%7CUnknown%7CTWFpbGZsb3d8eyJWIjoiMC4wLjAwMDAiLCJQIjoiV2luMzIiLCJBTiI6Ik1haWwiLCJXVCI6Mn0%3D%7C3000%7C%7C%7C&amp;sdata=KX1albwayYMJj1kZCfl7ET5Ec1CSt1%2BtCybtK%2FPQBFE%3D&amp;reserved=0\" target=\"_blank\" rel=\"noopener\" data-saferedirecturl=\"https:\/\/www.google.com\/url?q=https:\/\/eur03.safelinks.protection.outlook.com\/?url%3Dhttps%253A%252F%252Fcat.grao.com%252Fca%252Fproducte%252Frevista-forum-57-gener-22-la-formacio-professional-fo057%26data%3D05%257C01%257Cbiblioteca.educacio%2540gencat.cat%257C75d288ad7c234cb8bfb908da3eee8a61%257C3b9427dcd30e43bc8c06ff7253676fec%257C1%257C0%257C637891491480833828%257CUnknown%257CTWFpbGZsb3d8eyJWIjoiMC4wLjAwMDAiLCJQIjoiV2luMzIiLCJBTiI6Ik1haWwiLCJXVCI6Mn0%253D%257C3000%257C%257C%257C%26sdata%3DKX1albwayYMJj1kZCfl7ET5Ec1CSt1%252BtCybtK%252FPQBFE%253D%26reserved%3D0&amp;source=gmail&amp;ust=1654672493565000&amp;usg=AOvVaw2CEaw9evux_uYYyuWNdDs2\">La Formaci\u00f3 Professional<\/a><\/p>\n<\/div>\n<\/div>\n<p>F\u00f2rum, 57, gen.-abr. 2022<\/td>\n<\/tr>\n<tr style=\"height: 105px;\">\n<td style=\"height: 105px;\" width=\"167\">\n<div>\n<p><a href=\"https:\/\/serveiseducatius.xtec.cat\/osona\/wp-content\/uploads\/usu1175\/2022\/06\/image005.jpg\"><img loading=\"lazy\" decoding=\"async\" class=\"aligncenter size-medium wp-image-11152\" src=\"https:\/\/serveiseducatius.xtec.cat\/osona\/wp-content\/uploads\/usu1175\/2022\/06\/image005.jpg\" alt=\"\" width=\"120\" height=\"48\" \/><\/a><\/p>\n<\/div>\n<\/td>\n<td style=\"height: 105px;\" width=\"702\"><a title=\"https:\/\/cat.grao.com\/ca\/producte\/revista-guix-488-maig-22-nou-curriculum-gu488\" href=\"https:\/\/eur03.safelinks.protection.outlook.com\/?url=https%3A%2F%2Fcat.grao.com%2Fca%2Fproducte%2Frevista-guix-488-maig-22-nou-curriculum-gu488&amp;data=05%7C01%7Cbiblioteca.educacio%40gencat.cat%7C75d288ad7c234cb8bfb908da3eee8a61%7C3b9427dcd30e43bc8c06ff7253676fec%7C1%7C0%7C637891491480833828%7CUnknown%7CTWFpbGZsb3d8eyJWIjoiMC4wLjAwMDAiLCJQIjoiV2luMzIiLCJBTiI6Ik1haWwiLCJXVCI6Mn0%3D%7C3000%7C%7C%7C&amp;sdata=Tw89fSAao539VSJqQoGRilZDN28%2BlYCWWTnj%2F7mF7eQ%3D&amp;reserved=0\" target=\"_blank\" rel=\"noopener\" data-saferedirecturl=\"https:\/\/www.google.com\/url?q=https:\/\/eur03.safelinks.protection.outlook.com\/?url%3Dhttps%253A%252F%252Fcat.grao.com%252Fca%252Fproducte%252Frevista-guix-488-maig-22-nou-curriculum-gu488%26data%3D05%257C01%257Cbiblioteca.educacio%2540gencat.cat%257C75d288ad7c234cb8bfb908da3eee8a61%257C3b9427dcd30e43bc8c06ff7253676fec%257C1%257C0%257C637891491480833828%257CUnknown%257CTWFpbGZsb3d8eyJWIjoiMC4wLjAwMDAiLCJQIjoiV2luMzIiLCJBTiI6Ik1haWwiLCJXVCI6Mn0%253D%257C3000%257C%257C%257C%26sdata%3DTw89fSAao539VSJqQoGRilZDN28%252BlYCWWTnj%252F7mF7eQ%253D%26reserved%3D0&amp;source=gmail&amp;ust=1654672493565000&amp;usg=AOvVaw2Bpgl7n5FxIcH3sjYlaX3M\">Nou curr\u00edculum<\/a><\/p>\n<p>Guix, 488, mai. 2022<\/td>\n<\/tr>\n<tr style=\"height: 97px;\">\n<td style=\"height: 97px;\" width=\"167\">\n<div>\n<p><a href=\"https:\/\/serveiseducatius.xtec.cat\/osona\/wp-content\/uploads\/usu1175\/2022\/06\/image006.jpg\"><img loading=\"lazy\" decoding=\"async\" class=\"aligncenter size-full wp-image-11139\" src=\"https:\/\/serveiseducatius.xtec.cat\/osona\/wp-content\/uploads\/usu1175\/2022\/06\/image006.jpg\" alt=\"\" width=\"100\" height=\"63\" \/><\/a><\/p>\n<\/div>\n<\/td>\n<td style=\"height: 97px;\" width=\"702\">\n<div>\n<p><a title=\"https:\/\/cat.grao.com\/ca\/producte\/revista-guix-infantil-114-maig-22-educacio-cientifica-inclusiva-gi114\" href=\"https:\/\/cat.grao.com\/ca\/producte\/revista-guix-infantil-114-maig-22-educacio-cientifica-inclusiva-gi114\" target=\"_blank\" rel=\"noopener\" data-saferedirecturl=\"https:\/\/www.google.com\/url?q=https:\/\/cat.grao.com\/ca\/producte\/revista-guix-infantil-114-maig-22-educacio-cientifica-inclusiva-gi114&amp;source=gmail&amp;ust=1654672493566000&amp;usg=AOvVaw1QvdTqs9v0_-DHfyk0MtX3\">Educaci\u00f3 cient\u00edfica inclusiva<\/a><\/p>\n<\/div>\n<p>Guix d&#8217;infantil, 114, mai. 2022<\/td>\n<\/tr>\n<tr style=\"height: 90px;\">\n<td style=\"height: 90px;\" width=\"167\">\n<div>\n<p><a href=\"https:\/\/serveiseducatius.xtec.cat\/osona\/wp-content\/uploads\/usu1175\/2022\/06\/image007.png\"><img loading=\"lazy\" decoding=\"async\" class=\"aligncenter size-medium wp-image-11140\" src=\"https:\/\/serveiseducatius.xtec.cat\/osona\/wp-content\/uploads\/usu1175\/2022\/06\/image007.png\" alt=\"\" width=\"144\" height=\"33\" \/><\/a><\/p>\n<\/div>\n<\/td>\n<td style=\"height: 90px;\" width=\"702\"><a title=\"https:\/\/www.rosasensat.org\/revista\/infancia-246\/\" href=\"https:\/\/eur03.safelinks.protection.outlook.com\/?url=https%3A%2F%2Fwww.rosasensat.org%2Frevista%2Finfancia-246%2F&amp;data=05%7C01%7Cbiblioteca.educacio%40gencat.cat%7C75d288ad7c234cb8bfb908da3eee8a61%7C3b9427dcd30e43bc8c06ff7253676fec%7C1%7C0%7C637891491480833828%7CUnknown%7CTWFpbGZsb3d8eyJWIjoiMC4wLjAwMDAiLCJQIjoiV2luMzIiLCJBTiI6Ik1haWwiLCJXVCI6Mn0%3D%7C3000%7C%7C%7C&amp;sdata=H0FMUv5T0m1%2FFElA3dTHx629iLXEO2TZrAR3aGgjuZ8%3D&amp;reserved=0\" target=\"_blank\" rel=\"noopener\" data-saferedirecturl=\"https:\/\/www.google.com\/url?q=https:\/\/eur03.safelinks.protection.outlook.com\/?url%3Dhttps%253A%252F%252Fwww.rosasensat.org%252Frevista%252Finfancia-246%252F%26data%3D05%257C01%257Cbiblioteca.educacio%2540gencat.cat%257C75d288ad7c234cb8bfb908da3eee8a61%257C3b9427dcd30e43bc8c06ff7253676fec%257C1%257C0%257C637891491480833828%257CUnknown%257CTWFpbGZsb3d8eyJWIjoiMC4wLjAwMDAiLCJQIjoiV2luMzIiLCJBTiI6Ik1haWwiLCJXVCI6Mn0%253D%257C3000%257C%257C%257C%26sdata%3DH0FMUv5T0m1%252FFElA3dTHx629iLXEO2TZrAR3aGgjuZ8%253D%26reserved%3D0&amp;source=gmail&amp;ust=1654672493566000&amp;usg=AOvVaw2WxTJt3su79JuPtLcoa45a\">Quin aprenentatge per a l&#8217;escola contempor\u00e0nia? Gino Ferri<\/a><br \/>\nIn-fan-ci-a, 246, mai.-jun. 2022<\/td>\n<\/tr>\n<tr style=\"height: 97px;\">\n<td style=\"height: 97px;\" width=\"167\">\n<div>\n<p><a href=\"https:\/\/serveiseducatius.xtec.cat\/osona\/wp-content\/uploads\/usu1175\/2022\/06\/image008.png\"><img loading=\"lazy\" decoding=\"async\" class=\"aligncenter size-medium wp-image-11141\" src=\"https:\/\/serveiseducatius.xtec.cat\/osona\/wp-content\/uploads\/usu1175\/2022\/06\/image008.png\" alt=\"\" width=\"142\" height=\"28\" \/><\/a><\/p>\n<\/div>\n<\/td>\n<td style=\"height: 97px;\" width=\"702\">\n<div>\n<p><a title=\"https:\/\/www.rosasensat.org\/revista\/perspectiva-417-el-catala-a-lescola\/\" href=\"https:\/\/eur03.safelinks.protection.outlook.com\/?url=https%3A%2F%2Fwww.rosasensat.org%2Frevista%2Fperspectiva-417-el-catala-a-lescola%2F&amp;data=05%7C01%7Cbiblioteca.educacio%40gencat.cat%7C75d288ad7c234cb8bfb908da3eee8a61%7C3b9427dcd30e43bc8c06ff7253676fec%7C1%7C0%7C637891491480833828%7CUnknown%7CTWFpbGZsb3d8eyJWIjoiMC4wLjAwMDAiLCJQIjoiV2luMzIiLCJBTiI6Ik1haWwiLCJXVCI6Mn0%3D%7C3000%7C%7C%7C&amp;sdata=JpRldOlDP8rN3la%2B8L3eoTJyxMheoT%2BAUNkPK5QwiC4%3D&amp;reserved=0\" target=\"_blank\" rel=\"noopener\" data-saferedirecturl=\"https:\/\/www.google.com\/url?q=https:\/\/eur03.safelinks.protection.outlook.com\/?url%3Dhttps%253A%252F%252Fwww.rosasensat.org%252Frevista%252Fperspectiva-417-el-catala-a-lescola%252F%26data%3D05%257C01%257Cbiblioteca.educacio%2540gencat.cat%257C75d288ad7c234cb8bfb908da3eee8a61%257C3b9427dcd30e43bc8c06ff7253676fec%257C1%257C0%257C637891491480833828%257CUnknown%257CTWFpbGZsb3d8eyJWIjoiMC4wLjAwMDAiLCJQIjoiV2luMzIiLCJBTiI6Ik1haWwiLCJXVCI6Mn0%253D%257C3000%257C%257C%257C%26sdata%3DJpRldOlDP8rN3la%252B8L3eoTJyxMheoT%252BAUNkPK5QwiC4%253D%26reserved%3D0&amp;source=gmail&amp;ust=1654672493566000&amp;usg=AOvVaw2XvrJPdY6zd9--0zLLUILe\">El catal\u00e0 a l&#8217;escola<\/a><\/p>\n<\/div>\n<p>Perspectiva escolar, 417, mai.-ago. 2022<\/td>\n<\/tr>\n<tr style=\"height: 145px;\">\n<td style=\"height: 145px;\" width=\"167\">\n<div>\n<p><a href=\"https:\/\/serveiseducatius.xtec.cat\/osona\/wp-content\/uploads\/usu1175\/2022\/06\/image009.png\"><img loading=\"lazy\" decoding=\"async\" class=\"aligncenter size-medium wp-image-11142\" src=\"https:\/\/serveiseducatius.xtec.cat\/osona\/wp-content\/uploads\/usu1175\/2022\/06\/image009.png\" alt=\"\" width=\"108\" height=\"65\" \/><\/a><\/p>\n<\/div>\n<\/td>\n<td style=\"height: 145px;\" width=\"702\">\n<div>\n<p><a title=\"https:\/\/revistas.usal.es\/index.php\/0210-1696\/issue\/view\/scero2022531\" href=\"https:\/\/eur03.safelinks.protection.outlook.com\/?url=https%3A%2F%2Frevistas.usal.es%2Findex.php%2F0210-1696%2Fissue%2Fview%2Fscero2022531&amp;data=05%7C01%7Cbiblioteca.educacio%40gencat.cat%7C75d288ad7c234cb8bfb908da3eee8a61%7C3b9427dcd30e43bc8c06ff7253676fec%7C1%7C0%7C637891491480833828%7CUnknown%7CTWFpbGZsb3d8eyJWIjoiMC4wLjAwMDAiLCJQIjoiV2luMzIiLCJBTiI6Ik1haWwiLCJXVCI6Mn0%3D%7C3000%7C%7C%7C&amp;sdata=8ngNWR2NChupOmWHgo3WZS8XpFqC1kyJoljMxYT118I%3D&amp;reserved=0\" target=\"_blank\" rel=\"noopener\" data-saferedirecturl=\"https:\/\/www.google.com\/url?q=https:\/\/eur03.safelinks.protection.outlook.com\/?url%3Dhttps%253A%252F%252Frevistas.usal.es%252Findex.php%252F0210-1696%252Fissue%252Fview%252Fscero2022531%26data%3D05%257C01%257Cbiblioteca.educacio%2540gencat.cat%257C75d288ad7c234cb8bfb908da3eee8a61%257C3b9427dcd30e43bc8c06ff7253676fec%257C1%257C0%257C637891491480833828%257CUnknown%257CTWFpbGZsb3d8eyJWIjoiMC4wLjAwMDAiLCJQIjoiV2luMzIiLCJBTiI6Ik1haWwiLCJXVCI6Mn0%253D%257C3000%257C%257C%257C%26sdata%3D8ngNWR2NChupOmWHgo3WZS8XpFqC1kyJoljMxYT118I%253D%26reserved%3D0&amp;source=gmail&amp;ust=1654672493566000&amp;usg=AOvVaw1a53D0BH1Rb5irybZtVqQD\">An\u00e1lisis y conclusiones en torno a la evaluaci\u00f3n de menores con trastorno de espectro autista<\/a><\/p>\n<\/div>\n<p>Siglo Cero, 53(1), 2022<\/td>\n<\/tr>\n<tr style=\"height: 98px;\">\n<td style=\"height: 98px;\" width=\"167\">\n<div>\n<p><a href=\"https:\/\/serveiseducatius.xtec.cat\/osona\/wp-content\/uploads\/usu1175\/2022\/06\/image010.png\"><img loading=\"lazy\" decoding=\"async\" class=\"aligncenter size-medium wp-image-11143\" src=\"https:\/\/serveiseducatius.xtec.cat\/osona\/wp-content\/uploads\/usu1175\/2022\/06\/image010.png\" alt=\"\" width=\"144\" height=\"41\" \/><\/a><\/p>\n<\/div>\n<\/td>\n<td style=\"height: 98px;\" width=\"702\"><a title=\"https:\/\/lsc-pagepro.mydigitalpublication.com\/publication\/?i=746519&amp;p=1&amp;view=issueViewer\" href=\"https:\/\/eur03.safelinks.protection.outlook.com\/?url=https%3A%2F%2Flsc-pagepro.mydigitalpublication.com%2Fpublication%2F%3Fi%3D746519%26p%3D1%26view%3DissueViewer&amp;data=05%7C01%7Cbiblioteca.educacio%40gencat.cat%7C75d288ad7c234cb8bfb908da3eee8a61%7C3b9427dcd30e43bc8c06ff7253676fec%7C1%7C0%7C637891491480833828%7CUnknown%7CTWFpbGZsb3d8eyJWIjoiMC4wLjAwMDAiLCJQIjoiV2luMzIiLCJBTiI6Ik1haWwiLCJXVCI6Mn0%3D%7C3000%7C%7C%7C&amp;sdata=iVmsxPZWwbC6Mce7NIIKFDnRjmDb2Pi3E3i3EL70BRU%3D&amp;reserved=0\" target=\"_blank\" rel=\"noopener\" data-saferedirecturl=\"https:\/\/www.google.com\/url?q=https:\/\/eur03.safelinks.protection.outlook.com\/?url%3Dhttps%253A%252F%252Flsc-pagepro.mydigitalpublication.com%252Fpublication%252F%253Fi%253D746519%2526p%253D1%2526view%253DissueViewer%26data%3D05%257C01%257Cbiblioteca.educacio%2540gencat.cat%257C75d288ad7c234cb8bfb908da3eee8a61%257C3b9427dcd30e43bc8c06ff7253676fec%257C1%257C0%257C637891491480833828%257CUnknown%257CTWFpbGZsb3d8eyJWIjoiMC4wLjAwMDAiLCJQIjoiV2luMzIiLCJBTiI6Ik1haWwiLCJXVCI6Mn0%253D%257C3000%257C%257C%257C%26sdata%3DiVmsxPZWwbC6Mce7NIIKFDnRjmDb2Pi3E3i3EL70BRU%253D%26reserved%3D0&amp;source=gmail&amp;ust=1654672493566000&amp;usg=AOvVaw1dOQu0Dbm8s3yMu3Im4OqX\">Curiosity<\/a><\/p>\n<p>School Arts Magazine, mai. 2022<\/td>\n<\/tr>\n<tr style=\"height: 108px;\">\n<td style=\"height: 108px;\" width=\"167\">\n<div>\n<p><a href=\"https:\/\/serveiseducatius.xtec.cat\/osona\/wp-content\/uploads\/usu1175\/2022\/06\/image011.jpg\"><img loading=\"lazy\" decoding=\"async\" class=\"aligncenter size-medium wp-image-11144\" src=\"https:\/\/serveiseducatius.xtec.cat\/osona\/wp-content\/uploads\/usu1175\/2022\/06\/image011.jpg\" alt=\"\" width=\"135\" height=\"51\" \/><\/a><\/p>\n<\/div>\n<\/td>\n<td style=\"height: 108px;\" width=\"702\">\n<div>\n<p><a title=\"https:\/\/revistas.udc.es\/index.php\/SPORTIS\/issue\/view\/419\" href=\"https:\/\/eur03.safelinks.protection.outlook.com\/?url=https%3A%2F%2Frevistas.udc.es%2Findex.php%2FSPORTIS%2Fissue%2Fview%2F419&amp;data=05%7C01%7Cbiblioteca.educacio%40gencat.cat%7C75d288ad7c234cb8bfb908da3eee8a61%7C3b9427dcd30e43bc8c06ff7253676fec%7C1%7C0%7C637891491480833828%7CUnknown%7CTWFpbGZsb3d8eyJWIjoiMC4wLjAwMDAiLCJQIjoiV2luMzIiLCJBTiI6Ik1haWwiLCJXVCI6Mn0%3D%7C3000%7C%7C%7C&amp;sdata=IDlPX45Ippku9ks9DVRNphgRsseb%2BWs51aMfV31V5EU%3D&amp;reserved=0\" target=\"_blank\" rel=\"noopener\" data-saferedirecturl=\"https:\/\/www.google.com\/url?q=https:\/\/eur03.safelinks.protection.outlook.com\/?url%3Dhttps%253A%252F%252Frevistas.udc.es%252Findex.php%252FSPORTIS%252Fissue%252Fview%252F419%26data%3D05%257C01%257Cbiblioteca.educacio%2540gencat.cat%257C75d288ad7c234cb8bfb908da3eee8a61%257C3b9427dcd30e43bc8c06ff7253676fec%257C1%257C0%257C637891491480833828%257CUnknown%257CTWFpbGZsb3d8eyJWIjoiMC4wLjAwMDAiLCJQIjoiV2luMzIiLCJBTiI6Ik1haWwiLCJXVCI6Mn0%253D%257C3000%257C%257C%257C%26sdata%3DIDlPX45Ippku9ks9DVRNphgRsseb%252BWs51aMfV31V5EU%253D%26reserved%3D0&amp;source=gmail&amp;ust=1654672493566000&amp;usg=AOvVaw0zU9gQC0kePD4qq5VRMR_b\">Formaci\u00f3n espec\u00edfica en AICLE en Educaci\u00f3n F\u00edsica para mejorar el tiempo de compromiso motor<\/a><\/p>\n<\/div>\n<p>Sportis, v. 8(2), 2022<\/td>\n<\/tr>\n<tr style=\"height: 104px;\">\n<td style=\"height: 104px;\" width=\"167\"><a href=\"https:\/\/serveiseducatius.xtec.cat\/osona\/wp-content\/uploads\/usu1175\/2022\/06\/image012.jpg\"><img loading=\"lazy\" decoding=\"async\" class=\"aligncenter size-medium wp-image-11145\" src=\"https:\/\/serveiseducatius.xtec.cat\/osona\/wp-content\/uploads\/usu1175\/2022\/06\/image012.jpg\" alt=\"\" width=\"119\" height=\"47\" \/><\/a><\/td>\n<td style=\"height: 104px;\" width=\"702\"><a title=\"https:\/\/cat.grao.com\/ca\/producte\/revista-uno-096-abril-22-ensenanza-de-las-matematicas-en-aulas-multigrado-un096\" href=\"https:\/\/eur03.safelinks.protection.outlook.com\/?url=https%3A%2F%2Fcat.grao.com%2Fca%2Fproducte%2Frevista-uno-096-abril-22-ensenanza-de-las-matematicas-en-aulas-multigrado-un096&amp;data=05%7C01%7Cbiblioteca.educacio%40gencat.cat%7C75d288ad7c234cb8bfb908da3eee8a61%7C3b9427dcd30e43bc8c06ff7253676fec%7C1%7C0%7C637891491480833828%7CUnknown%7CTWFpbGZsb3d8eyJWIjoiMC4wLjAwMDAiLCJQIjoiV2luMzIiLCJBTiI6Ik1haWwiLCJXVCI6Mn0%3D%7C3000%7C%7C%7C&amp;sdata=S4%2FASaC%2FVtbOoft8C9mNLIpgpMfhyiPURZgI8gqgOuE%3D&amp;reserved=0\" target=\"_blank\" rel=\"noopener\" data-saferedirecturl=\"https:\/\/www.google.com\/url?q=https:\/\/eur03.safelinks.protection.outlook.com\/?url%3Dhttps%253A%252F%252Fcat.grao.com%252Fca%252Fproducte%252Frevista-uno-096-abril-22-ensenanza-de-las-matematicas-en-aulas-multigrado-un096%26data%3D05%257C01%257Cbiblioteca.educacio%2540gencat.cat%257C75d288ad7c234cb8bfb908da3eee8a61%257C3b9427dcd30e43bc8c06ff7253676fec%257C1%257C0%257C637891491480833828%257CUnknown%257CTWFpbGZsb3d8eyJWIjoiMC4wLjAwMDAiLCJQIjoiV2luMzIiLCJBTiI6Ik1haWwiLCJXVCI6Mn0%253D%257C3000%257C%257C%257C%26sdata%3DS4%252FASaC%252FVtbOoft8C9mNLIpgpMfhyiPURZgI8gqgOuE%253D%26reserved%3D0&amp;source=gmail&amp;ust=1654672493566000&amp;usg=AOvVaw1BNsixCCpMnnyYJ9QT5ud_\">Ense\u00f1anza de las matem\u00e1ticas en aulas multigrado<\/a><br \/>\nUno, 96, abr.-jun 2022<\/td>\n<\/tr>\n<\/tbody>\n<\/table>\n<p>&nbsp;<\/p>\n<p>&nbsp;<\/p>\n<p>&nbsp;<\/p>\n<p>Si voleu consultar totes les revistes de la <span class=\"il\">Biblioteca<\/span> del Departament d&#8217;Educaci\u00f3 podeu fer-ho a la p\u00e0gina de\u00a0<a title=\"L'URL original: https:\/\/espai.educacio.gencat.cat\/Recursos\/Biblioteca\/Biblioteca-virtual\/Revistes-electroniques\/Pagines\/default.aspx. Feu clic o premeu si confieu en aquest enlla\u00e7.\" href=\"https:\/\/eur03.safelinks.protection.outlook.com\/?url=https%3A%2F%2Fespai.educacio.gencat.cat%2FRecursos%2FBiblioteca%2FBiblioteca-virtual%2FRevistes-electroniques%2FPagines%2Fdefault.aspx&amp;data=05%7C01%7Cbiblioteca.educacio%40gencat.cat%7C75d288ad7c234cb8bfb908da3eee8a61%7C3b9427dcd30e43bc8c06ff7253676fec%7C1%7C0%7C637891491480833828%7CUnknown%7CTWFpbGZsb3d8eyJWIjoiMC4wLjAwMDAiLCJQIjoiV2luMzIiLCJBTiI6Ik1haWwiLCJXVCI6Mn0%3D%7C3000%7C%7C%7C&amp;sdata=TExtMU2aikXtiOr5glFJWsqCsf3fYZ02HaEYCMACFZE%3D&amp;reserved=0\" target=\"_blank\" rel=\"noopener\" data-saferedirecturl=\"https:\/\/www.google.com\/url?q=https:\/\/eur03.safelinks.protection.outlook.com\/?url%3Dhttps%253A%252F%252Fespai.educacio.gencat.cat%252FRecursos%252FBiblioteca%252FBiblioteca-virtual%252FRevistes-electroniques%252FPagines%252Fdefault.aspx%26data%3D05%257C01%257Cbiblioteca.educacio%2540gencat.cat%257C75d288ad7c234cb8bfb908da3eee8a61%257C3b9427dcd30e43bc8c06ff7253676fec%257C1%257C0%257C637891491480833828%257CUnknown%257CTWFpbGZsb3d8eyJWIjoiMC4wLjAwMDAiLCJQIjoiV2luMzIiLCJBTiI6Ik1haWwiLCJXVCI6Mn0%253D%257C3000%257C%257C%257C%26sdata%3DTExtMU2aikXtiOr5glFJWsqCsf3fYZ02HaEYCMACFZE%253D%26reserved%3D0&amp;source=gmail&amp;ust=1654672493566000&amp;usg=AOvVaw3PmR7ZOuFXAQfEuE7WvUJK\">Revistes electr\u00f2niques<\/a>\u00a0de la Intranet.<\/p>\n<\/div>\n<\/div>\n<\/div>\n<\/div>\n<\/div>\n","protected":false},"excerpt":{"rendered":"<p>Ja teniu aqu\u00ed les revistes rebudes a la Biblioteca del Departament d\u2019Educaci\u00f3.<\/p>\n","protected":false},"author":1,"featured_media":11154,"comment_status":"closed","ping_status":"closed","sticky":false,"template":"","format":"standard","meta":{"_bbp_topic_count":0,"_bbp_reply_count":0,"_bbp_total_topic_count":0,"_bbp_total_reply_count":0,"_bbp_voice_count":0,"_bbp_anonymous_reply_count":0,"_bbp_topic_count_hidden":0,"_bbp_reply_count_hidden":0,"_bbp_forum_subforum_count":0,"site-sidebar-layout":"default","site-content-layout":"","ast-site-content-layout":"","site-content-style":"default","site-sidebar-style":"default","ast-global-header-display":"","ast-banner-title-visibility":"","ast-main-header-display":"","ast-hfb-above-header-display":"","ast-hfb-below-header-display":"","ast-hfb-mobile-header-display":"","site-post-title":"","ast-breadcrumbs-content":"","ast-featured-img":"","footer-sml-layout":"","theme-transparent-header-meta":"","adv-header-id-meta":"","stick-header-meta":"","header-above-stick-meta":"","header-main-stick-meta":"","header-below-stick-meta":"","astra-migrate-meta-layouts":"default","ast-page-background-enabled":"default","ast-page-background-meta":{"desktop":{"background-color":"var(--ast-global-color-4)","background-image":"","background-repeat":"repeat","background-position":"center center","background-size":"auto","background-attachment":"scroll","background-type":"","background-media":"","overlay-type":"","overlay-color":"","overlay-opacity":"","overlay-gradient":""},"tablet":{"background-color":"","background-image":"","background-repeat":"repeat","background-position":"center center","background-size":"auto","background-attachment":"scroll","background-type":"","background-media":"","overlay-type":"","overlay-color":"","overlay-opacity":"","overlay-gradient":""},"mobile":{"background-color":"","background-image":"","background-repeat":"repeat","background-position":"center center","background-size":"auto","background-attachment":"scroll","background-type":"","background-media":"","overlay-type":"","overlay-color":"","overlay-opacity":"","overlay-gradient":""}},"ast-content-background-meta":{"desktop":{"background-color":"var(--ast-global-color-5)","background-image":"","background-repeat":"repeat","background-position":"center center","background-size":"auto","background-attachment":"scroll","background-type":"","background-media":"","overlay-type":"","overlay-color":"","overlay-opacity":"","overlay-gradient":""},"tablet":{"background-color":"var(--ast-global-color-5)","background-image":"","background-repeat":"repeat","background-position":"center center","background-size":"auto","background-attachment":"scroll","background-type":"","background-media":"","overlay-type":"","overlay-color":"","overlay-opacity":"","overlay-gradient":""},"mobile":{"background-color":"var(--ast-global-color-5)","background-image":"","background-repeat":"repeat","background-position":"center center","background-size":"auto","background-attachment":"scroll","background-type":"","background-media":"","overlay-type":"","overlay-color":"","overlay-opacity":"","overlay-gradient":""}},"footnotes":""},"categories":[65,1,235,29,76],"tags":[455],"class_list":["post-11138","post","type-post","status-publish","format-standard","has-post-thumbnail","hentry","category-crp","category-general","category-formacio_ins","category-portada","category-recursos","tag-biblioteca"],"post_mailing_queue_ids":[],"_links":{"self":[{"href":"https:\/\/serveiseducatius.xtec.cat\/osona\/wp-json\/wp\/v2\/posts\/11138","targetHints":{"allow":["GET"]}}],"collection":[{"href":"https:\/\/serveiseducatius.xtec.cat\/osona\/wp-json\/wp\/v2\/posts"}],"about":[{"href":"https:\/\/serveiseducatius.xtec.cat\/osona\/wp-json\/wp\/v2\/types\/post"}],"author":[{"embeddable":true,"href":"https:\/\/serveiseducatius.xtec.cat\/osona\/wp-json\/wp\/v2\/users\/1"}],"replies":[{"embeddable":true,"href":"https:\/\/serveiseducatius.xtec.cat\/osona\/wp-json\/wp\/v2\/comments?post=11138"}],"version-history":[{"count":2,"href":"https:\/\/serveiseducatius.xtec.cat\/osona\/wp-json\/wp\/v2\/posts\/11138\/revisions"}],"predecessor-version":[{"id":11155,"href":"https:\/\/serveiseducatius.xtec.cat\/osona\/wp-json\/wp\/v2\/posts\/11138\/revisions\/11155"}],"wp:featuredmedia":[{"embeddable":true,"href":"https:\/\/serveiseducatius.xtec.cat\/osona\/wp-json\/wp\/v2\/media\/11154"}],"wp:attachment":[{"href":"https:\/\/serveiseducatius.xtec.cat\/osona\/wp-json\/wp\/v2\/media?parent=11138"}],"wp:term":[{"taxonomy":"category","embeddable":true,"href":"https:\/\/serveiseducatius.xtec.cat\/osona\/wp-json\/wp\/v2\/categories?post=11138"},{"taxonomy":"post_tag","embeddable":true,"href":"https:\/\/serveiseducatius.xtec.cat\/osona\/wp-json\/wp\/v2\/tags?post=11138"}],"curies":[{"name":"wp","href":"https:\/\/api.w.org\/{rel}","templated":true}]}}