{"id":11087,"date":"2022-05-12T14:32:44","date_gmt":"2022-05-12T12:32:44","guid":{"rendered":"https:\/\/serveiseducatius.xtec.cat\/osona\/?p=11087"},"modified":"2022-05-12T14:32:44","modified_gmt":"2022-05-12T12:32:44","slug":"enllac-a-la-xerrada-menys-analisi-sintactica-i-mes-fer-servir-la-llengua-amb-antoni-bassas","status":"publish","type":"post","link":"https:\/\/serveiseducatius.xtec.cat\/osona\/general\/enllac-a-la-xerrada-menys-analisi-sintactica-i-mes-fer-servir-la-llengua-amb-antoni-bassas\/","title":{"rendered":"Enlla\u00e7 a la xerrada: \u201cMenys an\u00e0lisi sint\u00e0ctica i m\u00e9s fer servir la llengua\u201d amb Antoni Bassas"},"content":{"rendered":"<div><img loading=\"lazy\" decoding=\"async\" class=\"size-medium wp-image-11088 alignleft\" src=\"https:\/\/serveiseducatius.xtec.cat\/osona\/wp-content\/uploads\/usu1175\/2022\/05\/Antoni-Bassas-208x300.png\" alt=\"\" width=\"208\" height=\"300\" srcset=\"https:\/\/serveiseducatius.xtec.cat\/osona\/wp-content\/uploads\/usu1175\/2022\/05\/Antoni-Bassas-208x300.png 208w, https:\/\/serveiseducatius.xtec.cat\/osona\/wp-content\/uploads\/usu1175\/2022\/05\/Antoni-Bassas.png 443w\" sizes=\"auto, (max-width: 208px) 100vw, 208px\" \/><\/div>\n<p>En el context del seminari del programa Tenim la Paraula 2021\/22, el professorat dels centres educatius del Solson\u00e8s van poder assistir a la videoconfer\u00e8ncia del periodista i guionista de r\u00e0dio i televisi\u00f3 catal\u00e0 Antoni Bassas.<\/p>\n<p>Sota el t\u00edtol<b>\u00a0\u201cMenys an\u00e0lisi sint\u00e0ctica i m\u00e9s fer servir la llengua\u201d <\/b>es va posar en valor la<span class=\"gmail_default\">\u00a0necessitat de\u00a0<\/span>millora de la compet\u00e8ncia oral de la societat actual<span class=\"gmail_default\">.<\/span><\/p>\n<div><span class=\"gmail_default\"><a href=\"https:\/\/drive.google.com\/file\/d\/1-inYLQ0r9pnXu2cwvrAwO4F3AniQGSgi\/view?usp=sharing\" target=\"_blank\" rel=\"noopener\" data-saferedirecturl=\"https:\/\/www.google.com\/url?q=https:\/\/meet.google.com\/oqa-mxog-rjp?authuser%3D0&amp;source=gmail&amp;ust=1651232916638000&amp;usg=AOvVaw3bbh14A1QdJWJwX5ZBGdMh\">Enlla\u00e7 a la videoxerrada<\/a><\/span><\/div>\n","protected":false},"excerpt":{"rendered":"<p>Sota el t\u00edtol\u00a0\u201cMenys an\u00e0lisi sint\u00e0ctica i m\u00e9s fer servir la llengua\u201d es va posar en valor la\u00a0necessitat de\u00a0millora de la compet\u00e8ncia oral de la societat actual.<\/p>\n","protected":false},"author":1,"featured_media":11088,"comment_status":"closed","ping_status":"closed","sticky":false,"template":"","format":"standard","meta":{"_bbp_topic_count":0,"_bbp_reply_count":0,"_bbp_total_topic_count":0,"_bbp_total_reply_count":0,"_bbp_voice_count":0,"_bbp_anonymous_reply_count":0,"_bbp_topic_count_hidden":0,"_bbp_reply_count_hidden":0,"_bbp_forum_subforum_count":0,"site-sidebar-layout":"default","site-content-layout":"","ast-site-content-layout":"","site-content-style":"default","site-sidebar-style":"default","ast-global-header-display":"","ast-banner-title-visibility":"","ast-main-header-display":"","ast-hfb-above-header-display":"","ast-hfb-below-header-display":"","ast-hfb-mobile-header-display":"","site-post-title":"","ast-breadcrumbs-content":"","ast-featured-img":"","footer-sml-layout":"","theme-transparent-header-meta":"","adv-header-id-meta":"","stick-header-meta":"","header-above-stick-meta":"","header-main-stick-meta":"","header-below-stick-meta":"","astra-migrate-meta-layouts":"default","ast-page-background-enabled":"default","ast-page-background-meta":{"desktop":{"background-color":"var(--ast-global-color-4)","background-image":"","background-repeat":"repeat","background-position":"center center","background-size":"auto","background-attachment":"scroll","background-type":"","background-media":"","overlay-type":"","overlay-color":"","overlay-opacity":"","overlay-gradient":""},"tablet":{"background-color":"","background-image":"","background-repeat":"repeat","background-position":"center center","background-size":"auto","background-attachment":"scroll","background-type":"","background-media":"","overlay-type":"","overlay-color":"","overlay-opacity":"","overlay-gradient":""},"mobile":{"background-color":"","background-image":"","background-repeat":"repeat","background-position":"center center","background-size":"auto","background-attachment":"scroll","background-type":"","background-media":"","overlay-type":"","overlay-color":"","overlay-opacity":"","overlay-gradient":""}},"ast-content-background-meta":{"desktop":{"background-color":"var(--ast-global-color-5)","background-image":"","background-repeat":"repeat","background-position":"center center","background-size":"auto","background-attachment":"scroll","background-type":"","background-media":"","overlay-type":"","overlay-color":"","overlay-opacity":"","overlay-gradient":""},"tablet":{"background-color":"var(--ast-global-color-5)","background-image":"","background-repeat":"repeat","background-position":"center center","background-size":"auto","background-attachment":"scroll","background-type":"","background-media":"","overlay-type":"","overlay-color":"","overlay-opacity":"","overlay-gradient":""},"mobile":{"background-color":"var(--ast-global-color-5)","background-image":"","background-repeat":"repeat","background-position":"center center","background-size":"auto","background-attachment":"scroll","background-type":"","background-media":"","overlay-type":"","overlay-color":"","overlay-opacity":"","overlay-gradient":""}},"footnotes":""},"categories":[65,1,29],"tags":[556,555],"class_list":["post-11087","post","type-post","status-publish","format-standard","has-post-thumbnail","hentry","category-crp","category-general","category-portada","tag-antoni-bassas","tag-videoconferencies"],"post_mailing_queue_ids":[],"_links":{"self":[{"href":"https:\/\/serveiseducatius.xtec.cat\/osona\/wp-json\/wp\/v2\/posts\/11087","targetHints":{"allow":["GET"]}}],"collection":[{"href":"https:\/\/serveiseducatius.xtec.cat\/osona\/wp-json\/wp\/v2\/posts"}],"about":[{"href":"https:\/\/serveiseducatius.xtec.cat\/osona\/wp-json\/wp\/v2\/types\/post"}],"author":[{"embeddable":true,"href":"https:\/\/serveiseducatius.xtec.cat\/osona\/wp-json\/wp\/v2\/users\/1"}],"replies":[{"embeddable":true,"href":"https:\/\/serveiseducatius.xtec.cat\/osona\/wp-json\/wp\/v2\/comments?post=11087"}],"version-history":[{"count":1,"href":"https:\/\/serveiseducatius.xtec.cat\/osona\/wp-json\/wp\/v2\/posts\/11087\/revisions"}],"predecessor-version":[{"id":11089,"href":"https:\/\/serveiseducatius.xtec.cat\/osona\/wp-json\/wp\/v2\/posts\/11087\/revisions\/11089"}],"wp:featuredmedia":[{"embeddable":true,"href":"https:\/\/serveiseducatius.xtec.cat\/osona\/wp-json\/wp\/v2\/media\/11088"}],"wp:attachment":[{"href":"https:\/\/serveiseducatius.xtec.cat\/osona\/wp-json\/wp\/v2\/media?parent=11087"}],"wp:term":[{"taxonomy":"category","embeddable":true,"href":"https:\/\/serveiseducatius.xtec.cat\/osona\/wp-json\/wp\/v2\/categories?post=11087"},{"taxonomy":"post_tag","embeddable":true,"href":"https:\/\/serveiseducatius.xtec.cat\/osona\/wp-json\/wp\/v2\/tags?post=11087"}],"curies":[{"name":"wp","href":"https:\/\/api.w.org\/{rel}","templated":true}]}}