{"id":10818,"date":"2022-02-04T09:26:12","date_gmt":"2022-02-04T08:26:12","guid":{"rendered":"https:\/\/serveiseducatius.xtec.cat\/osona\/?p=10818"},"modified":"2022-02-04T09:26:12","modified_gmt":"2022-02-04T08:26:12","slug":"tancament-de-les-inscripcions-a-la-robocat-2022","status":"publish","type":"post","link":"https:\/\/serveiseducatius.xtec.cat\/osona\/general\/tancament-de-les-inscripcions-a-la-robocat-2022\/","title":{"rendered":"Tancament de les inscripcions a la ROBOCAT 2022"},"content":{"rendered":"<p><img loading=\"lazy\" decoding=\"async\" class=\"alignleft size-thumbnail wp-image-10819\" src=\"https:\/\/serveiseducatius.xtec.cat\/osona\/wp-content\/uploads\/usu1175\/2022\/02\/maxresdefault-1-150x113.jpg\" alt=\"\" width=\"150\" height=\"113\" \/>QU\u00c8 \u00c9S EL ROBOCAT?<\/p>\n<p>El ROBOCAT<span style=\"font-family: inherit; font-size: 1em;\">\u00a0\u00e9s el cam<\/span><span style=\"font-family: inherit; font-size: 1em;\">pionat de rob\u00f2tica de Catalunya. El Rac\u00f3 dels Robotaires, amb la iniciativa de la ROBOCAT, crea un <\/span><strong style=\"font-family: inherit; font-size: 1em;\">entorn com\u00fa<\/strong><span style=\"font-family: inherit; font-size: 1em;\">\u00a0on\u00a0<\/span><strong style=\"font-family: inherit; font-size: 1em;\">compartir<\/strong><span style=\"font-family: inherit; font-size: 1em;\"> idees amb les persones que <\/span><span style=\"font-family: inherit; font-size: 1em;\">aquest \u00e0mbit. Es pret\u00e9n fer <\/span><strong style=\"font-family: inherit; font-size: 1em;\">accessible i assequible<\/strong><span style=\"font-family: inherit; font-size: 1em;\"> la realitzaci\u00f3 d\u2019activitats rob\u00f2tiques pels centres educatius i c\u00edvics. Es <\/span><strong style=\"font-family: inherit; font-size: 1em;\">coopera<\/strong><span style=\"font-family: inherit; font-size: 1em;\">\u00a0entre entitats, centres d\u2019ensenyament, institucions<\/span><span style=\"font-family: inherit; font-size: 1em;\">\u00a0i particulars per tal de <\/span><strong style=\"font-family: inherit; font-size: 1em;\">crear sinergies<\/strong><span style=\"font-family: inherit; font-size: 1em;\">. <\/span><span style=\"font-family: inherit; font-size: 1em;\">En cada edici\u00f3 el taulell de joc de la ROBOCAT s\u2019inspira en un personatge, indret o moment hist\u00f2ric destacat del territori catal\u00e0.<\/span><\/p>\n<p>FINS QUAN ES PODEN FER INSCRIPCIONS AL CAMPIONAT?<\/p>\n<p>El per\u00edode d\u2019<a href=\"https:\/\/robocat.us5.list-manage.com\/track\/click?u=ce4bca3d45b89bc4f2a0122d8&amp;id=f2e929c72b&amp;e=e85d41ed25\" target=\"_blank\" rel=\"noopener\" data-saferedirecturl=\"https:\/\/www.google.com\/url?q=https:\/\/robocat.us5.list-manage.com\/track\/click?u%3Dce4bca3d45b89bc4f2a0122d8%26id%3Df2e929c72b%26e%3De85d41ed25&amp;source=gmail&amp;ust=1644048060829000&amp;usg=AOvVaw1-G_iXwbCsFfU8b0L9qBKz\"><strong>inscripci\u00f3<\/strong><\/a>\u00a0a la <a href=\"https:\/\/www.youtube.com\/watch?v=TxZ5n9wKQwQ\">ROBOCAT 2022<\/a>, la 6a edici\u00f3 del Campionat de Rob\u00f2tica de Catalunya, finalitzar\u00e0 el\u00a0<strong>proper diumenge 13\u00a0de febrer de 2022<\/strong>. Tamb\u00e9 es tancaran les inscripcions als programes de beques Noies ROBOCAT i ROBOCAT Inclusiva.<\/p>\n<p>QU\u00c8 PODEM FER DES DE L&#8217;ESCOLA?<\/p>\n<p>A m\u00e9s a m\u00e9s, amb la col\u00b7laboraci\u00f3 de Make&amp;Learn, han creat una <a href=\"https:\/\/robocat.us5.list-manage.com\/track\/click?u=ce4bca3d45b89bc4f2a0122d8&amp;id=453f324cfe&amp;e=e85d41ed25\" target=\"_blank\" rel=\"noopener\" data-saferedirecturl=\"https:\/\/www.google.com\/url?q=https:\/\/robocat.us5.list-manage.com\/track\/click?u%3Dce4bca3d45b89bc4f2a0122d8%26id%3D453f324cfe%26e%3De85d41ed25&amp;source=gmail&amp;ust=1644048060829000&amp;usg=AOvVaw0Au2LN1PhTTg7R4GkPnLFz\"><strong>unitat did\u00e0ctica de la ROBOCAT<\/strong><\/a>, el programa d\u2019activitats per tal d\u2019incorporar la rob\u00f2tica a l\u2019aula.<\/p>\n<p>&nbsp;<\/p>\n","protected":false},"excerpt":{"rendered":"<p>QU\u00c8 \u00c9S EL ROBOCAT? El ROBOCAT\u00a0\u00e9s el campionat de rob\u00f2tica de Catalunya. El Rac\u00f3 dels Robotaires, amb la iniciativa de [&hellip;]<\/p>\n","protected":false},"author":1,"featured_media":10819,"comment_status":"closed","ping_status":"closed","sticky":false,"template":"","format":"standard","meta":{"_bbp_topic_count":0,"_bbp_reply_count":0,"_bbp_total_topic_count":0,"_bbp_total_reply_count":0,"_bbp_voice_count":0,"_bbp_anonymous_reply_count":0,"_bbp_topic_count_hidden":0,"_bbp_reply_count_hidden":0,"_bbp_forum_subforum_count":0,"site-sidebar-layout":"default","site-content-layout":"","ast-site-content-layout":"","site-content-style":"default","site-sidebar-style":"default","ast-global-header-display":"","ast-banner-title-visibility":"","ast-main-header-display":"","ast-hfb-above-header-display":"","ast-hfb-below-header-display":"","ast-hfb-mobile-header-display":"","site-post-title":"","ast-breadcrumbs-content":"","ast-featured-img":"","footer-sml-layout":"","theme-transparent-header-meta":"","adv-header-id-meta":"","stick-header-meta":"","header-above-stick-meta":"","header-main-stick-meta":"","header-below-stick-meta":"","astra-migrate-meta-layouts":"default","ast-page-background-enabled":"default","ast-page-background-meta":{"desktop":{"background-color":"var(--ast-global-color-4)","background-image":"","background-repeat":"repeat","background-position":"center center","background-size":"auto","background-attachment":"scroll","background-type":"","background-media":"","overlay-type":"","overlay-color":"","overlay-opacity":"","overlay-gradient":""},"tablet":{"background-color":"","background-image":"","background-repeat":"repeat","background-position":"center center","background-size":"auto","background-attachment":"scroll","background-type":"","background-media":"","overlay-type":"","overlay-color":"","overlay-opacity":"","overlay-gradient":""},"mobile":{"background-color":"","background-image":"","background-repeat":"repeat","background-position":"center center","background-size":"auto","background-attachment":"scroll","background-type":"","background-media":"","overlay-type":"","overlay-color":"","overlay-opacity":"","overlay-gradient":""}},"ast-content-background-meta":{"desktop":{"background-color":"var(--ast-global-color-5)","background-image":"","background-repeat":"repeat","background-position":"center center","background-size":"auto","background-attachment":"scroll","background-type":"","background-media":"","overlay-type":"","overlay-color":"","overlay-opacity":"","overlay-gradient":""},"tablet":{"background-color":"var(--ast-global-color-5)","background-image":"","background-repeat":"repeat","background-position":"center center","background-size":"auto","background-attachment":"scroll","background-type":"","background-media":"","overlay-type":"","overlay-color":"","overlay-opacity":"","overlay-gradient":""},"mobile":{"background-color":"var(--ast-global-color-5)","background-image":"","background-repeat":"repeat","background-position":"center center","background-size":"auto","background-attachment":"scroll","background-type":"","background-media":"","overlay-type":"","overlay-color":"","overlay-opacity":"","overlay-gradient":""}},"footnotes":""},"categories":[65,1,29],"tags":[380,109],"class_list":["post-10818","post","type-post","status-publish","format-standard","has-post-thumbnail","hentry","category-crp","category-general","category-portada","tag-robocat","tag-robotica"],"post_mailing_queue_ids":[],"_links":{"self":[{"href":"https:\/\/serveiseducatius.xtec.cat\/osona\/wp-json\/wp\/v2\/posts\/10818","targetHints":{"allow":["GET"]}}],"collection":[{"href":"https:\/\/serveiseducatius.xtec.cat\/osona\/wp-json\/wp\/v2\/posts"}],"about":[{"href":"https:\/\/serveiseducatius.xtec.cat\/osona\/wp-json\/wp\/v2\/types\/post"}],"author":[{"embeddable":true,"href":"https:\/\/serveiseducatius.xtec.cat\/osona\/wp-json\/wp\/v2\/users\/1"}],"replies":[{"embeddable":true,"href":"https:\/\/serveiseducatius.xtec.cat\/osona\/wp-json\/wp\/v2\/comments?post=10818"}],"version-history":[{"count":1,"href":"https:\/\/serveiseducatius.xtec.cat\/osona\/wp-json\/wp\/v2\/posts\/10818\/revisions"}],"predecessor-version":[{"id":10820,"href":"https:\/\/serveiseducatius.xtec.cat\/osona\/wp-json\/wp\/v2\/posts\/10818\/revisions\/10820"}],"wp:featuredmedia":[{"embeddable":true,"href":"https:\/\/serveiseducatius.xtec.cat\/osona\/wp-json\/wp\/v2\/media\/10819"}],"wp:attachment":[{"href":"https:\/\/serveiseducatius.xtec.cat\/osona\/wp-json\/wp\/v2\/media?parent=10818"}],"wp:term":[{"taxonomy":"category","embeddable":true,"href":"https:\/\/serveiseducatius.xtec.cat\/osona\/wp-json\/wp\/v2\/categories?post=10818"},{"taxonomy":"post_tag","embeddable":true,"href":"https:\/\/serveiseducatius.xtec.cat\/osona\/wp-json\/wp\/v2\/tags?post=10818"}],"curies":[{"name":"wp","href":"https:\/\/api.w.org\/{rel}","templated":true}]}}