{"id":10385,"date":"2021-06-09T09:38:31","date_gmt":"2021-06-09T07:38:31","guid":{"rendered":"http:\/\/serveiseducatius.xtec.cat\/osona\/?p=10385"},"modified":"2021-06-09T09:38:31","modified_gmt":"2021-06-09T07:38:31","slug":"dones-de-ciencia-el-canvi-climatic-i-lalimentacio","status":"publish","type":"post","link":"https:\/\/serveiseducatius.xtec.cat\/osona\/general\/dones-de-ciencia-el-canvi-climatic-i-lalimentacio\/","title":{"rendered":"DONES DE CI\u00c8NCIA. El canvi clim\u00e0tic i l&#8217;alimentaci\u00f3."},"content":{"rendered":"<p><img loading=\"lazy\" decoding=\"async\" class=\"alignleft  wp-image-10386\" src=\"https:\/\/serveiseducatius.xtec.cat\/osona\/wp-content\/uploads\/usu1175\/2021\/06\/donesciencia-212x300.jpg\" alt=\"\" width=\"325\" height=\"459\" srcset=\"https:\/\/serveiseducatius.xtec.cat\/osona\/wp-content\/uploads\/usu1175\/2021\/06\/donesciencia-212x300.jpg 212w, https:\/\/serveiseducatius.xtec.cat\/osona\/wp-content\/uploads\/usu1175\/2021\/06\/donesciencia-725x1024.jpg 725w, https:\/\/serveiseducatius.xtec.cat\/osona\/wp-content\/uploads\/usu1175\/2021\/06\/donesciencia.jpg 738w\" sizes=\"auto, (max-width: 325px) 100vw, 325px\" \/>La UVic-UCC, conscient de la seva responsabilitat social i territorial, treballa per potenciar el talent en tots els seus \u00e0mbits i en totes les edats de la vida. Per\u00f2 hi ha un \u00e0mbit, el del talent cient\u00edfic entre la poblaci\u00f3 femenina, que requereix un esfor\u00e7 suplementari si volem fomentar-lo, prestigiar-lo, donar-li visibilitat i fer cr\u00e9ixer el nombre de dones que se sentin cridades a desenvolupar-lo. Nom\u00e9s aix\u00ed podrem anar revertint la frustraci\u00f3 de tantes generacions de dones que se n&#8217;han sentit excloses.<\/p>\n<p>Durant els mesos de maig i juny prestigioses investigadores de la UVic-UCC estan impartint confer\u00e8ncies a Olot, Manresa, Manlleu i Granollers sobre temes rellevants dels seus \u00e0mbits d&#8217;especialitzaci\u00f3, que s\u00f3n d&#8217;actualitat i que poden tenir un inter\u00e8s general.<\/p>\n<p><strong>Marta Rivera, al Museu del Ter de Manlleu (Passeig del Ter n\u00ba2) parlar\u00e0 de: <\/strong><\/p>\n<p><strong><u>Alimentaci\u00f3 i canvi clim\u00e0tic<\/u><\/strong><\/p>\n<p><strong>16 de juny, a les 19 h.<\/strong><\/p>\n","protected":false},"excerpt":{"rendered":"<p>La UVic-UCC, conscient de la seva responsabilitat social i territorial, treballa per potenciar el talent en tots els seus \u00e0mbits [&hellip;]<\/p>\n","protected":false},"author":1,"featured_media":10386,"comment_status":"closed","ping_status":"closed","sticky":false,"template":"","format":"standard","meta":{"_bbp_topic_count":0,"_bbp_reply_count":0,"_bbp_total_topic_count":0,"_bbp_total_reply_count":0,"_bbp_voice_count":0,"_bbp_anonymous_reply_count":0,"_bbp_topic_count_hidden":0,"_bbp_reply_count_hidden":0,"_bbp_forum_subforum_count":0,"site-sidebar-layout":"default","site-content-layout":"","ast-site-content-layout":"","site-content-style":"default","site-sidebar-style":"default","ast-global-header-display":"","ast-banner-title-visibility":"","ast-main-header-display":"","ast-hfb-above-header-display":"","ast-hfb-below-header-display":"","ast-hfb-mobile-header-display":"","site-post-title":"","ast-breadcrumbs-content":"","ast-featured-img":"","footer-sml-layout":"","theme-transparent-header-meta":"","adv-header-id-meta":"","stick-header-meta":"","header-above-stick-meta":"","header-main-stick-meta":"","header-below-stick-meta":"","astra-migrate-meta-layouts":"default","ast-page-background-enabled":"default","ast-page-background-meta":{"desktop":{"background-color":"var(--ast-global-color-4)","background-image":"","background-repeat":"repeat","background-position":"center center","background-size":"auto","background-attachment":"scroll","background-type":"","background-media":"","overlay-type":"","overlay-color":"","overlay-opacity":"","overlay-gradient":""},"tablet":{"background-color":"","background-image":"","background-repeat":"repeat","background-position":"center center","background-size":"auto","background-attachment":"scroll","background-type":"","background-media":"","overlay-type":"","overlay-color":"","overlay-opacity":"","overlay-gradient":""},"mobile":{"background-color":"","background-image":"","background-repeat":"repeat","background-position":"center center","background-size":"auto","background-attachment":"scroll","background-type":"","background-media":"","overlay-type":"","overlay-color":"","overlay-opacity":"","overlay-gradient":""}},"ast-content-background-meta":{"desktop":{"background-color":"var(--ast-global-color-5)","background-image":"","background-repeat":"repeat","background-position":"center center","background-size":"auto","background-attachment":"scroll","background-type":"","background-media":"","overlay-type":"","overlay-color":"","overlay-opacity":"","overlay-gradient":""},"tablet":{"background-color":"var(--ast-global-color-5)","background-image":"","background-repeat":"repeat","background-position":"center center","background-size":"auto","background-attachment":"scroll","background-type":"","background-media":"","overlay-type":"","overlay-color":"","overlay-opacity":"","overlay-gradient":""},"mobile":{"background-color":"var(--ast-global-color-5)","background-image":"","background-repeat":"repeat","background-position":"center center","background-size":"auto","background-attachment":"scroll","background-type":"","background-media":"","overlay-type":"","overlay-color":"","overlay-opacity":"","overlay-gradient":""}},"footnotes":""},"categories":[65,66,1,235,29],"tags":[250,479,379],"class_list":["post-10385","post","type-post","status-publish","format-standard","has-post-thumbnail","hentry","category-crp","category-dinamitzacio","category-general","category-formacio_ins","category-portada","tag-ciencia","tag-dones-de-ciencia","tag-steam"],"post_mailing_queue_ids":[],"_links":{"self":[{"href":"https:\/\/serveiseducatius.xtec.cat\/osona\/wp-json\/wp\/v2\/posts\/10385","targetHints":{"allow":["GET"]}}],"collection":[{"href":"https:\/\/serveiseducatius.xtec.cat\/osona\/wp-json\/wp\/v2\/posts"}],"about":[{"href":"https:\/\/serveiseducatius.xtec.cat\/osona\/wp-json\/wp\/v2\/types\/post"}],"author":[{"embeddable":true,"href":"https:\/\/serveiseducatius.xtec.cat\/osona\/wp-json\/wp\/v2\/users\/1"}],"replies":[{"embeddable":true,"href":"https:\/\/serveiseducatius.xtec.cat\/osona\/wp-json\/wp\/v2\/comments?post=10385"}],"version-history":[{"count":3,"href":"https:\/\/serveiseducatius.xtec.cat\/osona\/wp-json\/wp\/v2\/posts\/10385\/revisions"}],"predecessor-version":[{"id":10390,"href":"https:\/\/serveiseducatius.xtec.cat\/osona\/wp-json\/wp\/v2\/posts\/10385\/revisions\/10390"}],"wp:featuredmedia":[{"embeddable":true,"href":"https:\/\/serveiseducatius.xtec.cat\/osona\/wp-json\/wp\/v2\/media\/10386"}],"wp:attachment":[{"href":"https:\/\/serveiseducatius.xtec.cat\/osona\/wp-json\/wp\/v2\/media?parent=10385"}],"wp:term":[{"taxonomy":"category","embeddable":true,"href":"https:\/\/serveiseducatius.xtec.cat\/osona\/wp-json\/wp\/v2\/categories?post=10385"},{"taxonomy":"post_tag","embeddable":true,"href":"https:\/\/serveiseducatius.xtec.cat\/osona\/wp-json\/wp\/v2\/tags?post=10385"}],"curies":[{"name":"wp","href":"https:\/\/api.w.org\/{rel}","templated":true}]}}