{"id":10345,"date":"2021-05-04T18:17:50","date_gmt":"2021-05-04T16:17:50","guid":{"rendered":"http:\/\/serveiseducatius.xtec.cat\/osona\/?p=10345"},"modified":"2025-03-28T13:41:51","modified_gmt":"2025-03-28T12:41:51","slug":"cultura-pakistanesa","status":"publish","type":"post","link":"https:\/\/serveiseducatius.xtec.cat\/osona\/general\/cultura-pakistanesa\/","title":{"rendered":"Cultura pakistanesa"},"content":{"rendered":"<p><img loading=\"lazy\" decoding=\"async\" class=\"alignleft size-medium wp-image-10346\" src=\"https:\/\/serveiseducatius.xtec.cat\/osona\/wp-content\/uploads\/usu1175\/2021\/05\/Paquistan-300x233.png\" alt=\"\" width=\"300\" height=\"233\" srcset=\"https:\/\/serveiseducatius.xtec.cat\/osona\/wp-content\/uploads\/usu1175\/2021\/05\/Paquistan-300x233.png 300w, https:\/\/serveiseducatius.xtec.cat\/osona\/wp-content\/uploads\/usu1175\/2021\/05\/Paquistan.png 615w\" sizes=\"auto, (max-width: 300px) 100vw, 300px\" \/>El servei educatiu d\u2019Osona us oferim la cinquena c\u00e0psula formativa sobre codis culturals.<\/p>\n<p>L\u2019objectiu\u00a0d\u2019aquestes c\u00e0psules \u00e9s que els docents puguin entendre millor les caracter\u00edstiques culturals i costums de les fam\u00edlies dels infants que tenen a les seves aules.<\/p>\n<p>En aquesta 5a sessi\u00f3 parlarem de la <strong>cultura pakistanesa<\/strong>. La c\u00e0psula anir\u00e0 a c\u00e0rrec de <strong>Komal Naz<\/strong>. Sota el t\u00edtol: &#8220;<strong>Un apropament a l&#8217;alumnat i les fam\u00edlies del Pakistan, bones pr\u00e0ctiques i disseny d&#8217;activitats<\/strong>&#8220;. Es vol fer una aproximaci\u00f3 a la realitat de les fam\u00edlies pakistaneses que tenim als nostres centres educatius. Es far\u00e0 una breu introducci\u00f3 als sistemes educatius i experi\u00e8ncies educatives dels joves pakistanesos. Veurem el rol de la fam\u00edlia a l&#8217;escola i com fomentar la participaci\u00f3 de les fam\u00edlies d&#8217;origen pakistan\u00e8s. Per acabar parlarem de com incorporar la perspectiva intercultural a les activitats de l&#8217;aula i fer-la m\u00e9s inclusiva.<\/p>\n<p><strong>Dimarts 11 de maig a les 17.30h.<\/strong><\/p>\n<p><a href=\"https:\/\/drive.google.com\/file\/d\/1m5XLoUDIFDA7LhTFS_3hHmw_BtzYNH6q\/view?usp=sharing\">Cartell<\/a> &#8211; <a href=\"https:\/\/meet.google.com\/ezr-pejf-pqw?hs=122&amp;authuser=0\">Videoconfer\u00e8ncia<\/a><\/p>\n","protected":false},"excerpt":{"rendered":"<p>El servei educatiu d\u2019Osona us oferim la cinquena c\u00e0psula formativa sobre codis culturals. L\u2019objectiu\u00a0d\u2019aquestes c\u00e0psules \u00e9s que els docents puguin [&hellip;]<\/p>\n","protected":false},"author":1,"featured_media":10346,"comment_status":"closed","ping_status":"closed","sticky":false,"template":"","format":"standard","meta":{"_bbp_topic_count":0,"_bbp_reply_count":0,"_bbp_total_topic_count":0,"_bbp_total_reply_count":0,"_bbp_voice_count":0,"_bbp_anonymous_reply_count":0,"_bbp_topic_count_hidden":0,"_bbp_reply_count_hidden":0,"_bbp_forum_subforum_count":0,"site-sidebar-layout":"default","site-content-layout":"","ast-site-content-layout":"default","site-content-style":"default","site-sidebar-style":"default","ast-global-header-display":"","ast-banner-title-visibility":"","ast-main-header-display":"","ast-hfb-above-header-display":"","ast-hfb-below-header-display":"","ast-hfb-mobile-header-display":"","site-post-title":"","ast-breadcrumbs-content":"","ast-featured-img":"","footer-sml-layout":"","theme-transparent-header-meta":"","adv-header-id-meta":"","stick-header-meta":"","header-above-stick-meta":"","header-main-stick-meta":"","header-below-stick-meta":"","astra-migrate-meta-layouts":"set","ast-page-background-enabled":"default","ast-page-background-meta":{"desktop":{"background-color":"var(--ast-global-color-4)","background-image":"","background-repeat":"repeat","background-position":"center center","background-size":"auto","background-attachment":"scroll","background-type":"","background-media":"","overlay-type":"","overlay-color":"","overlay-opacity":"","overlay-gradient":""},"tablet":{"background-color":"","background-image":"","background-repeat":"repeat","background-position":"center center","background-size":"auto","background-attachment":"scroll","background-type":"","background-media":"","overlay-type":"","overlay-color":"","overlay-opacity":"","overlay-gradient":""},"mobile":{"background-color":"","background-image":"","background-repeat":"repeat","background-position":"center center","background-size":"auto","background-attachment":"scroll","background-type":"","background-media":"","overlay-type":"","overlay-color":"","overlay-opacity":"","overlay-gradient":""}},"ast-content-background-meta":{"desktop":{"background-color":"var(--ast-global-color-5)","background-image":"","background-repeat":"repeat","background-position":"center center","background-size":"auto","background-attachment":"scroll","background-type":"","background-media":"","overlay-type":"","overlay-color":"","overlay-opacity":"","overlay-gradient":""},"tablet":{"background-color":"var(--ast-global-color-5)","background-image":"","background-repeat":"repeat","background-position":"center center","background-size":"auto","background-attachment":"scroll","background-type":"","background-media":"","overlay-type":"","overlay-color":"","overlay-opacity":"","overlay-gradient":""},"mobile":{"background-color":"var(--ast-global-color-5)","background-image":"","background-repeat":"repeat","background-position":"center center","background-size":"auto","background-attachment":"scroll","background-type":"","background-media":"","overlay-type":"","overlay-color":"","overlay-opacity":"","overlay-gradient":""}},"footnotes":""},"categories":[65,66,68,154,1,29],"tags":[469],"class_list":["post-10345","post","type-post","status-publish","format-standard","has-post-thumbnail","hentry","category-crp","category-dinamitzacio","category-elic","category-formacio","category-general","category-portada","tag-codis-culturals"],"post_mailing_queue_ids":[],"_links":{"self":[{"href":"https:\/\/serveiseducatius.xtec.cat\/osona\/wp-json\/wp\/v2\/posts\/10345","targetHints":{"allow":["GET"]}}],"collection":[{"href":"https:\/\/serveiseducatius.xtec.cat\/osona\/wp-json\/wp\/v2\/posts"}],"about":[{"href":"https:\/\/serveiseducatius.xtec.cat\/osona\/wp-json\/wp\/v2\/types\/post"}],"author":[{"embeddable":true,"href":"https:\/\/serveiseducatius.xtec.cat\/osona\/wp-json\/wp\/v2\/users\/1"}],"replies":[{"embeddable":true,"href":"https:\/\/serveiseducatius.xtec.cat\/osona\/wp-json\/wp\/v2\/comments?post=10345"}],"version-history":[{"count":4,"href":"https:\/\/serveiseducatius.xtec.cat\/osona\/wp-json\/wp\/v2\/posts\/10345\/revisions"}],"predecessor-version":[{"id":12361,"href":"https:\/\/serveiseducatius.xtec.cat\/osona\/wp-json\/wp\/v2\/posts\/10345\/revisions\/12361"}],"wp:featuredmedia":[{"embeddable":true,"href":"https:\/\/serveiseducatius.xtec.cat\/osona\/wp-json\/wp\/v2\/media\/10346"}],"wp:attachment":[{"href":"https:\/\/serveiseducatius.xtec.cat\/osona\/wp-json\/wp\/v2\/media?parent=10345"}],"wp:term":[{"taxonomy":"category","embeddable":true,"href":"https:\/\/serveiseducatius.xtec.cat\/osona\/wp-json\/wp\/v2\/categories?post=10345"},{"taxonomy":"post_tag","embeddable":true,"href":"https:\/\/serveiseducatius.xtec.cat\/osona\/wp-json\/wp\/v2\/tags?post=10345"}],"curies":[{"name":"wp","href":"https:\/\/api.w.org\/{rel}","templated":true}]}}