{"id":10177,"date":"2021-03-15T16:18:45","date_gmt":"2021-03-15T15:18:45","guid":{"rendered":"http:\/\/serveiseducatius.xtec.cat\/osona\/?p=10177"},"modified":"2021-03-15T16:49:55","modified_gmt":"2021-03-15T15:49:55","slug":"alimentacio-i-nutricio-amb-ada-parellada","status":"publish","type":"post","link":"https:\/\/serveiseducatius.xtec.cat\/osona\/general\/alimentacio-i-nutricio-amb-ada-parellada\/","title":{"rendered":"Alimentaci\u00f3 i nutrici\u00f3 amb Ada Parellada"},"content":{"rendered":"<p><img loading=\"lazy\" decoding=\"async\" class=\"size-full wp-image-10178 alignleft\" src=\"https:\/\/serveiseducatius.xtec.cat\/osona\/wp-content\/uploads\/usu1175\/2021\/03\/Parellada.png\" alt=\"\" width=\"210\" height=\"281\" \/><\/p>\n<p>dimarts dia 16 de mar\u00e7 de 2021 a les 6 de la tarda<\/p>\n<p>Videoconfer\u00e8ncia:\u00a0<a style=\"font-family: inherit; font-size: 1em;\" href=\"https:\/\/drive.google.com\/file\/d\/1T1zeyNYUIPo1J71zKNwSTFP19pnPPT1Z\/view?usp=sharing\" target=\"_blank\" rel=\"noopener noreferrer\" data-saferedirecturl=\"https:\/\/www.google.com\/url?q=https:\/\/drive.google.com\/file\/d\/1T1zeyNYUIPo1J71zKNwSTFP19pnPPT1Z\/view?usp%3Dsharing&amp;source=gmail&amp;ust=1615900791724000&amp;usg=AFQjCNFWp-_OypLqSuOJrqMUxYED4jRJyA\">Cartell\u00a0 i enlla\u00e7 al Meet<\/a><\/p>\n<div>En aquest <a href=\"https:\/\/semproniana.net\/ca\/ada-parellada\/\" target=\"_blank\" rel=\"noopener noreferrer\" data-saferedirecturl=\"https:\/\/www.google.com\/url?q=https:\/\/semproniana.net\/ca\/ada-parellada\/&amp;source=gmail&amp;ust=1615900791724000&amp;usg=AFQjCNFFF84PjdnDoFQSmvap4A9gR5E-LA\">\u00a0web\u00a0<\/a>trobareu informaci\u00f3 sobre ella i tamb\u00e9 dels<a href=\"https:\/\/semproniana.net\/ca\/product\/escoles\/\" target=\"_blank\" rel=\"noopener noreferrer\" data-saferedirecturl=\"https:\/\/www.google.com\/url?q=https:\/\/semproniana.net\/ca\/product\/escoles\/&amp;source=gmail&amp;ust=1615900791724000&amp;usg=AFQjCNGZJlaavE2aPgHM0Fg7lDTKAmzFcQ\">\u00a0tallers<\/a> adre\u00e7ats als centres educatius.<\/div>\n<div>A part de la cuina l&#8217;Ada ha fet moltes col\u00b7laboracions en diferents programes de r\u00e0dio, televisi\u00f3 i publicacions sempre relacionades amb la gastronomia on trobem moltes vegades una mirada molt did\u00e0ctica. Justament ara durant la pand\u00e8mia l&#8217;Ada conjuntament amb l&#8217;antrop\u00f2loga Agn\u00e8s Villamor ha fet una exposici\u00f3 al <a href=\"http:\/\/www.museugranollersciencies.org\/ca\/agenda\/exposicio-que-mengem-avui-ada-parellada-agnes-villamor\/\" target=\"_blank\" rel=\"noopener noreferrer\" data-saferedirecturl=\"https:\/\/www.google.com\/url?q=http:\/\/www.museugranollersciencies.org\/ca\/agenda\/exposicio-que-mengem-avui-ada-parellada-agnes-villamor\/&amp;source=gmail&amp;ust=1615900791724000&amp;usg=AFQjCNFio9R7qDfecU1ltJQhXezwqW0H9A\">Museu de Ci\u00e8ncies Naturals de Granollers sota el t\u00edtol Qu\u00e8 mengem avui?<\/a>\u00a0donant una visi\u00f3 molt actual de la nostra gastronomia i quines implicacions t\u00e9 sobre el nostre entorn proper i lluny\u00e0.<\/div>\n<div><\/div>\n<p>&nbsp;<\/p>\n<div>Aprofitem la seva experi\u00e8ncia que ens aportar\u00e0 bones propostes i idees per treballar aquests temes amb els nostres alumnes en un moment en el que molts infants s&#8217;han aficionat a la cuina.<\/div>\n<div><a href=\"https:\/\/meet.google.com\/gbe-thoa-ovy\">Enlla\u00e7 Meet<\/a><\/div>\n<p>&nbsp;<\/p>\n","protected":false},"excerpt":{"rendered":"<p>dimarts dia 16 de mar\u00e7 de 2021 a les 6 de la tarda Videoconfer\u00e8ncia:\u00a0Cartell\u00a0 i enlla\u00e7 al Meet En aquest [&hellip;]<\/p>\n","protected":false},"author":1,"featured_media":10178,"comment_status":"closed","ping_status":"closed","sticky":false,"template":"","format":"standard","meta":{"_bbp_topic_count":0,"_bbp_reply_count":0,"_bbp_total_topic_count":0,"_bbp_total_reply_count":0,"_bbp_voice_count":0,"_bbp_anonymous_reply_count":0,"_bbp_topic_count_hidden":0,"_bbp_reply_count_hidden":0,"_bbp_forum_subforum_count":0,"site-sidebar-layout":"default","site-content-layout":"","ast-site-content-layout":"","site-content-style":"default","site-sidebar-style":"default","ast-global-header-display":"","ast-banner-title-visibility":"","ast-main-header-display":"","ast-hfb-above-header-display":"","ast-hfb-below-header-display":"","ast-hfb-mobile-header-display":"","site-post-title":"","ast-breadcrumbs-content":"","ast-featured-img":"","footer-sml-layout":"","theme-transparent-header-meta":"","adv-header-id-meta":"","stick-header-meta":"","header-above-stick-meta":"","header-main-stick-meta":"","header-below-stick-meta":"","astra-migrate-meta-layouts":"default","ast-page-background-enabled":"default","ast-page-background-meta":{"desktop":{"background-color":"var(--ast-global-color-4)","background-image":"","background-repeat":"repeat","background-position":"center center","background-size":"auto","background-attachment":"scroll","background-type":"","background-media":"","overlay-type":"","overlay-color":"","overlay-opacity":"","overlay-gradient":""},"tablet":{"background-color":"","background-image":"","background-repeat":"repeat","background-position":"center center","background-size":"auto","background-attachment":"scroll","background-type":"","background-media":"","overlay-type":"","overlay-color":"","overlay-opacity":"","overlay-gradient":""},"mobile":{"background-color":"","background-image":"","background-repeat":"repeat","background-position":"center center","background-size":"auto","background-attachment":"scroll","background-type":"","background-media":"","overlay-type":"","overlay-color":"","overlay-opacity":"","overlay-gradient":""}},"ast-content-background-meta":{"desktop":{"background-color":"var(--ast-global-color-5)","background-image":"","background-repeat":"repeat","background-position":"center center","background-size":"auto","background-attachment":"scroll","background-type":"","background-media":"","overlay-type":"","overlay-color":"","overlay-opacity":"","overlay-gradient":""},"tablet":{"background-color":"var(--ast-global-color-5)","background-image":"","background-repeat":"repeat","background-position":"center center","background-size":"auto","background-attachment":"scroll","background-type":"","background-media":"","overlay-type":"","overlay-color":"","overlay-opacity":"","overlay-gradient":""},"mobile":{"background-color":"var(--ast-global-color-5)","background-image":"","background-repeat":"repeat","background-position":"center center","background-size":"auto","background-attachment":"scroll","background-type":"","background-media":"","overlay-type":"","overlay-color":"","overlay-opacity":"","overlay-gradient":""}},"footnotes":""},"categories":[1,153,29],"tags":[467,468,308],"class_list":["post-10177","post","type-post","status-publish","format-standard","has-post-thumbnail","hentry","category-general","category-pfz","category-portada","tag-alimentacio","tag-cuina","tag-nutricio"],"post_mailing_queue_ids":[],"_links":{"self":[{"href":"https:\/\/serveiseducatius.xtec.cat\/osona\/wp-json\/wp\/v2\/posts\/10177","targetHints":{"allow":["GET"]}}],"collection":[{"href":"https:\/\/serveiseducatius.xtec.cat\/osona\/wp-json\/wp\/v2\/posts"}],"about":[{"href":"https:\/\/serveiseducatius.xtec.cat\/osona\/wp-json\/wp\/v2\/types\/post"}],"author":[{"embeddable":true,"href":"https:\/\/serveiseducatius.xtec.cat\/osona\/wp-json\/wp\/v2\/users\/1"}],"replies":[{"embeddable":true,"href":"https:\/\/serveiseducatius.xtec.cat\/osona\/wp-json\/wp\/v2\/comments?post=10177"}],"version-history":[{"count":4,"href":"https:\/\/serveiseducatius.xtec.cat\/osona\/wp-json\/wp\/v2\/posts\/10177\/revisions"}],"predecessor-version":[{"id":10185,"href":"https:\/\/serveiseducatius.xtec.cat\/osona\/wp-json\/wp\/v2\/posts\/10177\/revisions\/10185"}],"wp:featuredmedia":[{"embeddable":true,"href":"https:\/\/serveiseducatius.xtec.cat\/osona\/wp-json\/wp\/v2\/media\/10178"}],"wp:attachment":[{"href":"https:\/\/serveiseducatius.xtec.cat\/osona\/wp-json\/wp\/v2\/media?parent=10177"}],"wp:term":[{"taxonomy":"category","embeddable":true,"href":"https:\/\/serveiseducatius.xtec.cat\/osona\/wp-json\/wp\/v2\/categories?post=10177"},{"taxonomy":"post_tag","embeddable":true,"href":"https:\/\/serveiseducatius.xtec.cat\/osona\/wp-json\/wp\/v2\/tags?post=10177"}],"curies":[{"name":"wp","href":"https:\/\/api.w.org\/{rel}","templated":true}]}}