{"id":10141,"date":"2021-03-05T13:58:10","date_gmt":"2021-03-05T12:58:10","guid":{"rendered":"http:\/\/serveiseducatius.xtec.cat\/osona\/?p=10141"},"modified":"2021-03-08T14:07:09","modified_gmt":"2021-03-08T13:07:09","slug":"trobades-amb-les-ciencies-experimentals","status":"publish","type":"post","link":"https:\/\/serveiseducatius.xtec.cat\/osona\/general\/trobades-amb-les-ciencies-experimentals\/","title":{"rendered":"Trobades amb les Ci\u00e8ncies Experimentals"},"content":{"rendered":"<p><img loading=\"lazy\" decoding=\"async\" class=\"size-thumbnail wp-image-10153 alignleft\" src=\"https:\/\/serveiseducatius.xtec.cat\/osona\/wp-content\/uploads\/usu1175\/2021\/03\/Laculla-2-150x150.png\" alt=\"\" width=\"150\" height=\"150\" \/><\/p>\n<p><strong>curs 2020-21<\/strong><br \/>\nUn any m\u00e9s us animem a participar en les Trobades amb les Ci\u00e8ncies Experimentals que organitza el <strong>Camp d\u2019Aprenentatge del Bages<\/strong>, aquest any amb la col\u00b7laboraci\u00f3 del Geoparc de la Catalunya Central i la UPC de Manresa.<\/p>\n<p>Dates: <strong>15 i 22 de mar\u00e7 del 2021<\/strong><br \/>\nHorari: <strong>de 18h a 19h<\/strong><\/p>\n<p>Lloc: Trobada on line mitjan\u00e7ant el meet. Un cop feta la inscripci\u00f3, enviarem l\u2019enlla\u00e7.<br \/>\nNivell: Cicle superior de prim\u00e0ria, ESO i batxillerat (en funci\u00f3 del dia)<\/p>\n<p>Inscripci\u00f3 gratu\u00efta<br \/>\n<a href=\"https:\/\/docs.google.com\/forms\/d\/e\/1FAIpQLSf1yJSo44qnX7W4-m9fwB7Xay_qkmdUElNYJV_WDGV7eijHlA\/viewform\">Enlla\u00e7 d&#8217;inscripci\u00f3<\/a><\/p>\n<p>Aquest any, aprofitant que la Culla forma part del Geoparc de la Catalunya Central, les Trobades estaran destinades a <span style=\"text-decoration: underline;\">presentar diferents recursos educatius de geologia<\/span><br \/>\nDonada la situaci\u00f3 actual es faran 2 sessions virtuals amb el google meet de 18h a 19h, i es presentaran els seg\u00fcents recursos:<\/p>\n<p><strong>Dia 15-3-2021 Taller Racons geol\u00f2gics<\/strong><br \/>\nA c\u00e0rrec de l\u2019equip del Camp d\u2019Aprenentatge del BagesNivell: Cicle superior de prim\u00e0ria i primer cicle d\u2019ESO<br \/>\nEs donar\u00e0 a con\u00e8ixer el nou taller de racons geol\u00f2gics elaborat amb perspectiva STEAM.<br \/>\nEls quatre racons en qu\u00e8 consisteix l\u2019activitat, planificada per realitzar durant un mat\u00ed, s\u00f3n:<br \/>\n&#8211; Rac\u00f3 1. <strong>Remena i classifica<\/strong>: rac\u00f3 manipulatiu on classificar diferents elements.<br \/>\n&#8211; Rac\u00f3 2. <strong>Investiga qui soc<\/strong>: rac\u00f3 manipulatiu on identificar elements geol\u00f2gics.<br \/>\n&#8211; Rac\u00f3 3. <strong>Art geol\u00f2gic<\/strong>: rac\u00f3 art\u00edstic on preparar colors amb diferents minerals.<br \/>\n&#8211; Rac\u00f3 4. <strong>\u00c9s \u00fatil, per\u00f2 \u00e9s just?<\/strong> rac\u00f3 de reflexi\u00f3 sobre les conseq\u00fc\u00e8ncies de consumir objectes d\u2019origen geol\u00f2gic.<\/p>\n<p><strong>Dia 22-3-2021 La caixa de sorra com a recurs did\u00e0ctic en les Ci\u00e8ncies de la Terra<\/strong><br \/>\nA c\u00e0rrec del David Parcerisa, doctor en geologia i professor de la UPC Manresa<br \/>\nNivell: Cicle superior de prim\u00e0ria, ESO i batxillerat.<br \/>\nEn aquest taller es mostrar\u00e0 el funcionament b\u00e0sic d&#8217;una caixa de sorra (<a href=\"https:\/\/youtu.be\/bA4uvkAStPc\" target=\"_blank\" rel=\"noopener noreferrer\"><strong>Augmented Reality Sandbox<\/strong><\/a> en angl\u00e8s) i diverses idees per adquirir coneixements en l&#8217;\u00e0mbit de les Ci\u00e8ncies de la Terra d&#8217;una forma activa i divertida.<br \/>\nAquesta eina permet treballar conceptes com ara els mapes topogr\u00e0fics i geol\u00f2gics, les corbes de nivell, la hipsometria, els processos geol\u00f2gics externs, la din\u00e0mica fluvial i l&#8217;evoluci\u00f3 geol\u00f2gica de la Catalunya central.<\/p>\n","protected":false},"excerpt":{"rendered":"<p>Un any m\u00e9s us animem a participar en les Trobades amb les Ci\u00e8ncies Experimentals que organitza el Camp d\u2019Aprenentatge del Bages, aquest any amb la col\u00b7laboraci\u00f3 del Geoparc de la Catalunya Central i la UPC de Manresa.<\/p>\n","protected":false},"author":1,"featured_media":10153,"comment_status":"closed","ping_status":"closed","sticky":false,"template":"","format":"standard","meta":{"_bbp_topic_count":0,"_bbp_reply_count":0,"_bbp_total_topic_count":0,"_bbp_total_reply_count":0,"_bbp_voice_count":0,"_bbp_anonymous_reply_count":0,"_bbp_topic_count_hidden":0,"_bbp_reply_count_hidden":0,"_bbp_forum_subforum_count":0,"site-sidebar-layout":"default","site-content-layout":"","ast-site-content-layout":"","site-content-style":"default","site-sidebar-style":"default","ast-global-header-display":"","ast-banner-title-visibility":"","ast-main-header-display":"","ast-hfb-above-header-display":"","ast-hfb-below-header-display":"","ast-hfb-mobile-header-display":"","site-post-title":"","ast-breadcrumbs-content":"","ast-featured-img":"","footer-sml-layout":"","theme-transparent-header-meta":"","adv-header-id-meta":"","stick-header-meta":"","header-above-stick-meta":"","header-main-stick-meta":"","header-below-stick-meta":"","astra-migrate-meta-layouts":"default","ast-page-background-enabled":"default","ast-page-background-meta":{"desktop":{"background-color":"var(--ast-global-color-4)","background-image":"","background-repeat":"repeat","background-position":"center center","background-size":"auto","background-attachment":"scroll","background-type":"","background-media":"","overlay-type":"","overlay-color":"","overlay-opacity":"","overlay-gradient":""},"tablet":{"background-color":"","background-image":"","background-repeat":"repeat","background-position":"center center","background-size":"auto","background-attachment":"scroll","background-type":"","background-media":"","overlay-type":"","overlay-color":"","overlay-opacity":"","overlay-gradient":""},"mobile":{"background-color":"","background-image":"","background-repeat":"repeat","background-position":"center center","background-size":"auto","background-attachment":"scroll","background-type":"","background-media":"","overlay-type":"","overlay-color":"","overlay-opacity":"","overlay-gradient":""}},"ast-content-background-meta":{"desktop":{"background-color":"var(--ast-global-color-5)","background-image":"","background-repeat":"repeat","background-position":"center center","background-size":"auto","background-attachment":"scroll","background-type":"","background-media":"","overlay-type":"","overlay-color":"","overlay-opacity":"","overlay-gradient":""},"tablet":{"background-color":"var(--ast-global-color-5)","background-image":"","background-repeat":"repeat","background-position":"center center","background-size":"auto","background-attachment":"scroll","background-type":"","background-media":"","overlay-type":"","overlay-color":"","overlay-opacity":"","overlay-gradient":""},"mobile":{"background-color":"var(--ast-global-color-5)","background-image":"","background-repeat":"repeat","background-position":"center center","background-size":"auto","background-attachment":"scroll","background-type":"","background-media":"","overlay-type":"","overlay-color":"","overlay-opacity":"","overlay-gradient":""}},"footnotes":""},"categories":[1,235,29,76,333],"tags":[465,347,412],"class_list":["post-10141","post","type-post","status-publish","format-standard","has-post-thumbnail","hentry","category-general","category-formacio_ins","category-portada","category-recursos","category-recursos-del-territori","tag-camp-daprenentage","tag-geologia","tag-recursos"],"post_mailing_queue_ids":[],"_links":{"self":[{"href":"https:\/\/serveiseducatius.xtec.cat\/osona\/wp-json\/wp\/v2\/posts\/10141","targetHints":{"allow":["GET"]}}],"collection":[{"href":"https:\/\/serveiseducatius.xtec.cat\/osona\/wp-json\/wp\/v2\/posts"}],"about":[{"href":"https:\/\/serveiseducatius.xtec.cat\/osona\/wp-json\/wp\/v2\/types\/post"}],"author":[{"embeddable":true,"href":"https:\/\/serveiseducatius.xtec.cat\/osona\/wp-json\/wp\/v2\/users\/1"}],"replies":[{"embeddable":true,"href":"https:\/\/serveiseducatius.xtec.cat\/osona\/wp-json\/wp\/v2\/comments?post=10141"}],"version-history":[{"count":2,"href":"https:\/\/serveiseducatius.xtec.cat\/osona\/wp-json\/wp\/v2\/posts\/10141\/revisions"}],"predecessor-version":[{"id":10155,"href":"https:\/\/serveiseducatius.xtec.cat\/osona\/wp-json\/wp\/v2\/posts\/10141\/revisions\/10155"}],"wp:featuredmedia":[{"embeddable":true,"href":"https:\/\/serveiseducatius.xtec.cat\/osona\/wp-json\/wp\/v2\/media\/10153"}],"wp:attachment":[{"href":"https:\/\/serveiseducatius.xtec.cat\/osona\/wp-json\/wp\/v2\/media?parent=10141"}],"wp:term":[{"taxonomy":"category","embeddable":true,"href":"https:\/\/serveiseducatius.xtec.cat\/osona\/wp-json\/wp\/v2\/categories?post=10141"},{"taxonomy":"post_tag","embeddable":true,"href":"https:\/\/serveiseducatius.xtec.cat\/osona\/wp-json\/wp\/v2\/tags?post=10141"}],"curies":[{"name":"wp","href":"https:\/\/api.w.org\/{rel}","templated":true}]}}