{"id":75,"count":2,"description":"<header class=\"entry-header\">\r\n<h1 class=\"entry-title\">Pla educatiu d\u2019entorn (PEE)<\/h1>\r\n<\/header>\r\n<div class=\"entry-content\">\r\n\r\nEl Pla educatiu d\u2019entorn \u00e9s un instrument que dona una resposta integrada i comunit\u00e0ria a les necessitats educatives del alumnes m\u00e9s enll\u00e0 de l\u2019\u00e0mbit acad\u00e8mic. Es tracta de construir una xarxa estable de suport a la comunitat educativa, que permeti un treball formatiu fora de l\u2019entorn escolar amb la col\u00b7laboraci\u00f3 dels diferents serveis i recursos municipals i tamb\u00e9 de les altres institucions i entitats dels \u00e0mbits social, cultural i esportiu.\r\n\r\nPlans d'entorn a la comarca d'Osona\r\n\r\n<a href=\"https:\/\/www.vic.cat\/serveis\/educacio\/educacio\/regidoria-deducacio-1\/projectes\/copy_of_pla-educatiu-dentorn-1\">Vic<\/a>\r\n\r\n<a href=\"https:\/\/www.manlleu.cat\/educacio\/ca\/pla-educatiu-d-entorn\">Manlleu<\/a>\r\n\r\n<a href=\"https:\/\/www.rodadeter.cat\/el-municipi\/213-educacio\/pla-educatiu-dentorn\">Roda de Ter<\/a>\r\n\r\nTorell\u00f3\r\n\r\n<a href=\"https:\/\/www.lesmasiesdevoltrega.cat\/ajuntament\/plans-campanyes-i-programes\/pla-educatiu-dentorn-del-voltreganes.html\">Voltregan\u00e8s<\/a>\r\n\r\n&nbsp;\r\n\r\n<\/div>","link":"https:\/\/serveiseducatius.xtec.cat\/osona\/categoria\/pee\/","name":"Pla educatiu d'entorn","slug":"pee","taxonomy":"category","parent":0,"meta":[],"_links":{"self":[{"href":"https:\/\/serveiseducatius.xtec.cat\/osona\/wp-json\/wp\/v2\/categories\/75","targetHints":{"allow":["GET"]}}],"collection":[{"href":"https:\/\/serveiseducatius.xtec.cat\/osona\/wp-json\/wp\/v2\/categories"}],"about":[{"href":"https:\/\/serveiseducatius.xtec.cat\/osona\/wp-json\/wp\/v2\/taxonomies\/category"}],"wp:post_type":[{"href":"https:\/\/serveiseducatius.xtec.cat\/osona\/wp-json\/wp\/v2\/posts?categories=75"}],"curies":[{"name":"wp","href":"https:\/\/api.w.org\/{rel}","templated":true}]}}