{"id":8928,"date":"2026-09-04T12:33:13","date_gmt":"2026-09-04T10:33:13","guid":{"rendered":"https:\/\/serveiseducatius.xtec.cat\/noubarris\/?p=8928"},"modified":"2026-09-04T13:15:20","modified_gmt":"2026-09-04T11:15:20","slug":"pla-de-formacio-de-zona-2026-27","status":"publish","type":"post","link":"https:\/\/serveiseducatius.xtec.cat\/noubarris\/portada\/pla-de-formacio-de-zona-2026-27\/","title":{"rendered":"Pla de Formaci\u00f3 de Zona: 2026\/27"},"content":{"rendered":"\n<figure class=\"wp-block-image aligncenter size-full is-resized\"><a href=\"https:\/\/serveiseducatius.xtec.cat\/noubarris\/wp-content\/uploads\/usu786\/2026\/06\/pfz.jpg\"><img loading=\"lazy\" decoding=\"async\" width=\"258\" height=\"195\" src=\"https:\/\/serveiseducatius.xtec.cat\/noubarris\/wp-content\/uploads\/usu786\/2026\/06\/pfz.jpg\" alt=\"\" class=\"wp-image-8815\" style=\"width:144px;height:auto\"\/><\/a><\/figure>\n\n\n\n<p>El Departament d\u2019Ensenyament ha establert un conjunt de l\u00ednies de formaci\u00f3 permanent per donar resposta a les necessitats de formaci\u00f3 permanent dels centres educatius i dels docents de Catalunya. <strong>El Pla de Formaci\u00f3 de Zona (PFZ) de Nou Barris<\/strong> \u00e9s la planificaci\u00f3 a nivell de districte de la formaci\u00f3 permanent del professorat, la qual incorpora les activitats de formaci\u00f3 en centre i altres activitats adre\u00e7ades a tot el professorat dels centres del Districte de Nou Barris. El professorat hi participa a trav\u00e9s del proc\u00e9s de detecci\u00f3 de necessitats (demandes formatives) i mitjan\u00e7ant la seva representaci\u00f3 en la comissi\u00f3 del PFZ de Nou Barris.<\/p>\n\n\n\n<h5 class=\"wp-block-heading\"><strong>Calendari del Pla de Formaci\u00f3 de Zona 2026-27:<\/strong><\/h5>\n\n\n\n<figure class=\"wp-block-table\"><table class=\"has-fixed-layout\"><tbody><tr><td><strong>Per\u00edodes d\u2019inscripci\u00f3&nbsp;<\/strong><\/td><td><strong>Sol\u00b7licitud de pla\u00e7a<\/strong><\/td><td><strong>Consulta d\u2019adjudicacions<\/strong><\/td><td><strong>Inici de les activitats<\/strong><\/td><\/tr><tr><td>Primer torn<\/td><td>del 4 al 20 de setembre<\/td><td>&nbsp;6 d\u2019octubre&nbsp;<\/td><td>a partir del 13 d\u2019octubre<\/td><\/tr><tr><td>Segon torn&nbsp;<\/td><td>del 7 al 15 de gener<\/td><td>&nbsp;29 de gener<\/td><td>a partir del 5&nbsp; de febrer<\/td><\/tr><tr><td>Torn d\u2019estiu<\/td><td>del 13 al 27 de maig<\/td><td>15 de juny<\/td><td>A partir de l\u20191 de juliol<\/td><\/tr><\/tbody><\/table><\/figure>\n\n\n\n<h5 class=\"wp-block-heading\"><strong>Pla de Formaci\u00f3 de Zona. Curs 2026-2027<\/strong>:&nbsp;<a href=\"https:\/\/serveiseducatius.xtec.cat\/noubarris\/formacio\/pla-de-formacio-de-zona-pfz-26-27-%f0%9f%93%9d\/oferta-dactivitats-de-zona\/\" data-type=\"page\" data-id=\"8914\">Enlla\u00e7&nbsp;<\/a>a les activitats formatives<\/h5>\n","protected":false},"excerpt":{"rendered":"<p>El Departament d\u2019Ensenyament ha establert un conjunt de l\u00ednies de formaci\u00f3 permanent per donar resposta a les necessitats de formaci\u00f3 permanent dels centres educatius i dels docents de Catalunya. El Pla de Formaci\u00f3 de Zona (PFZ) de Nou Barris \u00e9s la planificaci\u00f3 a nivell de districte de la formaci\u00f3 permanent del professorat, la qual incorpora [&hellip;]<\/p>\n","protected":false},"author":1,"featured_media":0,"comment_status":"open","ping_status":"open","sticky":true,"template":"","format":"standard","meta":{"_bbp_topic_count":0,"_bbp_reply_count":0,"_bbp_total_topic_count":0,"_bbp_total_reply_count":0,"_bbp_voice_count":0,"_bbp_anonymous_reply_count":0,"_bbp_topic_count_hidden":0,"_bbp_reply_count_hidden":0,"_bbp_forum_subforum_count":0,"site-sidebar-layout":"default","site-content-layout":"","ast-site-content-layout":"default","site-content-style":"default","site-sidebar-style":"default","ast-global-header-display":"","ast-banner-title-visibility":"","ast-main-header-display":"","ast-hfb-above-header-display":"","ast-hfb-below-header-display":"","ast-hfb-mobile-header-display":"","site-post-title":"","ast-breadcrumbs-content":"","ast-featured-img":"","footer-sml-layout":"","theme-transparent-header-meta":"","adv-header-id-meta":"","stick-header-meta":"","header-above-stick-meta":"","header-main-stick-meta":"","header-below-stick-meta":"","astra-migrate-meta-layouts":"set","ast-page-background-enabled":"default","ast-page-background-meta":{"desktop":{"background-color":"var(--ast-global-color-4)","background-image":"","background-repeat":"repeat","background-position":"center center","background-size":"auto","background-attachment":"scroll","background-type":"","background-media":"","overlay-type":"","overlay-color":"","overlay-opacity":"","overlay-gradient":""},"tablet":{"background-color":"","background-image":"","background-repeat":"repeat","background-position":"center center","background-size":"auto","background-attachment":"scroll","background-type":"","background-media":"","overlay-type":"","overlay-color":"","overlay-opacity":"","overlay-gradient":""},"mobile":{"background-color":"","background-image":"","background-repeat":"repeat","background-position":"center center","background-size":"auto","background-attachment":"scroll","background-type":"","background-media":"","overlay-type":"","overlay-color":"","overlay-opacity":"","overlay-gradient":""}},"ast-content-background-meta":{"desktop":{"background-color":"var(--ast-global-color-5)","background-image":"","background-repeat":"repeat","background-position":"center center","background-size":"auto","background-attachment":"scroll","background-type":"","background-media":"","overlay-type":"","overlay-color":"","overlay-opacity":"","overlay-gradient":""},"tablet":{"background-color":"var(--ast-global-color-5)","background-image":"","background-repeat":"repeat","background-position":"center center","background-size":"auto","background-attachment":"scroll","background-type":"","background-media":"","overlay-type":"","overlay-color":"","overlay-opacity":"","overlay-gradient":""},"mobile":{"background-color":"var(--ast-global-color-5)","background-image":"","background-repeat":"repeat","background-position":"center center","background-size":"auto","background-attachment":"scroll","background-type":"","background-media":"","overlay-type":"","overlay-color":"","overlay-opacity":"","overlay-gradient":""}},"footnotes":""},"categories":[29],"tags":[],"class_list":["post-8928","post","type-post","status-publish","format-standard","hentry","category-portada"],"post_mailing_queue_ids":[],"_links":{"self":[{"href":"https:\/\/serveiseducatius.xtec.cat\/noubarris\/wp-json\/wp\/v2\/posts\/8928","targetHints":{"allow":["GET"]}}],"collection":[{"href":"https:\/\/serveiseducatius.xtec.cat\/noubarris\/wp-json\/wp\/v2\/posts"}],"about":[{"href":"https:\/\/serveiseducatius.xtec.cat\/noubarris\/wp-json\/wp\/v2\/types\/post"}],"author":[{"embeddable":true,"href":"https:\/\/serveiseducatius.xtec.cat\/noubarris\/wp-json\/wp\/v2\/users\/1"}],"replies":[{"embeddable":true,"href":"https:\/\/serveiseducatius.xtec.cat\/noubarris\/wp-json\/wp\/v2\/comments?post=8928"}],"version-history":[{"count":4,"href":"https:\/\/serveiseducatius.xtec.cat\/noubarris\/wp-json\/wp\/v2\/posts\/8928\/revisions"}],"predecessor-version":[{"id":8938,"href":"https:\/\/serveiseducatius.xtec.cat\/noubarris\/wp-json\/wp\/v2\/posts\/8928\/revisions\/8938"}],"wp:attachment":[{"href":"https:\/\/serveiseducatius.xtec.cat\/noubarris\/wp-json\/wp\/v2\/media?parent=8928"}],"wp:term":[{"taxonomy":"category","embeddable":true,"href":"https:\/\/serveiseducatius.xtec.cat\/noubarris\/wp-json\/wp\/v2\/categories?post=8928"},{"taxonomy":"post_tag","embeddable":true,"href":"https:\/\/serveiseducatius.xtec.cat\/noubarris\/wp-json\/wp\/v2\/tags?post=8928"}],"curies":[{"name":"wp","href":"https:\/\/api.w.org\/{rel}","templated":true}]}}